{"id":11802,"date":"2022-04-09T12:33:44","date_gmt":"2022-04-09T10:33:44","guid":{"rendered":"https:\/\/hosteleo.com\/blog\/?p=11802"},"modified":"2022-04-09T12:33:46","modified_gmt":"2022-04-09T10:33:46","slug":"nuevo-aviso-del-sepe-no-se-adelantara-el-pago-de-las-prestaciones-y-erte","status":"publish","type":"post","link":"https:\/\/hosteleo.com\/blog\/nuevo-aviso-del-sepe-no-se-adelantara-el-pago-de-las-prestaciones-y-erte\/","title":{"rendered":"Nuevo aviso del SEPE: no se adelantar\u00e1 el pago de las prestaciones y ERTE"},"content":{"rendered":"\n<p>En Espa\u00f1a, a pesar de haberse producido un descenso en el n\u00famero de personas en situaci\u00f3n de desempleo, continuamos <strong>superando<\/strong> <strong>los 3 millones de parados, adem\u00e1s de muchos otros trabajadores que siguen en situaci\u00f3n de ERTE. <\/strong>Gran parte de los trabajadores que se encuentran en este estado, necesitan cobrar prestaciones y subsidios para poder cubrir sus necesidades. Por lo general, estas ayudas corren a cargo del Servicio P\u00fablico de Empleo Estatal. En estos d\u00edas, <strong>el SEPE se ha pronunciado y ha dado un nuevo aviso conforme no se adelantar\u00e1 el pago de las prestaciones y los ERTE a partir de mayor.<\/strong><\/p>\n\n\n\n<h2 class=\"wp-block-heading\">Cu\u00e1ndo se cobrar\u00e1n estas ayudas a partir de mayo<\/h2>\n\n\n\n<p>Con el estado de alarma y la pandemia por Covid-19, <strong>el Servicio P\u00fablico de Empleo Estatal hab\u00eda llegado a un acuerdo con la gran mayor\u00eda de las entidades bancarias <\/strong>gracias a AEB, CECA y Unacc, para <strong>adelantar el pago de estas ayudas a la primera semana del mes.<\/strong> Por lo tanto, hasta ahora, la gente percib\u00eda el cobro entre los d\u00edas 3 y 5 de cada mes. <strong>En abril, se produjo un retraso en el pago de las prestaciones debido a un error inform\u00e1tico.<\/strong><\/p>\n\n\n\n<p>Con el avance en la vuelta a la normalidad, el SEPE realiza un nuevo aviso informando que no se adelantar\u00e1 el pago de las prestaciones por desempleo y ERTE. <strong>A partir del pr\u00f3ximo mes de mayo y como marca la ley,<\/strong> las personas solicitantes de estas ayudas, <strong>no recibir\u00e1n los subsidios hasta el d\u00eda 10 de cada mes.<\/strong> Adem\u00e1s de esto, muchas entidades bancarias tambi\u00e9n han informado que las <strong>pensiones se percibir\u00e1n a partir del d\u00eda 6,<\/strong> siendo esta una nueva fecha de cobro.<\/p>\n\n\n\n<h2 class=\"wp-block-heading\">C\u00f3mo solicitar la prestaci\u00f3n por desempleo<\/h2>\n\n\n\n<p>Muchas de las personas que se encuentran en situaci\u00f3n de desempleo, necesitan solicitar esta prestaci\u00f3n y no saben como hacerlo. A continuaci\u00f3n, <strong>te explicaremos las 3 v\u00edas existentes para solicitar el paro:<\/strong><\/p>\n\n\n\n<ul class=\"wp-block-list\"><li><strong>De forma presencial.<\/strong> Acudiendo a las <strong>oficinas del Servicio P\u00fablico de Empleo Estatal.<\/strong> Para realizarlo a trav\u00e9s de este m\u00e9todo, <strong>es necesario solicitar cita previa<\/strong> en la sede electr\u00f3nica del SEPE o por tel\u00e9fono.<\/li><li>V\u00eda <strong>telem\u00e1tica<\/strong>. Si dispones de <strong>certificado digital, Cl@ve o DNI electr\u00f3nico, <\/strong>puedes identificarte a trav\u00e9s de estos m\u00e9todos en la <strong>sede electr\u00f3nica del SEPE.<\/strong><\/li><li>Por <strong>Internet<\/strong>. Rellenando el <strong><a href=\"https:\/\/sede.sepe.gob.es\/portalSede\/procedimientos-y-servicios\/personas\/proteccion-por-desempleo\/FORMULARIO-PARA-REALIZAR-UNA-PRE-SOLICITUD-DE-PRESTACION-INDIVIDUAL-DE-PRESTACION-POR-DESEMPLEO-DURANTE-MEDIDAS-COVID-19.html\">formulario de presolicitud de prestaciones,<\/a> <\/strong>disponible en la p\u00e1gina web del SEPE.<\/li><\/ul>\n\n\n\n<figure class=\"wp-block-image size-large\"><img loading=\"lazy\" decoding=\"async\" width=\"1024\" height=\"526\" src=\"https:\/\/hosteleo.com\/blog\/wp-content\/uploads\/2022\/03\/Screenshot_20220330-1336302-1024x526.png\" alt=\"Nuevo aviso del SEPE: no se adelantar\u00e1 el pago de las prestaciones y ERTE\" class=\"wp-image-11569\" srcset=\"https:\/\/hosteleo.com\/blog\/wp-content\/uploads\/2022\/03\/Screenshot_20220330-1336302-1024x526.png 1024w, https:\/\/hosteleo.com\/blog\/wp-content\/uploads\/2022\/03\/Screenshot_20220330-1336302-300x154.png 300w, https:\/\/hosteleo.com\/blog\/wp-content\/uploads\/2022\/03\/Screenshot_20220330-1336302-768x395.png 768w, https:\/\/hosteleo.com\/blog\/wp-content\/uploads\/2022\/03\/Screenshot_20220330-1336302-1536x790.png 1536w, https:\/\/hosteleo.com\/blog\/wp-content\/uploads\/2022\/03\/Screenshot_20220330-1336302-810x416.png 810w, https:\/\/hosteleo.com\/blog\/wp-content\/uploads\/2022\/03\/Screenshot_20220330-1336302-1140x586.png 1140w, https:\/\/hosteleo.com\/blog\/wp-content\/uploads\/2022\/03\/Screenshot_20220330-1336302.png 1920w\" sizes=\"auto, (max-width: 1024px) 100vw, 1024px\" \/><figcaption>Nuevo aviso del SEPE: no se adelantar\u00e1 el pago de las prestaciones y ERTE<\/figcaption><\/figure>\n\n\n\n<h2 class=\"wp-block-heading\">M\u00e1s noticias sobre prestaciones:<\/h2>\n\n\n\n<ul class=\"wp-block-list\"><li><a href=\"https:\/\/hosteleo.com\/blog\/los-subsidios-para-trabajadores-con-contrato-fijo-discontinuo\/\">Los subsidios para trabajadores con contrato fijo-discontinuo<\/a><\/li><li><a href=\"https:\/\/hosteleo.com\/blog\/entran-en-vigor-los-nuevos-contratos-de-la-reforma-laboral\/\">Entran<\/a> <a href=\"https:\/\/hosteleo.com\/blog\/entran-en-vigor-los-nuevos-contratos-de-la-reforma-laboral\/\">en vigor los nuevos contratos de la reforma laboral<\/a><\/li><li><a href=\"https:\/\/hosteleo.com\/blog\/servicio-publico-de-empleo-estatal-que-dia-se-cobrara-el-paro-en-abril-de-2022\/\">Servicio<\/a> <a href=\"https:\/\/hosteleo.com\/blog\/servicio-publico-de-empleo-estatal-que-dia-se-cobrara-el-paro-en-abril-de-2022\/\">P\u00fablico de Empleo Estatal: qu\u00e9 d\u00eda se cobrar\u00e1 el paro en abril de 2022<\/a><\/li><\/ul>\n","protected":false},"excerpt":{"rendered":"<p>En Espa\u00f1a, a pesar de haberse producido un descenso en el n\u00famero de personas en situaci\u00f3n de desempleo, continuamos superando los 3 millones de parados, adem\u00e1s de muchos otros trabajadores que siguen en situaci\u00f3n de ERTE. Gran parte de los trabajadores que se encuentran en este estado, necesitan cobrar prestaciones y subsidios para poder cubrir [&hellip;]<\/p>\n","protected":false},"author":8,"featured_media":7865,"comment_status":"open","ping_status":"open","sticky":false,"template":"","format":"standard","meta":{"_exactmetrics_skip_tracking":false,"_exactmetrics_sitenote_active":false,"_exactmetrics_sitenote_note":"","_exactmetrics_sitenote_category":0,"footnotes":""},"categories":[944],"tags":[220,2754,1181,2414,449,2766,2453,2772,2769,506,2763,538,2775,493,2757,588,2046,1175,2760,719,1081,1325,448,1006,1003,2438],"class_list":["post-11802","post","type-post","status-publish","format-standard","has-post-thumbnail","hentry","category-ayudas-y-prestaciones","tag-ayuda","tag-ayuda-erte","tag-ayuda-por-desempleo","tag-ayudas-sepe","tag-desempleo","tag-entidades-bancarias","tag-erte-2022","tag-pago-ayuda-desempleo","tag-pago-ayuda-erte","tag-pago-de-prestacion","tag-pago-de-prestacion-por-desempleo","tag-pago-erte","tag-pago-paro","tag-paro","tag-paro-mayo","tag-prestacion-2","tag-prestacion-erte","tag-prestacion-por-desempleo","tag-prestacion-por-desempleo-mayo","tag-prestaciones-sepe","tag-sede-electronica","tag-sede-electronica-sepe","tag-sepe","tag-subsidio","tag-subsidio-por-desempleo","tag-subsidios-sepe"],"yoast_head":"<!-- This site is optimized with the Yoast SEO plugin v27.5 - https:\/\/yoast.com\/product\/yoast-seo-wordpress\/ -->\n<title>Nuevo aviso del SEPE: no se adelantar\u00e1 el pago de las prestaciones y ERTE - Blog de Empleo en Hosteler\u00eda y Turismo - Hosteleo<\/title>\n<meta name=\"description\" content=\"Nuevo aviso del SEPE: no se adelantar\u00e1 el pago de las prestaciones y ERTE. Inf\u00f3rmate que d\u00eda se cobrar\u00e1 y c\u00f3mo se solicita.\" \/>\n<meta name=\"robots\" content=\"index, follow, max-snippet:-1, max-image-preview:large, max-video-preview:-1\" \/>\n<link rel=\"canonical\" href=\"https:\/\/hosteleo.com\/blog\/nuevo-aviso-del-sepe-no-se-adelantara-el-pago-de-las-prestaciones-y-erte\/\" \/>\n<meta property=\"og:locale\" content=\"es_ES\" \/>\n<meta property=\"og:type\" content=\"article\" \/>\n<meta property=\"og:title\" content=\"Nuevo aviso del SEPE: no se adelantar\u00e1 el pago de las prestaciones y ERTE - Blog de Empleo en Hosteler\u00eda y Turismo - Hosteleo\" \/>\n<meta property=\"og:description\" content=\"Nuevo aviso del SEPE: no se adelantar\u00e1 el pago de las prestaciones y ERTE. Inf\u00f3rmate que d\u00eda se cobrar\u00e1 y c\u00f3mo se solicita.\" \/>\n<meta property=\"og:url\" content=\"https:\/\/hosteleo.com\/blog\/nuevo-aviso-del-sepe-no-se-adelantara-el-pago-de-las-prestaciones-y-erte\/\" \/>\n<meta property=\"og:site_name\" content=\"Blog de Empleo en Hosteler\u00eda y Turismo - Hosteleo\" \/>\n<meta property=\"article:publisher\" content=\"https:\/\/www.facebook.com\/hosteleo\" \/>\n<meta property=\"article:published_time\" content=\"2022-04-09T10:33:44+00:00\" \/>\n<meta property=\"article:modified_time\" content=\"2022-04-09T10:33:46+00:00\" \/>\n<meta property=\"og:image\" content=\"https:\/\/hosteleo.com\/blog\/wp-content\/uploads\/2021\/10\/sepelogo-1-1024x768-1.jpg\" \/>\n\t<meta property=\"og:image:width\" content=\"1024\" \/>\n\t<meta property=\"og:image:height\" content=\"768\" \/>\n\t<meta property=\"og:image:type\" content=\"image\/jpeg\" \/>\n<meta name=\"author\" content=\"Lucia Mendez\" \/>\n<meta name=\"twitter:card\" content=\"summary_large_image\" \/>\n<meta name=\"twitter:creator\" content=\"@hosteleo\" \/>\n<meta name=\"twitter:site\" content=\"@hosteleo\" \/>\n<meta name=\"twitter:label1\" content=\"Escrito por\" \/>\n\t<meta name=\"twitter:data1\" content=\"Lucia Mendez\" \/>\n\t<meta name=\"twitter:label2\" content=\"Tiempo de lectura\" \/>\n\t<meta name=\"twitter:data2\" content=\"3 minutos\" \/>\n<script type=\"application\/ld+json\" class=\"yoast-schema-graph\">{\"@context\":\"https:\\\/\\\/schema.org\",\"@graph\":[{\"@type\":\"Article\",\"@id\":\"https:\\\/\\\/hosteleo.com\\\/blog\\\/nuevo-aviso-del-sepe-no-se-adelantara-el-pago-de-las-prestaciones-y-erte\\\/#article\",\"isPartOf\":{\"@id\":\"https:\\\/\\\/hosteleo.com\\\/blog\\\/nuevo-aviso-del-sepe-no-se-adelantara-el-pago-de-las-prestaciones-y-erte\\\/\"},\"author\":{\"name\":\"Lucia Mendez\",\"@id\":\"https:\\\/\\\/hosteleo.com\\\/blog\\\/#\\\/schema\\\/person\\\/79ebcc3f4d55b944b967a365a656f908\"},\"headline\":\"Nuevo aviso del SEPE: no se adelantar\u00e1 el pago de las prestaciones y ERTE\",\"datePublished\":\"2022-04-09T10:33:44+00:00\",\"dateModified\":\"2022-04-09T10:33:46+00:00\",\"mainEntityOfPage\":{\"@id\":\"https:\\\/\\\/hosteleo.com\\\/blog\\\/nuevo-aviso-del-sepe-no-se-adelantara-el-pago-de-las-prestaciones-y-erte\\\/\"},\"wordCount\":491,\"commentCount\":2,\"publisher\":{\"@id\":\"https:\\\/\\\/hosteleo.com\\\/blog\\\/#organization\"},\"image\":{\"@id\":\"https:\\\/\\\/hosteleo.com\\\/blog\\\/nuevo-aviso-del-sepe-no-se-adelantara-el-pago-de-las-prestaciones-y-erte\\\/#primaryimage\"},\"thumbnailUrl\":\"https:\\\/\\\/hosteleo.com\\\/blog\\\/wp-content\\\/uploads\\\/2021\\\/10\\\/sepelogo-1-1024x768-1.jpg\",\"keywords\":[\"ayuda\",\"Ayuda erte\",\"Ayuda por desempleo\",\"Ayudas sepe\",\"desempleo\",\"Entidades bancarias\",\"Erte 2022\",\"Pago ayuda desempleo\",\"Pago ayuda erte\",\"pago de prestacion\",\"Pago de prestacion por desempleo\",\"pago ERTE\",\"Pago paro\",\"paro\",\"Paro mayo\",\"prestacion\",\"prestacion erte\",\"Prestacion por desempleo\",\"Prestacion por desempleo mayo\",\"prestaciones SEPE\",\"sede electronica\",\"Sede Electronica SEPE\",\"SEPE\",\"subsidio\",\"subsidio por desempleo\",\"Subsidios sepe\"],\"articleSection\":[\"Ayudas y prestaciones\"],\"inLanguage\":\"es\",\"potentialAction\":[{\"@type\":\"CommentAction\",\"name\":\"Comment\",\"target\":[\"https:\\\/\\\/hosteleo.com\\\/blog\\\/nuevo-aviso-del-sepe-no-se-adelantara-el-pago-de-las-prestaciones-y-erte\\\/#respond\"]}]},{\"@type\":\"WebPage\",\"@id\":\"https:\\\/\\\/hosteleo.com\\\/blog\\\/nuevo-aviso-del-sepe-no-se-adelantara-el-pago-de-las-prestaciones-y-erte\\\/\",\"url\":\"https:\\\/\\\/hosteleo.com\\\/blog\\\/nuevo-aviso-del-sepe-no-se-adelantara-el-pago-de-las-prestaciones-y-erte\\\/\",\"name\":\"Nuevo aviso del SEPE: no se adelantar\u00e1 el pago de las prestaciones y ERTE - Blog de Empleo en Hosteler\u00eda y Turismo - Hosteleo\",\"isPartOf\":{\"@id\":\"https:\\\/\\\/hosteleo.com\\\/blog\\\/#website\"},\"primaryImageOfPage\":{\"@id\":\"https:\\\/\\\/hosteleo.com\\\/blog\\\/nuevo-aviso-del-sepe-no-se-adelantara-el-pago-de-las-prestaciones-y-erte\\\/#primaryimage\"},\"image\":{\"@id\":\"https:\\\/\\\/hosteleo.com\\\/blog\\\/nuevo-aviso-del-sepe-no-se-adelantara-el-pago-de-las-prestaciones-y-erte\\\/#primaryimage\"},\"thumbnailUrl\":\"https:\\\/\\\/hosteleo.com\\\/blog\\\/wp-content\\\/uploads\\\/2021\\\/10\\\/sepelogo-1-1024x768-1.jpg\",\"datePublished\":\"2022-04-09T10:33:44+00:00\",\"dateModified\":\"2022-04-09T10:33:46+00:00\",\"description\":\"Nuevo aviso del SEPE: no se adelantar\u00e1 el pago de las prestaciones y ERTE. Inf\u00f3rmate que d\u00eda se cobrar\u00e1 y c\u00f3mo se solicita.\",\"breadcrumb\":{\"@id\":\"https:\\\/\\\/hosteleo.com\\\/blog\\\/nuevo-aviso-del-sepe-no-se-adelantara-el-pago-de-las-prestaciones-y-erte\\\/#breadcrumb\"},\"inLanguage\":\"es\",\"potentialAction\":[{\"@type\":\"ReadAction\",\"target\":[\"https:\\\/\\\/hosteleo.com\\\/blog\\\/nuevo-aviso-del-sepe-no-se-adelantara-el-pago-de-las-prestaciones-y-erte\\\/\"]}]},{\"@type\":\"ImageObject\",\"inLanguage\":\"es\",\"@id\":\"https:\\\/\\\/hosteleo.com\\\/blog\\\/nuevo-aviso-del-sepe-no-se-adelantara-el-pago-de-las-prestaciones-y-erte\\\/#primaryimage\",\"url\":\"https:\\\/\\\/hosteleo.com\\\/blog\\\/wp-content\\\/uploads\\\/2021\\\/10\\\/sepelogo-1-1024x768-1.jpg\",\"contentUrl\":\"https:\\\/\\\/hosteleo.com\\\/blog\\\/wp-content\\\/uploads\\\/2021\\\/10\\\/sepelogo-1-1024x768-1.jpg\",\"width\":1024,\"height\":768,\"caption\":\"Nuevo aviso del SEPE: cu\u00e1ntas veces se puede solicitar un mismo subsidio por desempleo\"},{\"@type\":\"BreadcrumbList\",\"@id\":\"https:\\\/\\\/hosteleo.com\\\/blog\\\/nuevo-aviso-del-sepe-no-se-adelantara-el-pago-de-las-prestaciones-y-erte\\\/#breadcrumb\",\"itemListElement\":[{\"@type\":\"ListItem\",\"position\":1,\"name\":\"Home\",\"item\":\"https:\\\/\\\/hosteleo.com\\\/blog\\\/\"},{\"@type\":\"ListItem\",\"position\":2,\"name\":\"Nuevo aviso del SEPE: no se adelantar\u00e1 el pago de las prestaciones y ERTE\"}]},{\"@type\":\"WebSite\",\"@id\":\"https:\\\/\\\/hosteleo.com\\\/blog\\\/#website\",\"url\":\"https:\\\/\\\/hosteleo.com\\\/blog\\\/\",\"name\":\"Blog de Empleo en Hosteler\u00eda y Turismo - Hosteleo\",\"description\":\"Tu blog de Empleo en Hosteler\u00eda y Turismo\",\"publisher\":{\"@id\":\"https:\\\/\\\/hosteleo.com\\\/blog\\\/#organization\"},\"potentialAction\":[{\"@type\":\"SearchAction\",\"target\":{\"@type\":\"EntryPoint\",\"urlTemplate\":\"https:\\\/\\\/hosteleo.com\\\/blog\\\/?s={search_term_string}\"},\"query-input\":{\"@type\":\"PropertyValueSpecification\",\"valueRequired\":true,\"valueName\":\"search_term_string\"}}],\"inLanguage\":\"es\"},{\"@type\":\"Organization\",\"@id\":\"https:\\\/\\\/hosteleo.com\\\/blog\\\/#organization\",\"name\":\"Hosteleo\",\"url\":\"https:\\\/\\\/hosteleo.com\\\/blog\\\/\",\"logo\":{\"@type\":\"ImageObject\",\"inLanguage\":\"es\",\"@id\":\"https:\\\/\\\/hosteleo.com\\\/blog\\\/#\\\/schema\\\/logo\\\/image\\\/\",\"url\":\"https:\\\/\\\/hosteleo.wizzie.dev\\\/blog\\\/wp-content\\\/uploads\\\/2020\\\/05\\\/logo-hosteleo.png\",\"contentUrl\":\"https:\\\/\\\/hosteleo.wizzie.dev\\\/blog\\\/wp-content\\\/uploads\\\/2020\\\/05\\\/logo-hosteleo.png\",\"width\":475,\"height\":76,\"caption\":\"Hosteleo\"},\"image\":{\"@id\":\"https:\\\/\\\/hosteleo.com\\\/blog\\\/#\\\/schema\\\/logo\\\/image\\\/\"},\"sameAs\":[\"https:\\\/\\\/www.facebook.com\\\/hosteleo\",\"https:\\\/\\\/x.com\\\/hosteleo\",\"https:\\\/\\\/www.instagram.com\\\/hosteleo\\\/\",\"https:\\\/\\\/es.linkedin.com\\\/company\\\/hosteleo-com\"]},{\"@type\":\"Person\",\"@id\":\"https:\\\/\\\/hosteleo.com\\\/blog\\\/#\\\/schema\\\/person\\\/79ebcc3f4d55b944b967a365a656f908\",\"name\":\"Lucia Mendez\",\"image\":{\"@type\":\"ImageObject\",\"inLanguage\":\"es\",\"@id\":\"https:\\\/\\\/secure.gravatar.com\\\/avatar\\\/939287419fd9cfab10c87d595914d23a9b8797cd8fd6219748cc4e95cbd92fca?s=96&d=mm&r=g\",\"url\":\"https:\\\/\\\/secure.gravatar.com\\\/avatar\\\/939287419fd9cfab10c87d595914d23a9b8797cd8fd6219748cc4e95cbd92fca?s=96&d=mm&r=g\",\"contentUrl\":\"https:\\\/\\\/secure.gravatar.com\\\/avatar\\\/939287419fd9cfab10c87d595914d23a9b8797cd8fd6219748cc4e95cbd92fca?s=96&d=mm&r=g\",\"caption\":\"Lucia Mendez\"},\"url\":\"https:\\\/\\\/hosteleo.com\\\/blog\\\/author\\\/lucia-mendez\\\/\"}]}<\/script>\n<!-- \/ Yoast SEO plugin. -->","yoast_head_json":{"title":"Nuevo aviso del SEPE: no se adelantar\u00e1 el pago de las prestaciones y ERTE - Blog de Empleo en Hosteler\u00eda y Turismo - Hosteleo","description":"Nuevo aviso del SEPE: no se adelantar\u00e1 el pago de las prestaciones y ERTE. Inf\u00f3rmate que d\u00eda se cobrar\u00e1 y c\u00f3mo se solicita.","robots":{"index":"index","follow":"follow","max-snippet":"max-snippet:-1","max-image-preview":"max-image-preview:large","max-video-preview":"max-video-preview:-1"},"canonical":"https:\/\/hosteleo.com\/blog\/nuevo-aviso-del-sepe-no-se-adelantara-el-pago-de-las-prestaciones-y-erte\/","og_locale":"es_ES","og_type":"article","og_title":"Nuevo aviso del SEPE: no se adelantar\u00e1 el pago de las prestaciones y ERTE - Blog de Empleo en Hosteler\u00eda y Turismo - Hosteleo","og_description":"Nuevo aviso del SEPE: no se adelantar\u00e1 el pago de las prestaciones y ERTE. Inf\u00f3rmate que d\u00eda se cobrar\u00e1 y c\u00f3mo se solicita.","og_url":"https:\/\/hosteleo.com\/blog\/nuevo-aviso-del-sepe-no-se-adelantara-el-pago-de-las-prestaciones-y-erte\/","og_site_name":"Blog de Empleo en Hosteler\u00eda y Turismo - Hosteleo","article_publisher":"https:\/\/www.facebook.com\/hosteleo","article_published_time":"2022-04-09T10:33:44+00:00","article_modified_time":"2022-04-09T10:33:46+00:00","og_image":[{"width":1024,"height":768,"url":"https:\/\/hosteleo.com\/blog\/wp-content\/uploads\/2021\/10\/sepelogo-1-1024x768-1.jpg","type":"image\/jpeg"}],"author":"Lucia Mendez","twitter_card":"summary_large_image","twitter_creator":"@hosteleo","twitter_site":"@hosteleo","twitter_misc":{"Escrito por":"Lucia Mendez","Tiempo de lectura":"3 minutos"},"schema":{"@context":"https:\/\/schema.org","@graph":[{"@type":"Article","@id":"https:\/\/hosteleo.com\/blog\/nuevo-aviso-del-sepe-no-se-adelantara-el-pago-de-las-prestaciones-y-erte\/#article","isPartOf":{"@id":"https:\/\/hosteleo.com\/blog\/nuevo-aviso-del-sepe-no-se-adelantara-el-pago-de-las-prestaciones-y-erte\/"},"author":{"name":"Lucia Mendez","@id":"https:\/\/hosteleo.com\/blog\/#\/schema\/person\/79ebcc3f4d55b944b967a365a656f908"},"headline":"Nuevo aviso del SEPE: no se adelantar\u00e1 el pago de las prestaciones y ERTE","datePublished":"2022-04-09T10:33:44+00:00","dateModified":"2022-04-09T10:33:46+00:00","mainEntityOfPage":{"@id":"https:\/\/hosteleo.com\/blog\/nuevo-aviso-del-sepe-no-se-adelantara-el-pago-de-las-prestaciones-y-erte\/"},"wordCount":491,"commentCount":2,"publisher":{"@id":"https:\/\/hosteleo.com\/blog\/#organization"},"image":{"@id":"https:\/\/hosteleo.com\/blog\/nuevo-aviso-del-sepe-no-se-adelantara-el-pago-de-las-prestaciones-y-erte\/#primaryimage"},"thumbnailUrl":"https:\/\/hosteleo.com\/blog\/wp-content\/uploads\/2021\/10\/sepelogo-1-1024x768-1.jpg","keywords":["ayuda","Ayuda erte","Ayuda por desempleo","Ayudas sepe","desempleo","Entidades bancarias","Erte 2022","Pago ayuda desempleo","Pago ayuda erte","pago de prestacion","Pago de prestacion por desempleo","pago ERTE","Pago paro","paro","Paro mayo","prestacion","prestacion erte","Prestacion por desempleo","Prestacion por desempleo mayo","prestaciones SEPE","sede electronica","Sede Electronica SEPE","SEPE","subsidio","subsidio por desempleo","Subsidios sepe"],"articleSection":["Ayudas y prestaciones"],"inLanguage":"es","potentialAction":[{"@type":"CommentAction","name":"Comment","target":["https:\/\/hosteleo.com\/blog\/nuevo-aviso-del-sepe-no-se-adelantara-el-pago-de-las-prestaciones-y-erte\/#respond"]}]},{"@type":"WebPage","@id":"https:\/\/hosteleo.com\/blog\/nuevo-aviso-del-sepe-no-se-adelantara-el-pago-de-las-prestaciones-y-erte\/","url":"https:\/\/hosteleo.com\/blog\/nuevo-aviso-del-sepe-no-se-adelantara-el-pago-de-las-prestaciones-y-erte\/","name":"Nuevo aviso del SEPE: no se adelantar\u00e1 el pago de las prestaciones y ERTE - Blog de Empleo en Hosteler\u00eda y Turismo - Hosteleo","isPartOf":{"@id":"https:\/\/hosteleo.com\/blog\/#website"},"primaryImageOfPage":{"@id":"https:\/\/hosteleo.com\/blog\/nuevo-aviso-del-sepe-no-se-adelantara-el-pago-de-las-prestaciones-y-erte\/#primaryimage"},"image":{"@id":"https:\/\/hosteleo.com\/blog\/nuevo-aviso-del-sepe-no-se-adelantara-el-pago-de-las-prestaciones-y-erte\/#primaryimage"},"thumbnailUrl":"https:\/\/hosteleo.com\/blog\/wp-content\/uploads\/2021\/10\/sepelogo-1-1024x768-1.jpg","datePublished":"2022-04-09T10:33:44+00:00","dateModified":"2022-04-09T10:33:46+00:00","description":"Nuevo aviso del SEPE: no se adelantar\u00e1 el pago de las prestaciones y ERTE. Inf\u00f3rmate que d\u00eda se cobrar\u00e1 y c\u00f3mo se solicita.","breadcrumb":{"@id":"https:\/\/hosteleo.com\/blog\/nuevo-aviso-del-sepe-no-se-adelantara-el-pago-de-las-prestaciones-y-erte\/#breadcrumb"},"inLanguage":"es","potentialAction":[{"@type":"ReadAction","target":["https:\/\/hosteleo.com\/blog\/nuevo-aviso-del-sepe-no-se-adelantara-el-pago-de-las-prestaciones-y-erte\/"]}]},{"@type":"ImageObject","inLanguage":"es","@id":"https:\/\/hosteleo.com\/blog\/nuevo-aviso-del-sepe-no-se-adelantara-el-pago-de-las-prestaciones-y-erte\/#primaryimage","url":"https:\/\/hosteleo.com\/blog\/wp-content\/uploads\/2021\/10\/sepelogo-1-1024x768-1.jpg","contentUrl":"https:\/\/hosteleo.com\/blog\/wp-content\/uploads\/2021\/10\/sepelogo-1-1024x768-1.jpg","width":1024,"height":768,"caption":"Nuevo aviso del SEPE: cu\u00e1ntas veces se puede solicitar un mismo subsidio por desempleo"},{"@type":"BreadcrumbList","@id":"https:\/\/hosteleo.com\/blog\/nuevo-aviso-del-sepe-no-se-adelantara-el-pago-de-las-prestaciones-y-erte\/#breadcrumb","itemListElement":[{"@type":"ListItem","position":1,"name":"Home","item":"https:\/\/hosteleo.com\/blog\/"},{"@type":"ListItem","position":2,"name":"Nuevo aviso del SEPE: no se adelantar\u00e1 el pago de las prestaciones y ERTE"}]},{"@type":"WebSite","@id":"https:\/\/hosteleo.com\/blog\/#website","url":"https:\/\/hosteleo.com\/blog\/","name":"Blog de Empleo en Hosteler\u00eda y Turismo - Hosteleo","description":"Tu blog de Empleo en Hosteler\u00eda y Turismo","publisher":{"@id":"https:\/\/hosteleo.com\/blog\/#organization"},"potentialAction":[{"@type":"SearchAction","target":{"@type":"EntryPoint","urlTemplate":"https:\/\/hosteleo.com\/blog\/?s={search_term_string}"},"query-input":{"@type":"PropertyValueSpecification","valueRequired":true,"valueName":"search_term_string"}}],"inLanguage":"es"},{"@type":"Organization","@id":"https:\/\/hosteleo.com\/blog\/#organization","name":"Hosteleo","url":"https:\/\/hosteleo.com\/blog\/","logo":{"@type":"ImageObject","inLanguage":"es","@id":"https:\/\/hosteleo.com\/blog\/#\/schema\/logo\/image\/","url":"https:\/\/hosteleo.wizzie.dev\/blog\/wp-content\/uploads\/2020\/05\/logo-hosteleo.png","contentUrl":"https:\/\/hosteleo.wizzie.dev\/blog\/wp-content\/uploads\/2020\/05\/logo-hosteleo.png","width":475,"height":76,"caption":"Hosteleo"},"image":{"@id":"https:\/\/hosteleo.com\/blog\/#\/schema\/logo\/image\/"},"sameAs":["https:\/\/www.facebook.com\/hosteleo","https:\/\/x.com\/hosteleo","https:\/\/www.instagram.com\/hosteleo\/","https:\/\/es.linkedin.com\/company\/hosteleo-com"]},{"@type":"Person","@id":"https:\/\/hosteleo.com\/blog\/#\/schema\/person\/79ebcc3f4d55b944b967a365a656f908","name":"Lucia Mendez","image":{"@type":"ImageObject","inLanguage":"es","@id":"https:\/\/secure.gravatar.com\/avatar\/939287419fd9cfab10c87d595914d23a9b8797cd8fd6219748cc4e95cbd92fca?s=96&d=mm&r=g","url":"https:\/\/secure.gravatar.com\/avatar\/939287419fd9cfab10c87d595914d23a9b8797cd8fd6219748cc4e95cbd92fca?s=96&d=mm&r=g","contentUrl":"https:\/\/secure.gravatar.com\/avatar\/939287419fd9cfab10c87d595914d23a9b8797cd8fd6219748cc4e95cbd92fca?s=96&d=mm&r=g","caption":"Lucia Mendez"},"url":"https:\/\/hosteleo.com\/blog\/author\/lucia-mendez\/"}]}},"amp_enabled":true,"_links":{"self":[{"href":"https:\/\/hosteleo.com\/blog\/wp-json\/wp\/v2\/posts\/11802","targetHints":{"allow":["GET"]}}],"collection":[{"href":"https:\/\/hosteleo.com\/blog\/wp-json\/wp\/v2\/posts"}],"about":[{"href":"https:\/\/hosteleo.com\/blog\/wp-json\/wp\/v2\/types\/post"}],"author":[{"embeddable":true,"href":"https:\/\/hosteleo.com\/blog\/wp-json\/wp\/v2\/users\/8"}],"replies":[{"embeddable":true,"href":"https:\/\/hosteleo.com\/blog\/wp-json\/wp\/v2\/comments?post=11802"}],"version-history":[{"count":7,"href":"https:\/\/hosteleo.com\/blog\/wp-json\/wp\/v2\/posts\/11802\/revisions"}],"predecessor-version":[{"id":11826,"href":"https:\/\/hosteleo.com\/blog\/wp-json\/wp\/v2\/posts\/11802\/revisions\/11826"}],"wp:featuredmedia":[{"embeddable":true,"href":"https:\/\/hosteleo.com\/blog\/wp-json\/wp\/v2\/media\/7865"}],"wp:attachment":[{"href":"https:\/\/hosteleo.com\/blog\/wp-json\/wp\/v2\/media?parent=11802"}],"wp:term":[{"taxonomy":"category","embeddable":true,"href":"https:\/\/hosteleo.com\/blog\/wp-json\/wp\/v2\/categories?post=11802"},{"taxonomy":"post_tag","embeddable":true,"href":"https:\/\/hosteleo.com\/blog\/wp-json\/wp\/v2\/tags?post=11802"}],"curies":[{"name":"wp","href":"https:\/\/api.w.org\/{rel}","templated":true}]}}