{"id":1303,"date":"2020-03-22T20:53:14","date_gmt":"2020-03-22T20:53:14","guid":{"rendered":"https:\/\/hosteleo.com\/blog\/?p=1303"},"modified":"2020-04-14T15:50:58","modified_gmt":"2020-04-14T15:50:58","slug":"como-afrontar-cambios-personales-y-empresariales-en-la-crisis-de-covid-19","status":"publish","type":"post","link":"https:\/\/hosteleo.com\/blog\/como-afrontar-cambios-personales-y-empresariales-en-la-crisis-de-covid-19\/","title":{"rendered":"Como afrontar los cambios personales y empresariales en la crisis de Covid-19"},"content":{"rendered":"\n<p><strong>Como afrontar los cambios personales y empresariales<\/strong><\/p>\n\n\n\n<p>Hoy d\u00eda<strong> 23 de marzo<\/strong> empezamos la <strong>segunda semana<\/strong> de<strong> LIVE HORECA LAB<\/strong>, con la misma ilusi\u00f3n que el primer d\u00eda y con la satisfacci\u00f3n de sable que <strong>m\u00e1s de 2.000 personas han participado<\/strong> en estos primeros d\u00edas de andadura. Personas que nos han acompa\u00f1ado, vi\u00e9ndonos, interviniendo y participando en directo.<\/p>\n\n\n\n<p>Esta ma\u00f1ana<strong> a las 12h tendremos en directo<\/strong> en el perfil de <strong>INSTAGRAM<\/strong> de <strong>HOSTELEO <\/strong>a<strong> Jose Diaz, Director del \u00c1rea de Coaching de Linkers, y Presidente de Tourism Coaching<\/strong>  (Asociaci\u00f3n Internacional de Coaching en Turismo) <a href=\"http:\/\/www.tourismcoaching.com\"><strong>http:\/\/www.tourismcoaching.com<\/strong><\/a><\/p>\n\n\n\n<p>Jose nos hablar\u00e1 junto con Marianela Olivares de<strong> como afrontar este cambio de escenario<\/strong> y que <strong>f\u00f3rmulas nos van a ayudar a superarlo<\/strong> .Nos dar\u00e1 <strong>herramientas para gestionar la actitudes del equipo<\/strong>, como <strong>prepararnos para los diferente estados emocionales<\/strong>,  y organizarnos p<strong>riorizando los criterios de urgente de lo importante.<\/strong><\/p>\n\n\n\n<p>Estos momentos que estamos viviendo son intensos y<strong> debemos afrontarlos de una manera sosegada y<\/strong> con la <strong>perspectiva que es temporal,<\/strong> y con la positividad de <strong>salir reforzados<\/strong> de esta situaci\u00f3n.<\/p>\n\n\n\n<p><strong>Tourism Coaching ( Asociaci\u00f3n Internacional de Coaching en Turismo)<\/strong><\/p>\n\n\n\n<p>Bajo la denominaci\u00f3n de<strong> Consorcio Internacional de Coaching en Turismo,<\/strong> una asociaci\u00f3n fomentar\u00e1 el conocimiento y el uso de este<strong> proceso de entrenamiento como herramienta de crecimiento tanto t\u00e9cnico como personal.<\/strong><\/p>\n\n\n\n<p>Un <strong>grupo de profesionales,<\/strong> con experiencia en formaci\u00f3n y diferentes \u00e1mbitos del turismo, tendr\u00e1 como objetivo <strong>\u201cayudar a desarrollar las habilidades personales dentro del entorno laboral, un proceso a medida para que el empresario y sus trabajadores puedan conseguir los retos y objetivos marcados\u201d<\/strong><\/p>\n\n\n\n<p>El <strong>equipo est\u00e1 formado<\/strong> por el <strong>Presidente Jos\u00e9 Diez<\/strong>, con m<strong>\u00e1s de 25 a\u00f1os de experiencia en temas de Comunicaci\u00f3n, Coaching, in\ufb02uencia y persuasi\u00f3n,<\/strong> Formaci\u00f3n de Formadores, y fundador de mastercoachs. org; sus t<strong>res Vicepresidentes:<\/strong> <strong>Manuel Ferr\u00e1ndez<\/strong>, socio fundador de Inner Game Applications, coach de equipos y sistemas relacionales, y <strong>disc\u00edpulo de Tim Gallwey, fundador del coaching moderno<\/strong>; <strong>Andr\u00e9s Encinas<\/strong>, reconocido directivo internacional de Hoteler\u00eda y Turismo, <strong>presidente de Honor de la AEPT, y ex Vicepresidente de Europa en Melia Hotels;<\/strong> y <strong>Marianela Olivares,<\/strong> formadora y especialista en creaci\u00f3n y gesti\u00f3n de equipos, fundadora y <strong>CEO de Linkers, Consultora y Selectora de RRHH en Hosteler\u00eda y Turismo<\/strong>.<\/p>\n\n\n\n<p><strong>\u00bfQu\u00e9 es Live Horeca Lab?<\/strong><\/p>\n\n\n\n<p><em>La crisis del coronavirus ha provocado el cierre temporal de los establecimientos hosteleros. Esta situaci\u00f3n es de mucha preocupaci\u00f3n para muchos profesionales del sector, pero lo m\u00e1s importante es centrarse en este tiempo que obligatoriamente tenemos para pensar, formarnos y ver las posibilidades de futuro<\/em>.<\/p>\n\n\n\n<p><em>Para analizar la situaci\u00f3n, y ser una ayuda a empresas y candidatos Grupo Linkers lanza \u201cLive Horeca Lab \u201d, una emisi\u00f3n en directo desde el perfil de Instagram de su portal de empleo Hosteleo, un espacio abierto de formaci\u00f3n, informaci\u00f3n y debate pensado para solucionar las dudas y aportar ideas tanto a los hosteleros como a los candidatos.<\/em><\/p>\n\n\n\n<p>M\u00e1s informaci\u00f3n <a href=\"https:\/\/hosteleo.com\/blog\/tendencias-hosteleria-post-coronavirus\/\">https:\/\/hosteleo.com\/blog\/tendencias-hosteleria-post-coronavirus\/<\/a><\/p>\n\n\n\n<p>Contenido &#8220;Como afrontar los cambios personales y empresariales&#8221; desarrollado por <a href=\"http:\/\/www.linkers.es\">http:\/\/www.linkers.es<\/a><\/p>\n","protected":false},"excerpt":{"rendered":"<p>Como afrontar los cambios personales y empresariales Hoy d\u00eda 23 de marzo empezamos la segunda semana de LIVE HORECA LAB, con la misma ilusi\u00f3n que el primer d\u00eda y con la satisfacci\u00f3n de sable que m\u00e1s de 2.000 personas han participado en estos primeros d\u00edas de andadura. Personas que nos han acompa\u00f1ado, vi\u00e9ndonos, interviniendo y [&hellip;]<\/p>\n","protected":false},"author":2,"featured_media":1306,"comment_status":"closed","ping_status":"open","sticky":false,"template":"","format":"standard","meta":{"_exactmetrics_skip_tracking":false,"_exactmetrics_sitenote_active":false,"_exactmetrics_sitenote_note":"","_exactmetrics_sitenote_category":0,"footnotes":""},"categories":[42],"tags":[153,217,234,45,46,49,48,47],"class_list":["post-1303","post","type-post","status-publish","format-standard","has-post-thumbnail","hentry","category-consejos-trabajo-hosteleria-turismo","tag-coaching","tag-coronavirus","tag-covid-19","tag-empleo","tag-hosteleria","tag-hoteles","tag-restaurantes","tag-turismo"],"yoast_head":"<!-- This site is optimized with the Yoast SEO plugin v27.5 - https:\/\/yoast.com\/product\/yoast-seo-wordpress\/ -->\n<title>Como afrontar los cambios personales y empresariales<\/title>\n<meta name=\"description\" content=\"Como afrontar los cambios personales y empresariales durante la crisis del covid-19 en la hosteleria y hoteleria espa\u00f1ola\" \/>\n<meta name=\"robots\" content=\"index, follow, max-snippet:-1, max-image-preview:large, max-video-preview:-1\" \/>\n<link rel=\"canonical\" href=\"https:\/\/hosteleo.com\/blog\/como-afrontar-cambios-personales-y-empresariales-en-la-crisis-de-covid-19\/\" \/>\n<meta property=\"og:locale\" content=\"es_ES\" \/>\n<meta property=\"og:type\" content=\"article\" \/>\n<meta property=\"og:title\" content=\"Como afrontar los cambios personales y empresariales\" \/>\n<meta property=\"og:description\" content=\"Como afrontar los cambios personales y empresariales durante la crisis del covid-19 en la hosteleria y hoteleria espa\u00f1ola\" \/>\n<meta property=\"og:url\" content=\"https:\/\/hosteleo.com\/blog\/como-afrontar-cambios-personales-y-empresariales-en-la-crisis-de-covid-19\/\" \/>\n<meta property=\"og:site_name\" content=\"Blog de Empleo en Hosteler\u00eda y Turismo - Hosteleo\" \/>\n<meta property=\"article:publisher\" content=\"https:\/\/www.facebook.com\/hosteleo\" \/>\n<meta property=\"article:published_time\" content=\"2020-03-22T20:53:14+00:00\" \/>\n<meta property=\"article:modified_time\" content=\"2020-04-14T15:50:58+00:00\" \/>\n<meta property=\"og:image\" content=\"https:\/\/hosteleo.com\/blog\/wp-content\/uploads\/2020\/03\/JOSE-DIAZ-LIVE-HORECA-LAB.jpg\" \/>\n\t<meta property=\"og:image:width\" content=\"1280\" \/>\n\t<meta property=\"og:image:height\" content=\"720\" \/>\n\t<meta property=\"og:image:type\" content=\"image\/jpeg\" \/>\n<meta name=\"author\" content=\"Luis P\u00e9rez\" \/>\n<meta name=\"twitter:card\" content=\"summary_large_image\" \/>\n<meta name=\"twitter:creator\" content=\"@hosteleo\" \/>\n<meta name=\"twitter:site\" content=\"@hosteleo\" \/>\n<meta name=\"twitter:label1\" content=\"Escrito por\" \/>\n\t<meta name=\"twitter:data1\" content=\"Luis P\u00e9rez\" \/>\n\t<meta name=\"twitter:label2\" content=\"Tiempo de lectura\" \/>\n\t<meta name=\"twitter:data2\" content=\"3 minutos\" \/>\n<script type=\"application\/ld+json\" class=\"yoast-schema-graph\">{\"@context\":\"https:\\\/\\\/schema.org\",\"@graph\":[{\"@type\":\"Article\",\"@id\":\"https:\\\/\\\/hosteleo.com\\\/blog\\\/como-afrontar-cambios-personales-y-empresariales-en-la-crisis-de-covid-19\\\/#article\",\"isPartOf\":{\"@id\":\"https:\\\/\\\/hosteleo.com\\\/blog\\\/como-afrontar-cambios-personales-y-empresariales-en-la-crisis-de-covid-19\\\/\"},\"author\":{\"name\":\"Luis P\u00e9rez\",\"@id\":\"https:\\\/\\\/hosteleo.com\\\/blog\\\/#\\\/schema\\\/person\\\/eef8bb67e661dbf50088c7f37406a84b\"},\"headline\":\"Como afrontar los cambios personales y empresariales en la crisis de Covid-19\",\"datePublished\":\"2020-03-22T20:53:14+00:00\",\"dateModified\":\"2020-04-14T15:50:58+00:00\",\"mainEntityOfPage\":{\"@id\":\"https:\\\/\\\/hosteleo.com\\\/blog\\\/como-afrontar-cambios-personales-y-empresariales-en-la-crisis-de-covid-19\\\/\"},\"wordCount\":544,\"publisher\":{\"@id\":\"https:\\\/\\\/hosteleo.com\\\/blog\\\/#organization\"},\"image\":{\"@id\":\"https:\\\/\\\/hosteleo.com\\\/blog\\\/como-afrontar-cambios-personales-y-empresariales-en-la-crisis-de-covid-19\\\/#primaryimage\"},\"thumbnailUrl\":\"https:\\\/\\\/hosteleo.com\\\/blog\\\/wp-content\\\/uploads\\\/2020\\\/03\\\/JOSE-DIAZ-LIVE-HORECA-LAB.jpg\",\"keywords\":[\"coaching\",\"coronavirus\",\"Covid-19\",\"empleo\",\"hosteler\u00eda\",\"hoteles\",\"restaurantes\",\"turismo\"],\"articleSection\":[\"Consejos para buscar trabajo en hosteler\u00eda y turismo\"],\"inLanguage\":\"es\"},{\"@type\":\"WebPage\",\"@id\":\"https:\\\/\\\/hosteleo.com\\\/blog\\\/como-afrontar-cambios-personales-y-empresariales-en-la-crisis-de-covid-19\\\/\",\"url\":\"https:\\\/\\\/hosteleo.com\\\/blog\\\/como-afrontar-cambios-personales-y-empresariales-en-la-crisis-de-covid-19\\\/\",\"name\":\"Como afrontar los cambios personales y empresariales\",\"isPartOf\":{\"@id\":\"https:\\\/\\\/hosteleo.com\\\/blog\\\/#website\"},\"primaryImageOfPage\":{\"@id\":\"https:\\\/\\\/hosteleo.com\\\/blog\\\/como-afrontar-cambios-personales-y-empresariales-en-la-crisis-de-covid-19\\\/#primaryimage\"},\"image\":{\"@id\":\"https:\\\/\\\/hosteleo.com\\\/blog\\\/como-afrontar-cambios-personales-y-empresariales-en-la-crisis-de-covid-19\\\/#primaryimage\"},\"thumbnailUrl\":\"https:\\\/\\\/hosteleo.com\\\/blog\\\/wp-content\\\/uploads\\\/2020\\\/03\\\/JOSE-DIAZ-LIVE-HORECA-LAB.jpg\",\"datePublished\":\"2020-03-22T20:53:14+00:00\",\"dateModified\":\"2020-04-14T15:50:58+00:00\",\"description\":\"Como afrontar los cambios personales y empresariales durante la crisis del covid-19 en la hosteleria y hoteleria espa\u00f1ola\",\"breadcrumb\":{\"@id\":\"https:\\\/\\\/hosteleo.com\\\/blog\\\/como-afrontar-cambios-personales-y-empresariales-en-la-crisis-de-covid-19\\\/#breadcrumb\"},\"inLanguage\":\"es\",\"potentialAction\":[{\"@type\":\"ReadAction\",\"target\":[\"https:\\\/\\\/hosteleo.com\\\/blog\\\/como-afrontar-cambios-personales-y-empresariales-en-la-crisis-de-covid-19\\\/\"]}]},{\"@type\":\"ImageObject\",\"inLanguage\":\"es\",\"@id\":\"https:\\\/\\\/hosteleo.com\\\/blog\\\/como-afrontar-cambios-personales-y-empresariales-en-la-crisis-de-covid-19\\\/#primaryimage\",\"url\":\"https:\\\/\\\/hosteleo.com\\\/blog\\\/wp-content\\\/uploads\\\/2020\\\/03\\\/JOSE-DIAZ-LIVE-HORECA-LAB.jpg\",\"contentUrl\":\"https:\\\/\\\/hosteleo.com\\\/blog\\\/wp-content\\\/uploads\\\/2020\\\/03\\\/JOSE-DIAZ-LIVE-HORECA-LAB.jpg\",\"width\":1280,\"height\":720,\"caption\":\"Como afrontar los cambios personales y empresariales\"},{\"@type\":\"BreadcrumbList\",\"@id\":\"https:\\\/\\\/hosteleo.com\\\/blog\\\/como-afrontar-cambios-personales-y-empresariales-en-la-crisis-de-covid-19\\\/#breadcrumb\",\"itemListElement\":[{\"@type\":\"ListItem\",\"position\":1,\"name\":\"Home\",\"item\":\"https:\\\/\\\/hosteleo.com\\\/blog\\\/\"},{\"@type\":\"ListItem\",\"position\":2,\"name\":\"Como afrontar los cambios personales y empresariales en la crisis de Covid-19\"}]},{\"@type\":\"WebSite\",\"@id\":\"https:\\\/\\\/hosteleo.com\\\/blog\\\/#website\",\"url\":\"https:\\\/\\\/hosteleo.com\\\/blog\\\/\",\"name\":\"Blog de Empleo en Hosteler\u00eda y Turismo - Hosteleo\",\"description\":\"Tu blog de Empleo en Hosteler\u00eda y Turismo\",\"publisher\":{\"@id\":\"https:\\\/\\\/hosteleo.com\\\/blog\\\/#organization\"},\"potentialAction\":[{\"@type\":\"SearchAction\",\"target\":{\"@type\":\"EntryPoint\",\"urlTemplate\":\"https:\\\/\\\/hosteleo.com\\\/blog\\\/?s={search_term_string}\"},\"query-input\":{\"@type\":\"PropertyValueSpecification\",\"valueRequired\":true,\"valueName\":\"search_term_string\"}}],\"inLanguage\":\"es\"},{\"@type\":\"Organization\",\"@id\":\"https:\\\/\\\/hosteleo.com\\\/blog\\\/#organization\",\"name\":\"Hosteleo\",\"url\":\"https:\\\/\\\/hosteleo.com\\\/blog\\\/\",\"logo\":{\"@type\":\"ImageObject\",\"inLanguage\":\"es\",\"@id\":\"https:\\\/\\\/hosteleo.com\\\/blog\\\/#\\\/schema\\\/logo\\\/image\\\/\",\"url\":\"https:\\\/\\\/hosteleo.wizzie.dev\\\/blog\\\/wp-content\\\/uploads\\\/2020\\\/05\\\/logo-hosteleo.png\",\"contentUrl\":\"https:\\\/\\\/hosteleo.wizzie.dev\\\/blog\\\/wp-content\\\/uploads\\\/2020\\\/05\\\/logo-hosteleo.png\",\"width\":475,\"height\":76,\"caption\":\"Hosteleo\"},\"image\":{\"@id\":\"https:\\\/\\\/hosteleo.com\\\/blog\\\/#\\\/schema\\\/logo\\\/image\\\/\"},\"sameAs\":[\"https:\\\/\\\/www.facebook.com\\\/hosteleo\",\"https:\\\/\\\/x.com\\\/hosteleo\",\"https:\\\/\\\/www.instagram.com\\\/hosteleo\\\/\",\"https:\\\/\\\/es.linkedin.com\\\/company\\\/hosteleo-com\"]},{\"@type\":\"Person\",\"@id\":\"https:\\\/\\\/hosteleo.com\\\/blog\\\/#\\\/schema\\\/person\\\/eef8bb67e661dbf50088c7f37406a84b\",\"name\":\"Luis P\u00e9rez\",\"image\":{\"@type\":\"ImageObject\",\"inLanguage\":\"es\",\"@id\":\"https:\\\/\\\/secure.gravatar.com\\\/avatar\\\/3949b0f4521059dd33be21948b1d539ec03a1b1069b5df3ea7e3f43d4a8b2d4d?s=96&d=mm&r=g\",\"url\":\"https:\\\/\\\/secure.gravatar.com\\\/avatar\\\/3949b0f4521059dd33be21948b1d539ec03a1b1069b5df3ea7e3f43d4a8b2d4d?s=96&d=mm&r=g\",\"contentUrl\":\"https:\\\/\\\/secure.gravatar.com\\\/avatar\\\/3949b0f4521059dd33be21948b1d539ec03a1b1069b5df3ea7e3f43d4a8b2d4d?s=96&d=mm&r=g\",\"caption\":\"Luis P\u00e9rez\"},\"url\":\"https:\\\/\\\/hosteleo.com\\\/blog\\\/author\\\/davidbglinkers-es\\\/\"}]}<\/script>\n<!-- \/ Yoast SEO plugin. -->","yoast_head_json":{"title":"Como afrontar los cambios personales y empresariales","description":"Como afrontar los cambios personales y empresariales durante la crisis del covid-19 en la hosteleria y hoteleria espa\u00f1ola","robots":{"index":"index","follow":"follow","max-snippet":"max-snippet:-1","max-image-preview":"max-image-preview:large","max-video-preview":"max-video-preview:-1"},"canonical":"https:\/\/hosteleo.com\/blog\/como-afrontar-cambios-personales-y-empresariales-en-la-crisis-de-covid-19\/","og_locale":"es_ES","og_type":"article","og_title":"Como afrontar los cambios personales y empresariales","og_description":"Como afrontar los cambios personales y empresariales durante la crisis del covid-19 en la hosteleria y hoteleria espa\u00f1ola","og_url":"https:\/\/hosteleo.com\/blog\/como-afrontar-cambios-personales-y-empresariales-en-la-crisis-de-covid-19\/","og_site_name":"Blog de Empleo en Hosteler\u00eda y Turismo - Hosteleo","article_publisher":"https:\/\/www.facebook.com\/hosteleo","article_published_time":"2020-03-22T20:53:14+00:00","article_modified_time":"2020-04-14T15:50:58+00:00","og_image":[{"width":1280,"height":720,"url":"https:\/\/hosteleo.com\/blog\/wp-content\/uploads\/2020\/03\/JOSE-DIAZ-LIVE-HORECA-LAB.jpg","type":"image\/jpeg"}],"author":"Luis P\u00e9rez","twitter_card":"summary_large_image","twitter_creator":"@hosteleo","twitter_site":"@hosteleo","twitter_misc":{"Escrito por":"Luis P\u00e9rez","Tiempo de lectura":"3 minutos"},"schema":{"@context":"https:\/\/schema.org","@graph":[{"@type":"Article","@id":"https:\/\/hosteleo.com\/blog\/como-afrontar-cambios-personales-y-empresariales-en-la-crisis-de-covid-19\/#article","isPartOf":{"@id":"https:\/\/hosteleo.com\/blog\/como-afrontar-cambios-personales-y-empresariales-en-la-crisis-de-covid-19\/"},"author":{"name":"Luis P\u00e9rez","@id":"https:\/\/hosteleo.com\/blog\/#\/schema\/person\/eef8bb67e661dbf50088c7f37406a84b"},"headline":"Como afrontar los cambios personales y empresariales en la crisis de Covid-19","datePublished":"2020-03-22T20:53:14+00:00","dateModified":"2020-04-14T15:50:58+00:00","mainEntityOfPage":{"@id":"https:\/\/hosteleo.com\/blog\/como-afrontar-cambios-personales-y-empresariales-en-la-crisis-de-covid-19\/"},"wordCount":544,"publisher":{"@id":"https:\/\/hosteleo.com\/blog\/#organization"},"image":{"@id":"https:\/\/hosteleo.com\/blog\/como-afrontar-cambios-personales-y-empresariales-en-la-crisis-de-covid-19\/#primaryimage"},"thumbnailUrl":"https:\/\/hosteleo.com\/blog\/wp-content\/uploads\/2020\/03\/JOSE-DIAZ-LIVE-HORECA-LAB.jpg","keywords":["coaching","coronavirus","Covid-19","empleo","hosteler\u00eda","hoteles","restaurantes","turismo"],"articleSection":["Consejos para buscar trabajo en hosteler\u00eda y turismo"],"inLanguage":"es"},{"@type":"WebPage","@id":"https:\/\/hosteleo.com\/blog\/como-afrontar-cambios-personales-y-empresariales-en-la-crisis-de-covid-19\/","url":"https:\/\/hosteleo.com\/blog\/como-afrontar-cambios-personales-y-empresariales-en-la-crisis-de-covid-19\/","name":"Como afrontar los cambios personales y empresariales","isPartOf":{"@id":"https:\/\/hosteleo.com\/blog\/#website"},"primaryImageOfPage":{"@id":"https:\/\/hosteleo.com\/blog\/como-afrontar-cambios-personales-y-empresariales-en-la-crisis-de-covid-19\/#primaryimage"},"image":{"@id":"https:\/\/hosteleo.com\/blog\/como-afrontar-cambios-personales-y-empresariales-en-la-crisis-de-covid-19\/#primaryimage"},"thumbnailUrl":"https:\/\/hosteleo.com\/blog\/wp-content\/uploads\/2020\/03\/JOSE-DIAZ-LIVE-HORECA-LAB.jpg","datePublished":"2020-03-22T20:53:14+00:00","dateModified":"2020-04-14T15:50:58+00:00","description":"Como afrontar los cambios personales y empresariales durante la crisis del covid-19 en la hosteleria y hoteleria espa\u00f1ola","breadcrumb":{"@id":"https:\/\/hosteleo.com\/blog\/como-afrontar-cambios-personales-y-empresariales-en-la-crisis-de-covid-19\/#breadcrumb"},"inLanguage":"es","potentialAction":[{"@type":"ReadAction","target":["https:\/\/hosteleo.com\/blog\/como-afrontar-cambios-personales-y-empresariales-en-la-crisis-de-covid-19\/"]}]},{"@type":"ImageObject","inLanguage":"es","@id":"https:\/\/hosteleo.com\/blog\/como-afrontar-cambios-personales-y-empresariales-en-la-crisis-de-covid-19\/#primaryimage","url":"https:\/\/hosteleo.com\/blog\/wp-content\/uploads\/2020\/03\/JOSE-DIAZ-LIVE-HORECA-LAB.jpg","contentUrl":"https:\/\/hosteleo.com\/blog\/wp-content\/uploads\/2020\/03\/JOSE-DIAZ-LIVE-HORECA-LAB.jpg","width":1280,"height":720,"caption":"Como afrontar los cambios personales y empresariales"},{"@type":"BreadcrumbList","@id":"https:\/\/hosteleo.com\/blog\/como-afrontar-cambios-personales-y-empresariales-en-la-crisis-de-covid-19\/#breadcrumb","itemListElement":[{"@type":"ListItem","position":1,"name":"Home","item":"https:\/\/hosteleo.com\/blog\/"},{"@type":"ListItem","position":2,"name":"Como afrontar los cambios personales y empresariales en la crisis de Covid-19"}]},{"@type":"WebSite","@id":"https:\/\/hosteleo.com\/blog\/#website","url":"https:\/\/hosteleo.com\/blog\/","name":"Blog de Empleo en Hosteler\u00eda y Turismo - Hosteleo","description":"Tu blog de Empleo en Hosteler\u00eda y Turismo","publisher":{"@id":"https:\/\/hosteleo.com\/blog\/#organization"},"potentialAction":[{"@type":"SearchAction","target":{"@type":"EntryPoint","urlTemplate":"https:\/\/hosteleo.com\/blog\/?s={search_term_string}"},"query-input":{"@type":"PropertyValueSpecification","valueRequired":true,"valueName":"search_term_string"}}],"inLanguage":"es"},{"@type":"Organization","@id":"https:\/\/hosteleo.com\/blog\/#organization","name":"Hosteleo","url":"https:\/\/hosteleo.com\/blog\/","logo":{"@type":"ImageObject","inLanguage":"es","@id":"https:\/\/hosteleo.com\/blog\/#\/schema\/logo\/image\/","url":"https:\/\/hosteleo.wizzie.dev\/blog\/wp-content\/uploads\/2020\/05\/logo-hosteleo.png","contentUrl":"https:\/\/hosteleo.wizzie.dev\/blog\/wp-content\/uploads\/2020\/05\/logo-hosteleo.png","width":475,"height":76,"caption":"Hosteleo"},"image":{"@id":"https:\/\/hosteleo.com\/blog\/#\/schema\/logo\/image\/"},"sameAs":["https:\/\/www.facebook.com\/hosteleo","https:\/\/x.com\/hosteleo","https:\/\/www.instagram.com\/hosteleo\/","https:\/\/es.linkedin.com\/company\/hosteleo-com"]},{"@type":"Person","@id":"https:\/\/hosteleo.com\/blog\/#\/schema\/person\/eef8bb67e661dbf50088c7f37406a84b","name":"Luis P\u00e9rez","image":{"@type":"ImageObject","inLanguage":"es","@id":"https:\/\/secure.gravatar.com\/avatar\/3949b0f4521059dd33be21948b1d539ec03a1b1069b5df3ea7e3f43d4a8b2d4d?s=96&d=mm&r=g","url":"https:\/\/secure.gravatar.com\/avatar\/3949b0f4521059dd33be21948b1d539ec03a1b1069b5df3ea7e3f43d4a8b2d4d?s=96&d=mm&r=g","contentUrl":"https:\/\/secure.gravatar.com\/avatar\/3949b0f4521059dd33be21948b1d539ec03a1b1069b5df3ea7e3f43d4a8b2d4d?s=96&d=mm&r=g","caption":"Luis P\u00e9rez"},"url":"https:\/\/hosteleo.com\/blog\/author\/davidbglinkers-es\/"}]}},"amp_enabled":true,"_links":{"self":[{"href":"https:\/\/hosteleo.com\/blog\/wp-json\/wp\/v2\/posts\/1303","targetHints":{"allow":["GET"]}}],"collection":[{"href":"https:\/\/hosteleo.com\/blog\/wp-json\/wp\/v2\/posts"}],"about":[{"href":"https:\/\/hosteleo.com\/blog\/wp-json\/wp\/v2\/types\/post"}],"author":[{"embeddable":true,"href":"https:\/\/hosteleo.com\/blog\/wp-json\/wp\/v2\/users\/2"}],"replies":[{"embeddable":true,"href":"https:\/\/hosteleo.com\/blog\/wp-json\/wp\/v2\/comments?post=1303"}],"version-history":[{"count":3,"href":"https:\/\/hosteleo.com\/blog\/wp-json\/wp\/v2\/posts\/1303\/revisions"}],"predecessor-version":[{"id":1641,"href":"https:\/\/hosteleo.com\/blog\/wp-json\/wp\/v2\/posts\/1303\/revisions\/1641"}],"wp:featuredmedia":[{"embeddable":true,"href":"https:\/\/hosteleo.com\/blog\/wp-json\/wp\/v2\/media\/1306"}],"wp:attachment":[{"href":"https:\/\/hosteleo.com\/blog\/wp-json\/wp\/v2\/media?parent=1303"}],"wp:term":[{"taxonomy":"category","embeddable":true,"href":"https:\/\/hosteleo.com\/blog\/wp-json\/wp\/v2\/categories?post=1303"},{"taxonomy":"post_tag","embeddable":true,"href":"https:\/\/hosteleo.com\/blog\/wp-json\/wp\/v2\/tags?post=1303"}],"curies":[{"name":"wp","href":"https:\/\/api.w.org\/{rel}","templated":true}]}}