{"id":13371,"date":"2022-06-09T11:09:06","date_gmt":"2022-06-09T09:09:06","guid":{"rendered":"https:\/\/hosteleo.com\/blog\/?p=13371"},"modified":"2022-06-09T11:09:08","modified_gmt":"2022-06-09T09:09:08","slug":"requisitos-necesarios-para-cobrar-la-prestacion-por-cotizacion-insuficiente","status":"publish","type":"post","link":"https:\/\/hosteleo.com\/blog\/requisitos-necesarios-para-cobrar-la-prestacion-por-cotizacion-insuficiente\/","title":{"rendered":"Requisitos necesarios para cobrar la prestaci\u00f3n por cotizaci\u00f3n insuficiente"},"content":{"rendered":"\n<p>Uno de los requisitos principales para poder tener derecho a la prestaci\u00f3n contributiva por desempleo o paro, es haber cotizado al menos durante 360 d\u00edas. Por otro lado, se ha creado una prestaci\u00f3n por desempleo con el fin de ayudar a las personas que se encuentran en esta situaci\u00f3n y que no llegan a estas cotizaciones m\u00ednimas. Esta ayuda es conocida como subsidio por insuficiencia de cotizaci\u00f3n y con el <strong>se percibe siempre la cantidad de 463 euros mensuales.<\/strong> A continuaci\u00f3n, <strong>te explicaremos los requisitos necesarios para cobrar la prestaci\u00f3n por cotizaci\u00f3n insuficiente.<\/strong><\/p>\n\n\n\n<h2 class=\"wp-block-heading\">Los requisitos necesarios<\/h2>\n\n\n\n<p>Tras la pandemia por Covid-19, un gran n\u00famero de personas perdieron su empleo sin haber cotizado los 360 d\u00edas, como por ejemplo gran parte del <a href=\"https:\/\/linkers.es\/\" rel=\"nofollow\">personal de hosteler\u00eda<\/a>. Como hemos comentado anteriormente, una de las <strong>diferencias con la prestaci\u00f3n contributiva por desempleo es el tiempo de cotizaci\u00f3n.<\/strong> A\u00fan as\u00ed, para poder tener derecho a este subsidio, <strong>es necesario cumplir una serie de requisitos m\u00ednimos. Estos son:<\/strong><\/p>\n\n\n\n<ul class=\"wp-block-list\"><li><strong>No puedes tener acumulado<\/strong> el per\u00edodo m\u00ednimo de <strong>cotizaci\u00f3n de 360 d\u00edas.<\/strong><\/li><li>Por otro lado, si es necesario tener acumulado<strong> 3 meses de cotizaci\u00f3n en caso de tener responsabilidades familiares<\/strong> o <strong>6 meses en caso de no tenerlas.<\/strong><\/li><li><strong>No puedes percibir rentas que superen el 75% <\/strong>del Salario M\u00ednimo Interprofesional.<\/li><li>Es necesario que est\u00e9s en <strong>situaci\u00f3n legal de desempleo.<\/strong><\/li><li>Por \u00faltimo, debes estar <strong>inscrito como demandante de empleo.<\/strong><\/li><\/ul>\n\n\n\n<h2 class=\"wp-block-heading\">Duraci\u00f3n del subsidio y c\u00f3mo solicitarlo<\/h2>\n\n\n\n<p><strong>La duraci\u00f3n de esta prestaci\u00f3n<\/strong>, tambi\u00e9n <strong>var\u00eda en funci\u00f3n de si el solicitante tiene responsabilidades familiares <\/strong>o no. En caso de tenerlas, <strong>la duraci\u00f3n ser\u00e1 de 3, 4 o 5 meses en funci\u00f3n del tiempo cotizado,<\/strong> si has cotizado m\u00e1s de 6 meses, tienes derecho a per\u00edodos prorrogables entre 6 y 21 meses. Por otro lado, en caso de <strong>no tener responsabilidades familiares, la duraci\u00f3n ser\u00e1 de 6 meses.<\/strong><\/p>\n\n\n\n<p>Ahora que ya te hemos explicado los requisitos necesarios para cobrar la prestaci\u00f3n por cotizaci\u00f3n insuficiente y su duraci\u00f3n, es importante que sepas que <strong>existen 3 v\u00edas para solicitar esta ayuda. Estos m\u00e9todos son:<\/strong><\/p>\n\n\n\n<ul class=\"wp-block-list\"><li><strong>V\u00eda telem\u00e1tica<\/strong>. En la sede electr\u00f3nica del SEPE, siempre y cuando tengas <strong>certificado digital, DNI electr\u00f3nico o Cl@ve.<\/strong><\/li><li><strong>De forma presencial en las oficinas del SEPE. <\/strong>Para ellos, es necesario solicitar cita previa.<\/li><li><strong>Por Internet<\/strong>, sin certificado digital, Cl@ve ni DNI electr\u00f3nico. En este caso es necesario <strong>presentar el formulario de presolicitud.<\/strong><\/li><\/ul>\n\n\n\n<h2 class=\"wp-block-heading\">M\u00e1s noticias sobre prestaciones:<\/h2>\n\n\n\n<ul class=\"wp-block-list\"><li><a href=\"https:\/\/hosteleo.com\/blog\/opciones-para-afrontar-el-pago-de-la-declaracion-de-la-renta\/\">Opciones para afrontar el pago de la Declaraci\u00f3n de la Renta<\/a><\/li><li><a href=\"https:\/\/hosteleo.com\/blog\/abierto-el-plazo-para-presentar-la-declaracion-de-la-renta-de-forma-presencial\/\">Abierto el plazo para presentar la Declaraci\u00f3n de la Renta de forma presencial<\/a><\/li><li><a href=\"https:\/\/hosteleo.com\/blog\/prestacion-por-desempleo-cuando-se-cobra-y-como-se-calcula-su-cuantia\/\">Prestaci\u00f3n por desempleo: cu\u00e1ndo se cobra y c\u00f3mo se calcula su cuant\u00eda<\/a><\/li><\/ul>\n","protected":false},"excerpt":{"rendered":"<p>Uno de los requisitos principales para poder tener derecho a la prestaci\u00f3n contributiva por desempleo o paro, es haber cotizado al menos durante 360 d\u00edas. Por otro lado, se ha creado una prestaci\u00f3n por desempleo con el fin de ayudar a las personas que se encuentran en esta situaci\u00f3n y que no llegan a estas [&hellip;]<\/p>\n","protected":false},"author":8,"featured_media":7865,"comment_status":"open","ping_status":"open","sticky":false,"template":"","format":"standard","meta":{"_exactmetrics_skip_tracking":false,"_exactmetrics_sitenote_active":false,"_exactmetrics_sitenote_note":"","_exactmetrics_sitenote_category":0,"footnotes":""},"categories":[944],"tags":[220,1657,2536,1570,1576,449,588,1765,2342,2435,2575,2837,1081,1325,448,2557,3282,1006,2999,1677,2542],"class_list":["post-13371","post","type-post","status-publish","format-standard","has-post-thumbnail","hentry","category-ayudas-y-prestaciones","tag-ayuda","tag-ayuda-desempleo","tag-ayuda-sepe","tag-cotizacion","tag-cotizacion-insuficiente","tag-desempleo","tag-prestacion-2","tag-prestacion-desempleo-2","tag-prestacion-sepe","tag-requisitos-prestacion","tag-requisitos-prestacion-por-desempleo","tag-requisitos-subsidio-por-desempleo","tag-sede-electronica","tag-sede-electronica-sepe","tag-sepe","tag-solicitar-prestacion-por-desempleo","tag-solicitar-subsidio-por-desempleo","tag-subsidio","tag-subsidio-desempleo","tag-subsidio-por-cotizacion-insuficiente","tag-subsidio-sepe"],"yoast_head":"<!-- This site is optimized with the Yoast SEO plugin v27.4 - https:\/\/yoast.com\/product\/yoast-seo-wordpress\/ -->\n<title>Requisitos necesarios para cobrar la prestaci\u00f3n por cotizaci\u00f3n insuficiente - Blog de Empleo en Hosteler\u00eda y Turismo - Hosteleo<\/title>\n<meta name=\"description\" content=\"Requisitos necesarios para cobrar la prestaci\u00f3n por cotizaci\u00f3n insuficiente. Inf\u00f3rmate sobre la duraci\u00f3n de la prestaci\u00f3n.\" \/>\n<meta name=\"robots\" content=\"index, follow, max-snippet:-1, max-image-preview:large, max-video-preview:-1\" \/>\n<link rel=\"canonical\" href=\"https:\/\/hosteleo.com\/blog\/requisitos-necesarios-para-cobrar-la-prestacion-por-cotizacion-insuficiente\/\" \/>\n<meta property=\"og:locale\" content=\"es_ES\" \/>\n<meta property=\"og:type\" content=\"article\" \/>\n<meta property=\"og:title\" content=\"Requisitos necesarios para cobrar la prestaci\u00f3n por cotizaci\u00f3n insuficiente - Blog de Empleo en Hosteler\u00eda y Turismo - Hosteleo\" \/>\n<meta property=\"og:description\" content=\"Requisitos necesarios para cobrar la prestaci\u00f3n por cotizaci\u00f3n insuficiente. Inf\u00f3rmate sobre la duraci\u00f3n de la prestaci\u00f3n.\" \/>\n<meta property=\"og:url\" content=\"https:\/\/hosteleo.com\/blog\/requisitos-necesarios-para-cobrar-la-prestacion-por-cotizacion-insuficiente\/\" \/>\n<meta property=\"og:site_name\" content=\"Blog de Empleo en Hosteler\u00eda y Turismo - Hosteleo\" \/>\n<meta property=\"article:publisher\" content=\"https:\/\/www.facebook.com\/hosteleo\" \/>\n<meta property=\"article:published_time\" content=\"2022-06-09T09:09:06+00:00\" \/>\n<meta property=\"article:modified_time\" content=\"2022-06-09T09:09:08+00:00\" \/>\n<meta property=\"og:image\" content=\"https:\/\/hosteleo.com\/blog\/wp-content\/uploads\/2021\/10\/sepelogo-1-1024x768-1.jpg\" \/>\n\t<meta property=\"og:image:width\" content=\"1024\" \/>\n\t<meta property=\"og:image:height\" content=\"768\" \/>\n\t<meta property=\"og:image:type\" content=\"image\/jpeg\" \/>\n<meta name=\"author\" content=\"Lucia Mendez\" \/>\n<meta name=\"twitter:card\" content=\"summary_large_image\" \/>\n<meta name=\"twitter:creator\" content=\"@hosteleo\" \/>\n<meta name=\"twitter:site\" content=\"@hosteleo\" \/>\n<meta name=\"twitter:label1\" content=\"Escrito por\" \/>\n\t<meta name=\"twitter:data1\" content=\"Lucia Mendez\" \/>\n\t<meta name=\"twitter:label2\" content=\"Tiempo de lectura\" \/>\n\t<meta name=\"twitter:data2\" content=\"2 minutos\" \/>\n<script type=\"application\/ld+json\" class=\"yoast-schema-graph\">{\"@context\":\"https:\\\/\\\/schema.org\",\"@graph\":[{\"@type\":\"Article\",\"@id\":\"https:\\\/\\\/hosteleo.com\\\/blog\\\/requisitos-necesarios-para-cobrar-la-prestacion-por-cotizacion-insuficiente\\\/#article\",\"isPartOf\":{\"@id\":\"https:\\\/\\\/hosteleo.com\\\/blog\\\/requisitos-necesarios-para-cobrar-la-prestacion-por-cotizacion-insuficiente\\\/\"},\"author\":{\"name\":\"Lucia Mendez\",\"@id\":\"https:\\\/\\\/hosteleo.com\\\/blog\\\/#\\\/schema\\\/person\\\/79ebcc3f4d55b944b967a365a656f908\"},\"headline\":\"Requisitos necesarios para cobrar la prestaci\u00f3n por cotizaci\u00f3n insuficiente\",\"datePublished\":\"2022-06-09T09:09:06+00:00\",\"dateModified\":\"2022-06-09T09:09:08+00:00\",\"mainEntityOfPage\":{\"@id\":\"https:\\\/\\\/hosteleo.com\\\/blog\\\/requisitos-necesarios-para-cobrar-la-prestacion-por-cotizacion-insuficiente\\\/\"},\"wordCount\":482,\"commentCount\":2,\"publisher\":{\"@id\":\"https:\\\/\\\/hosteleo.com\\\/blog\\\/#organization\"},\"image\":{\"@id\":\"https:\\\/\\\/hosteleo.com\\\/blog\\\/requisitos-necesarios-para-cobrar-la-prestacion-por-cotizacion-insuficiente\\\/#primaryimage\"},\"thumbnailUrl\":\"https:\\\/\\\/hosteleo.com\\\/blog\\\/wp-content\\\/uploads\\\/2021\\\/10\\\/sepelogo-1-1024x768-1.jpg\",\"keywords\":[\"ayuda\",\"Ayuda desempleo\",\"Ayuda sepe\",\"Cotizacion\",\"Cotizacion insuficiente\",\"desempleo\",\"prestacion\",\"Prestacion desempleo\",\"Prestacion sepe\",\"Requisitos prestacion\",\"Requisitos prestacion por desempleo\",\"requisitos subsidio por desempleo\",\"sede electronica\",\"Sede Electronica SEPE\",\"SEPE\",\"Solicitar prestacion por desempleo\",\"Solicitar subsidio por desempleo\",\"subsidio\",\"Subsidio desempleo\",\"subsidio por cotizacion insuficiente\",\"Subsidio sepe\"],\"articleSection\":[\"Ayudas y prestaciones\"],\"inLanguage\":\"es\",\"potentialAction\":[{\"@type\":\"CommentAction\",\"name\":\"Comment\",\"target\":[\"https:\\\/\\\/hosteleo.com\\\/blog\\\/requisitos-necesarios-para-cobrar-la-prestacion-por-cotizacion-insuficiente\\\/#respond\"]}]},{\"@type\":\"WebPage\",\"@id\":\"https:\\\/\\\/hosteleo.com\\\/blog\\\/requisitos-necesarios-para-cobrar-la-prestacion-por-cotizacion-insuficiente\\\/\",\"url\":\"https:\\\/\\\/hosteleo.com\\\/blog\\\/requisitos-necesarios-para-cobrar-la-prestacion-por-cotizacion-insuficiente\\\/\",\"name\":\"Requisitos necesarios para cobrar la prestaci\u00f3n por cotizaci\u00f3n insuficiente - Blog de Empleo en Hosteler\u00eda y Turismo - Hosteleo\",\"isPartOf\":{\"@id\":\"https:\\\/\\\/hosteleo.com\\\/blog\\\/#website\"},\"primaryImageOfPage\":{\"@id\":\"https:\\\/\\\/hosteleo.com\\\/blog\\\/requisitos-necesarios-para-cobrar-la-prestacion-por-cotizacion-insuficiente\\\/#primaryimage\"},\"image\":{\"@id\":\"https:\\\/\\\/hosteleo.com\\\/blog\\\/requisitos-necesarios-para-cobrar-la-prestacion-por-cotizacion-insuficiente\\\/#primaryimage\"},\"thumbnailUrl\":\"https:\\\/\\\/hosteleo.com\\\/blog\\\/wp-content\\\/uploads\\\/2021\\\/10\\\/sepelogo-1-1024x768-1.jpg\",\"datePublished\":\"2022-06-09T09:09:06+00:00\",\"dateModified\":\"2022-06-09T09:09:08+00:00\",\"description\":\"Requisitos necesarios para cobrar la prestaci\u00f3n por cotizaci\u00f3n insuficiente. Inf\u00f3rmate sobre la duraci\u00f3n de la prestaci\u00f3n.\",\"breadcrumb\":{\"@id\":\"https:\\\/\\\/hosteleo.com\\\/blog\\\/requisitos-necesarios-para-cobrar-la-prestacion-por-cotizacion-insuficiente\\\/#breadcrumb\"},\"inLanguage\":\"es\",\"potentialAction\":[{\"@type\":\"ReadAction\",\"target\":[\"https:\\\/\\\/hosteleo.com\\\/blog\\\/requisitos-necesarios-para-cobrar-la-prestacion-por-cotizacion-insuficiente\\\/\"]}]},{\"@type\":\"ImageObject\",\"inLanguage\":\"es\",\"@id\":\"https:\\\/\\\/hosteleo.com\\\/blog\\\/requisitos-necesarios-para-cobrar-la-prestacion-por-cotizacion-insuficiente\\\/#primaryimage\",\"url\":\"https:\\\/\\\/hosteleo.com\\\/blog\\\/wp-content\\\/uploads\\\/2021\\\/10\\\/sepelogo-1-1024x768-1.jpg\",\"contentUrl\":\"https:\\\/\\\/hosteleo.com\\\/blog\\\/wp-content\\\/uploads\\\/2021\\\/10\\\/sepelogo-1-1024x768-1.jpg\",\"width\":1024,\"height\":768,\"caption\":\"Nuevo aviso del SEPE: cu\u00e1ntas veces se puede solicitar un mismo subsidio por desempleo\"},{\"@type\":\"BreadcrumbList\",\"@id\":\"https:\\\/\\\/hosteleo.com\\\/blog\\\/requisitos-necesarios-para-cobrar-la-prestacion-por-cotizacion-insuficiente\\\/#breadcrumb\",\"itemListElement\":[{\"@type\":\"ListItem\",\"position\":1,\"name\":\"Home\",\"item\":\"https:\\\/\\\/hosteleo.com\\\/blog\\\/\"},{\"@type\":\"ListItem\",\"position\":2,\"name\":\"Requisitos necesarios para cobrar la prestaci\u00f3n por cotizaci\u00f3n insuficiente\"}]},{\"@type\":\"WebSite\",\"@id\":\"https:\\\/\\\/hosteleo.com\\\/blog\\\/#website\",\"url\":\"https:\\\/\\\/hosteleo.com\\\/blog\\\/\",\"name\":\"Blog de Empleo en Hosteler\u00eda y Turismo - Hosteleo\",\"description\":\"Tu blog de Empleo en Hosteler\u00eda y Turismo\",\"publisher\":{\"@id\":\"https:\\\/\\\/hosteleo.com\\\/blog\\\/#organization\"},\"potentialAction\":[{\"@type\":\"SearchAction\",\"target\":{\"@type\":\"EntryPoint\",\"urlTemplate\":\"https:\\\/\\\/hosteleo.com\\\/blog\\\/?s={search_term_string}\"},\"query-input\":{\"@type\":\"PropertyValueSpecification\",\"valueRequired\":true,\"valueName\":\"search_term_string\"}}],\"inLanguage\":\"es\"},{\"@type\":\"Organization\",\"@id\":\"https:\\\/\\\/hosteleo.com\\\/blog\\\/#organization\",\"name\":\"Hosteleo\",\"url\":\"https:\\\/\\\/hosteleo.com\\\/blog\\\/\",\"logo\":{\"@type\":\"ImageObject\",\"inLanguage\":\"es\",\"@id\":\"https:\\\/\\\/hosteleo.com\\\/blog\\\/#\\\/schema\\\/logo\\\/image\\\/\",\"url\":\"https:\\\/\\\/hosteleo.wizzie.dev\\\/blog\\\/wp-content\\\/uploads\\\/2020\\\/05\\\/logo-hosteleo.png\",\"contentUrl\":\"https:\\\/\\\/hosteleo.wizzie.dev\\\/blog\\\/wp-content\\\/uploads\\\/2020\\\/05\\\/logo-hosteleo.png\",\"width\":475,\"height\":76,\"caption\":\"Hosteleo\"},\"image\":{\"@id\":\"https:\\\/\\\/hosteleo.com\\\/blog\\\/#\\\/schema\\\/logo\\\/image\\\/\"},\"sameAs\":[\"https:\\\/\\\/www.facebook.com\\\/hosteleo\",\"https:\\\/\\\/x.com\\\/hosteleo\",\"https:\\\/\\\/www.instagram.com\\\/hosteleo\\\/\",\"https:\\\/\\\/es.linkedin.com\\\/company\\\/hosteleo-com\"]},{\"@type\":\"Person\",\"@id\":\"https:\\\/\\\/hosteleo.com\\\/blog\\\/#\\\/schema\\\/person\\\/79ebcc3f4d55b944b967a365a656f908\",\"name\":\"Lucia Mendez\",\"image\":{\"@type\":\"ImageObject\",\"inLanguage\":\"es\",\"@id\":\"https:\\\/\\\/secure.gravatar.com\\\/avatar\\\/939287419fd9cfab10c87d595914d23a9b8797cd8fd6219748cc4e95cbd92fca?s=96&d=mm&r=g\",\"url\":\"https:\\\/\\\/secure.gravatar.com\\\/avatar\\\/939287419fd9cfab10c87d595914d23a9b8797cd8fd6219748cc4e95cbd92fca?s=96&d=mm&r=g\",\"contentUrl\":\"https:\\\/\\\/secure.gravatar.com\\\/avatar\\\/939287419fd9cfab10c87d595914d23a9b8797cd8fd6219748cc4e95cbd92fca?s=96&d=mm&r=g\",\"caption\":\"Lucia Mendez\"},\"url\":\"https:\\\/\\\/hosteleo.com\\\/blog\\\/author\\\/lucia-mendez\\\/\"}]}<\/script>\n<!-- \/ Yoast SEO plugin. -->","yoast_head_json":{"title":"Requisitos necesarios para cobrar la prestaci\u00f3n por cotizaci\u00f3n insuficiente - Blog de Empleo en Hosteler\u00eda y Turismo - Hosteleo","description":"Requisitos necesarios para cobrar la prestaci\u00f3n por cotizaci\u00f3n insuficiente. Inf\u00f3rmate sobre la duraci\u00f3n de la prestaci\u00f3n.","robots":{"index":"index","follow":"follow","max-snippet":"max-snippet:-1","max-image-preview":"max-image-preview:large","max-video-preview":"max-video-preview:-1"},"canonical":"https:\/\/hosteleo.com\/blog\/requisitos-necesarios-para-cobrar-la-prestacion-por-cotizacion-insuficiente\/","og_locale":"es_ES","og_type":"article","og_title":"Requisitos necesarios para cobrar la prestaci\u00f3n por cotizaci\u00f3n insuficiente - Blog de Empleo en Hosteler\u00eda y Turismo - Hosteleo","og_description":"Requisitos necesarios para cobrar la prestaci\u00f3n por cotizaci\u00f3n insuficiente. Inf\u00f3rmate sobre la duraci\u00f3n de la prestaci\u00f3n.","og_url":"https:\/\/hosteleo.com\/blog\/requisitos-necesarios-para-cobrar-la-prestacion-por-cotizacion-insuficiente\/","og_site_name":"Blog de Empleo en Hosteler\u00eda y Turismo - Hosteleo","article_publisher":"https:\/\/www.facebook.com\/hosteleo","article_published_time":"2022-06-09T09:09:06+00:00","article_modified_time":"2022-06-09T09:09:08+00:00","og_image":[{"width":1024,"height":768,"url":"https:\/\/hosteleo.com\/blog\/wp-content\/uploads\/2021\/10\/sepelogo-1-1024x768-1.jpg","type":"image\/jpeg"}],"author":"Lucia Mendez","twitter_card":"summary_large_image","twitter_creator":"@hosteleo","twitter_site":"@hosteleo","twitter_misc":{"Escrito por":"Lucia Mendez","Tiempo de lectura":"2 minutos"},"schema":{"@context":"https:\/\/schema.org","@graph":[{"@type":"Article","@id":"https:\/\/hosteleo.com\/blog\/requisitos-necesarios-para-cobrar-la-prestacion-por-cotizacion-insuficiente\/#article","isPartOf":{"@id":"https:\/\/hosteleo.com\/blog\/requisitos-necesarios-para-cobrar-la-prestacion-por-cotizacion-insuficiente\/"},"author":{"name":"Lucia Mendez","@id":"https:\/\/hosteleo.com\/blog\/#\/schema\/person\/79ebcc3f4d55b944b967a365a656f908"},"headline":"Requisitos necesarios para cobrar la prestaci\u00f3n por cotizaci\u00f3n insuficiente","datePublished":"2022-06-09T09:09:06+00:00","dateModified":"2022-06-09T09:09:08+00:00","mainEntityOfPage":{"@id":"https:\/\/hosteleo.com\/blog\/requisitos-necesarios-para-cobrar-la-prestacion-por-cotizacion-insuficiente\/"},"wordCount":482,"commentCount":2,"publisher":{"@id":"https:\/\/hosteleo.com\/blog\/#organization"},"image":{"@id":"https:\/\/hosteleo.com\/blog\/requisitos-necesarios-para-cobrar-la-prestacion-por-cotizacion-insuficiente\/#primaryimage"},"thumbnailUrl":"https:\/\/hosteleo.com\/blog\/wp-content\/uploads\/2021\/10\/sepelogo-1-1024x768-1.jpg","keywords":["ayuda","Ayuda desempleo","Ayuda sepe","Cotizacion","Cotizacion insuficiente","desempleo","prestacion","Prestacion desempleo","Prestacion sepe","Requisitos prestacion","Requisitos prestacion por desempleo","requisitos subsidio por desempleo","sede electronica","Sede Electronica SEPE","SEPE","Solicitar prestacion por desempleo","Solicitar subsidio por desempleo","subsidio","Subsidio desempleo","subsidio por cotizacion insuficiente","Subsidio sepe"],"articleSection":["Ayudas y prestaciones"],"inLanguage":"es","potentialAction":[{"@type":"CommentAction","name":"Comment","target":["https:\/\/hosteleo.com\/blog\/requisitos-necesarios-para-cobrar-la-prestacion-por-cotizacion-insuficiente\/#respond"]}]},{"@type":"WebPage","@id":"https:\/\/hosteleo.com\/blog\/requisitos-necesarios-para-cobrar-la-prestacion-por-cotizacion-insuficiente\/","url":"https:\/\/hosteleo.com\/blog\/requisitos-necesarios-para-cobrar-la-prestacion-por-cotizacion-insuficiente\/","name":"Requisitos necesarios para cobrar la prestaci\u00f3n por cotizaci\u00f3n insuficiente - Blog de Empleo en Hosteler\u00eda y Turismo - Hosteleo","isPartOf":{"@id":"https:\/\/hosteleo.com\/blog\/#website"},"primaryImageOfPage":{"@id":"https:\/\/hosteleo.com\/blog\/requisitos-necesarios-para-cobrar-la-prestacion-por-cotizacion-insuficiente\/#primaryimage"},"image":{"@id":"https:\/\/hosteleo.com\/blog\/requisitos-necesarios-para-cobrar-la-prestacion-por-cotizacion-insuficiente\/#primaryimage"},"thumbnailUrl":"https:\/\/hosteleo.com\/blog\/wp-content\/uploads\/2021\/10\/sepelogo-1-1024x768-1.jpg","datePublished":"2022-06-09T09:09:06+00:00","dateModified":"2022-06-09T09:09:08+00:00","description":"Requisitos necesarios para cobrar la prestaci\u00f3n por cotizaci\u00f3n insuficiente. Inf\u00f3rmate sobre la duraci\u00f3n de la prestaci\u00f3n.","breadcrumb":{"@id":"https:\/\/hosteleo.com\/blog\/requisitos-necesarios-para-cobrar-la-prestacion-por-cotizacion-insuficiente\/#breadcrumb"},"inLanguage":"es","potentialAction":[{"@type":"ReadAction","target":["https:\/\/hosteleo.com\/blog\/requisitos-necesarios-para-cobrar-la-prestacion-por-cotizacion-insuficiente\/"]}]},{"@type":"ImageObject","inLanguage":"es","@id":"https:\/\/hosteleo.com\/blog\/requisitos-necesarios-para-cobrar-la-prestacion-por-cotizacion-insuficiente\/#primaryimage","url":"https:\/\/hosteleo.com\/blog\/wp-content\/uploads\/2021\/10\/sepelogo-1-1024x768-1.jpg","contentUrl":"https:\/\/hosteleo.com\/blog\/wp-content\/uploads\/2021\/10\/sepelogo-1-1024x768-1.jpg","width":1024,"height":768,"caption":"Nuevo aviso del SEPE: cu\u00e1ntas veces se puede solicitar un mismo subsidio por desempleo"},{"@type":"BreadcrumbList","@id":"https:\/\/hosteleo.com\/blog\/requisitos-necesarios-para-cobrar-la-prestacion-por-cotizacion-insuficiente\/#breadcrumb","itemListElement":[{"@type":"ListItem","position":1,"name":"Home","item":"https:\/\/hosteleo.com\/blog\/"},{"@type":"ListItem","position":2,"name":"Requisitos necesarios para cobrar la prestaci\u00f3n por cotizaci\u00f3n insuficiente"}]},{"@type":"WebSite","@id":"https:\/\/hosteleo.com\/blog\/#website","url":"https:\/\/hosteleo.com\/blog\/","name":"Blog de Empleo en Hosteler\u00eda y Turismo - Hosteleo","description":"Tu blog de Empleo en Hosteler\u00eda y Turismo","publisher":{"@id":"https:\/\/hosteleo.com\/blog\/#organization"},"potentialAction":[{"@type":"SearchAction","target":{"@type":"EntryPoint","urlTemplate":"https:\/\/hosteleo.com\/blog\/?s={search_term_string}"},"query-input":{"@type":"PropertyValueSpecification","valueRequired":true,"valueName":"search_term_string"}}],"inLanguage":"es"},{"@type":"Organization","@id":"https:\/\/hosteleo.com\/blog\/#organization","name":"Hosteleo","url":"https:\/\/hosteleo.com\/blog\/","logo":{"@type":"ImageObject","inLanguage":"es","@id":"https:\/\/hosteleo.com\/blog\/#\/schema\/logo\/image\/","url":"https:\/\/hosteleo.wizzie.dev\/blog\/wp-content\/uploads\/2020\/05\/logo-hosteleo.png","contentUrl":"https:\/\/hosteleo.wizzie.dev\/blog\/wp-content\/uploads\/2020\/05\/logo-hosteleo.png","width":475,"height":76,"caption":"Hosteleo"},"image":{"@id":"https:\/\/hosteleo.com\/blog\/#\/schema\/logo\/image\/"},"sameAs":["https:\/\/www.facebook.com\/hosteleo","https:\/\/x.com\/hosteleo","https:\/\/www.instagram.com\/hosteleo\/","https:\/\/es.linkedin.com\/company\/hosteleo-com"]},{"@type":"Person","@id":"https:\/\/hosteleo.com\/blog\/#\/schema\/person\/79ebcc3f4d55b944b967a365a656f908","name":"Lucia Mendez","image":{"@type":"ImageObject","inLanguage":"es","@id":"https:\/\/secure.gravatar.com\/avatar\/939287419fd9cfab10c87d595914d23a9b8797cd8fd6219748cc4e95cbd92fca?s=96&d=mm&r=g","url":"https:\/\/secure.gravatar.com\/avatar\/939287419fd9cfab10c87d595914d23a9b8797cd8fd6219748cc4e95cbd92fca?s=96&d=mm&r=g","contentUrl":"https:\/\/secure.gravatar.com\/avatar\/939287419fd9cfab10c87d595914d23a9b8797cd8fd6219748cc4e95cbd92fca?s=96&d=mm&r=g","caption":"Lucia Mendez"},"url":"https:\/\/hosteleo.com\/blog\/author\/lucia-mendez\/"}]}},"amp_enabled":true,"_links":{"self":[{"href":"https:\/\/hosteleo.com\/blog\/wp-json\/wp\/v2\/posts\/13371","targetHints":{"allow":["GET"]}}],"collection":[{"href":"https:\/\/hosteleo.com\/blog\/wp-json\/wp\/v2\/posts"}],"about":[{"href":"https:\/\/hosteleo.com\/blog\/wp-json\/wp\/v2\/types\/post"}],"author":[{"embeddable":true,"href":"https:\/\/hosteleo.com\/blog\/wp-json\/wp\/v2\/users\/8"}],"replies":[{"embeddable":true,"href":"https:\/\/hosteleo.com\/blog\/wp-json\/wp\/v2\/comments?post=13371"}],"version-history":[{"count":14,"href":"https:\/\/hosteleo.com\/blog\/wp-json\/wp\/v2\/posts\/13371\/revisions"}],"predecessor-version":[{"id":13416,"href":"https:\/\/hosteleo.com\/blog\/wp-json\/wp\/v2\/posts\/13371\/revisions\/13416"}],"wp:featuredmedia":[{"embeddable":true,"href":"https:\/\/hosteleo.com\/blog\/wp-json\/wp\/v2\/media\/7865"}],"wp:attachment":[{"href":"https:\/\/hosteleo.com\/blog\/wp-json\/wp\/v2\/media?parent=13371"}],"wp:term":[{"taxonomy":"category","embeddable":true,"href":"https:\/\/hosteleo.com\/blog\/wp-json\/wp\/v2\/categories?post=13371"},{"taxonomy":"post_tag","embeddable":true,"href":"https:\/\/hosteleo.com\/blog\/wp-json\/wp\/v2\/tags?post=13371"}],"curies":[{"name":"wp","href":"https:\/\/api.w.org\/{rel}","templated":true}]}}