{"id":14584,"date":"2022-08-01T10:50:47","date_gmt":"2022-08-01T08:50:47","guid":{"rendered":"https:\/\/hosteleo.com\/blog\/?p=14584"},"modified":"2022-08-01T10:50:49","modified_gmt":"2022-08-01T08:50:49","slug":"cuando-se-cobra-el-paro-y-erte-en-agosto-de-2022","status":"publish","type":"post","link":"https:\/\/hosteleo.com\/blog\/cuando-se-cobra-el-paro-y-erte-en-agosto-de-2022\/","title":{"rendered":"Cu\u00e1ndo se cobra el paro y ERTE en agosto de 2022"},"content":{"rendered":"\n<p>Muchas personas en Espa\u00f1a, se encuentran en situaci\u00f3n de desempleo y necesitan solicitar y adquirir la prestaci\u00f3n contributiva por desempleo para poder cubrir sus necesidades. Por otro lado, tras las graves consecuencias generadas por la pandemia por Covid-19, todav\u00eda quedan trabajadores que se encuentran en situaci\u00f3n de ERTE, como ha ocurrido con gran parte del <a href=\"https:\/\/linkers.es\/\" rel=\"nofollow\">personal de hosteler\u00eda<\/a>, uno de los sectores m\u00e1s afectados. Las cifras de paro en Espa\u00f1a, contin\u00faan disminuyendo y se han situado en torno a los 2.900.000 de trabajadores, la cifra m\u00e1s baja desde 2008. En este art\u00edculo, <strong>te explicaremos cu\u00e1ndo se cobra el paro y ERTE en agosto de 2022<\/strong>, una duda que les surge a muchos de sus solicitantes.<\/p>\n\n\n\n<h2 class=\"wp-block-heading\">\u00bfQu\u00e9 d\u00edas se perciben estas ayudas?<\/h2>\n\n\n\n<p>A pesar de no existir un d\u00eda concreto para percibir estas ayudas, por norma general, el SEPE realiza los ingresos en la primera quincena de cada mes. Normalmente, <strong>este ingreso se hac\u00eda entre los d\u00edas 10 y 15 de cada mes<\/strong>, pero tras la pandemia, muchas <strong>entidades bancarias llegaron a un acuerdo con el SEPE para realizarlo en la primera semana de cada mes<\/strong>, favoreciendo as\u00ed a la hora de afrontar los pagos fijos mensuales a las familias m\u00e1s vulnerables. A pesar de que, seg\u00fan informa el SEPE, este adelanto es algo temporal, <strong>algunas entidades financieras seguir\u00e1n realizando el abono en los primeros d\u00edas del mes. Estos bancos son:<\/strong><\/p>\n\n\n\n<ul class=\"wp-block-list\"><li>Banco Santander.<\/li><li>Unicaja.<\/li><li>Caixabank.<\/li><li>Sabadell.<\/li><li>BBVA.<\/li><li>Ibercaja.<\/li><\/ul>\n\n\n\n<h2 class=\"wp-block-heading\">C\u00f3mo solicitar la prestaci\u00f3n por desempleo<\/h2>\n\n\n\n<p>Ahora que te hemos explicado cu\u00e1ndo se cobra el paro y ERTE en agosto de 2022, te ense\u00f1aremos <strong>c\u00f3mo solicitar la prestaci\u00f3n contributiva por desempleo.<\/strong> Actualmente, existen <strong>tres v\u00edas diferentes para solicitar la prestaci\u00f3n<\/strong>, aunque la m\u00e1s recomendada es a trav\u00e9s de Internet. <strong>Estos m\u00e9todos son los siguientes:<\/strong><\/p>\n\n\n\n<ul class=\"wp-block-list\"><li>Por <strong>Internet con el formulario de solicitud.<\/strong> Es necesario contar con <strong>certificado digital, Cl@ve o DNI electr\u00f3nico.<\/strong>\u00a0Este formulario se encuentra en la\u00a0<strong><a href=\"https:\/\/sede.sepe.gob.es\/portalSede\/es\/\">sede electr\u00f3nica del SEPE<\/a>, en el apartado \u201cSolicite su prestaci\u00f3n o subsidio por desempleo\u201d<\/strong>. Finalmente, debes\u00a0<strong>acceder a \u201cAcceso solicitudes\u201d<\/strong>\u00a0y finalizar el tr\u00e1mite.<\/li><li><strong>V\u00eda telem\u00e1tica sin certificado digital<\/strong>. Tienes que\u00a0<strong>acceder a la sede electr\u00f3nica del SEPE<\/strong> y pinchar en<strong>\u00a0\u201cFormulario de presolicitud de prestaci\u00f3n individual\u201d<\/strong>. Una vez dentro, debes\u00a0<strong>aportar los datos que te solicitan<\/strong>\u00a0y\u00a0<strong>presentarlo.<\/strong><\/li><li>Por \u00faltimo, tambi\u00e9n puedes\u00a0<strong>presentar la solicitud de forma presencial.<\/strong>\u00a0Para ello, es necesario\u00a0<strong>solicitar cita previa<\/strong>\u00a0para ser atendido personalmente en las oficinas del\u00a0<strong>Servicio P\u00fablico de Empleo Estatal<\/strong>.<\/li><\/ul>\n\n\n\n<h2 class=\"wp-block-heading\">M\u00e1s noticias sobre prestaciones:<\/h2>\n\n\n\n<ul class=\"wp-block-list\"><li><a href=\"https:\/\/hosteleo.com\/blog\/como-renovar-el-subsidio-por-desempleo\/\">C\u00f3mo renovar el subsidio por desempleo<\/a><\/li><li><a href=\"https:\/\/hosteleo.com\/blog\/cuantos-dias-corresponden-de-paro-segun-los-dias-cotizados\/\">Cu\u00e1ntos d\u00edas corresponden de paro seg\u00fan los d\u00edas cotizados<\/a><\/li><li><a href=\"https:\/\/hosteleo.com\/blog\/ingreso-minimo-vital-por-que-te-pueden-suspender-la-prestacion\/\">Ingreso M\u00ednimo Vital: por qu\u00e9 te pueden suspender la prestaci\u00f3n<\/a><\/li><\/ul>\n","protected":false},"excerpt":{"rendered":"<p>Muchas personas en Espa\u00f1a, se encuentran en situaci\u00f3n de desempleo y necesitan solicitar y adquirir la prestaci\u00f3n contributiva por desempleo para poder cubrir sus necesidades. Por otro lado, tras las graves consecuencias generadas por la pandemia por Covid-19, todav\u00eda quedan trabajadores que se encuentran en situaci\u00f3n de ERTE, como ha ocurrido con gran parte del [&hellip;]<\/p>\n","protected":false},"author":8,"featured_media":7432,"comment_status":"open","ping_status":"open","sticky":false,"template":"","format":"standard","meta":{"_exactmetrics_skip_tracking":false,"_exactmetrics_sitenote_active":false,"_exactmetrics_sitenote_note":"","_exactmetrics_sitenote_category":0,"footnotes":""},"categories":[944],"tags":[2536,3224,2049,3002,2052,449,2303,224,493,2300,1765,1837,2342,1081,1325,448,3637,3318,3634,2999],"class_list":["post-14584","post","type-post","status-publish","format-standard","has-post-thumbnail","hentry","category-ayudas-y-prestaciones","tag-ayuda-sepe","tag-bancos","tag-cobrar-paro","tag-cuando-se-cobra-el-paro","tag-cuando-se-cobra-erte","tag-desempleo","tag-desempleo-en-espana","tag-erte","tag-paro","tag-paro-en-espana","tag-prestacion-desempleo-2","tag-prestacion-paro-2","tag-prestacion-sepe","tag-sede-electronica","tag-sede-electronica-sepe","tag-sepe","tag-solicitar-ayuda-desempleo","tag-solicitar-paro","tag-solicitar-prestacion-desempleo","tag-subsidio-desempleo"],"yoast_head":"<!-- This site is optimized with the Yoast SEO plugin v27.5 - https:\/\/yoast.com\/product\/yoast-seo-wordpress\/ -->\n<title>Cu\u00e1ndo se cobra el paro y ERTE en agosto de 2022 - Blog de Empleo en Hosteler\u00eda y Turismo - Hosteleo<\/title>\n<meta name=\"description\" content=\"Cu\u00e1ndo se cobra el paro y ERTE en agosto de 2022. Conoce las entidades financieras que adelantan el pago de las ayudas.\" \/>\n<meta name=\"robots\" content=\"index, follow, max-snippet:-1, max-image-preview:large, max-video-preview:-1\" \/>\n<link rel=\"canonical\" href=\"https:\/\/hosteleo.com\/blog\/cuando-se-cobra-el-paro-y-erte-en-agosto-de-2022\/\" \/>\n<meta property=\"og:locale\" content=\"es_ES\" \/>\n<meta property=\"og:type\" content=\"article\" \/>\n<meta property=\"og:title\" content=\"Cu\u00e1ndo se cobra el paro y ERTE en agosto de 2022 - Blog de Empleo en Hosteler\u00eda y Turismo - Hosteleo\" \/>\n<meta property=\"og:description\" content=\"Cu\u00e1ndo se cobra el paro y ERTE en agosto de 2022. Conoce las entidades financieras que adelantan el pago de las ayudas.\" \/>\n<meta property=\"og:url\" content=\"https:\/\/hosteleo.com\/blog\/cuando-se-cobra-el-paro-y-erte-en-agosto-de-2022\/\" \/>\n<meta property=\"og:site_name\" content=\"Blog de Empleo en Hosteler\u00eda y Turismo - Hosteleo\" \/>\n<meta property=\"article:publisher\" content=\"https:\/\/www.facebook.com\/hosteleo\" \/>\n<meta property=\"article:published_time\" content=\"2022-08-01T08:50:47+00:00\" \/>\n<meta property=\"article:modified_time\" content=\"2022-08-01T08:50:49+00:00\" \/>\n<meta property=\"og:image\" content=\"https:\/\/hosteleo.com\/blog\/wp-content\/uploads\/2021\/09\/Oficina-empleo_2184691523_7454408_1300x731.jpg\" \/>\n\t<meta property=\"og:image:width\" content=\"1300\" \/>\n\t<meta property=\"og:image:height\" content=\"731\" \/>\n\t<meta property=\"og:image:type\" content=\"image\/jpeg\" \/>\n<meta name=\"author\" content=\"Lucia Mendez\" \/>\n<meta name=\"twitter:card\" content=\"summary_large_image\" \/>\n<meta name=\"twitter:creator\" content=\"@hosteleo\" \/>\n<meta name=\"twitter:site\" content=\"@hosteleo\" \/>\n<meta name=\"twitter:label1\" content=\"Escrito por\" \/>\n\t<meta name=\"twitter:data1\" content=\"Lucia Mendez\" \/>\n\t<meta name=\"twitter:label2\" content=\"Tiempo de lectura\" \/>\n\t<meta name=\"twitter:data2\" content=\"2 minutos\" \/>\n<script type=\"application\/ld+json\" class=\"yoast-schema-graph\">{\"@context\":\"https:\\\/\\\/schema.org\",\"@graph\":[{\"@type\":\"Article\",\"@id\":\"https:\\\/\\\/hosteleo.com\\\/blog\\\/cuando-se-cobra-el-paro-y-erte-en-agosto-de-2022\\\/#article\",\"isPartOf\":{\"@id\":\"https:\\\/\\\/hosteleo.com\\\/blog\\\/cuando-se-cobra-el-paro-y-erte-en-agosto-de-2022\\\/\"},\"author\":{\"name\":\"Lucia Mendez\",\"@id\":\"https:\\\/\\\/hosteleo.com\\\/blog\\\/#\\\/schema\\\/person\\\/79ebcc3f4d55b944b967a365a656f908\"},\"headline\":\"Cu\u00e1ndo se cobra el paro y ERTE en agosto de 2022\",\"datePublished\":\"2022-08-01T08:50:47+00:00\",\"dateModified\":\"2022-08-01T08:50:49+00:00\",\"mainEntityOfPage\":{\"@id\":\"https:\\\/\\\/hosteleo.com\\\/blog\\\/cuando-se-cobra-el-paro-y-erte-en-agosto-de-2022\\\/\"},\"wordCount\":487,\"commentCount\":2,\"publisher\":{\"@id\":\"https:\\\/\\\/hosteleo.com\\\/blog\\\/#organization\"},\"image\":{\"@id\":\"https:\\\/\\\/hosteleo.com\\\/blog\\\/cuando-se-cobra-el-paro-y-erte-en-agosto-de-2022\\\/#primaryimage\"},\"thumbnailUrl\":\"https:\\\/\\\/hosteleo.com\\\/blog\\\/wp-content\\\/uploads\\\/2021\\\/09\\\/Oficina-empleo_2184691523_7454408_1300x731.jpg\",\"keywords\":[\"Ayuda sepe\",\"Bancos\",\"cobrar paro\",\"Cuando se cobra el paro\",\"cuando se cobra erte\",\"desempleo\",\"Desempleo en espa\u00f1a\",\"erte\",\"paro\",\"Paro en espa\u00f1a\",\"Prestacion desempleo\",\"Prestacion paro\",\"Prestacion sepe\",\"sede electronica\",\"Sede Electronica SEPE\",\"SEPE\",\"solicitar ayuda desempleo\",\"solicitar paro\",\"solicitar prestacion desempleo\",\"Subsidio desempleo\"],\"articleSection\":[\"Ayudas y prestaciones\"],\"inLanguage\":\"es\",\"potentialAction\":[{\"@type\":\"CommentAction\",\"name\":\"Comment\",\"target\":[\"https:\\\/\\\/hosteleo.com\\\/blog\\\/cuando-se-cobra-el-paro-y-erte-en-agosto-de-2022\\\/#respond\"]}]},{\"@type\":\"WebPage\",\"@id\":\"https:\\\/\\\/hosteleo.com\\\/blog\\\/cuando-se-cobra-el-paro-y-erte-en-agosto-de-2022\\\/\",\"url\":\"https:\\\/\\\/hosteleo.com\\\/blog\\\/cuando-se-cobra-el-paro-y-erte-en-agosto-de-2022\\\/\",\"name\":\"Cu\u00e1ndo se cobra el paro y ERTE en agosto de 2022 - Blog de Empleo en Hosteler\u00eda y Turismo - Hosteleo\",\"isPartOf\":{\"@id\":\"https:\\\/\\\/hosteleo.com\\\/blog\\\/#website\"},\"primaryImageOfPage\":{\"@id\":\"https:\\\/\\\/hosteleo.com\\\/blog\\\/cuando-se-cobra-el-paro-y-erte-en-agosto-de-2022\\\/#primaryimage\"},\"image\":{\"@id\":\"https:\\\/\\\/hosteleo.com\\\/blog\\\/cuando-se-cobra-el-paro-y-erte-en-agosto-de-2022\\\/#primaryimage\"},\"thumbnailUrl\":\"https:\\\/\\\/hosteleo.com\\\/blog\\\/wp-content\\\/uploads\\\/2021\\\/09\\\/Oficina-empleo_2184691523_7454408_1300x731.jpg\",\"datePublished\":\"2022-08-01T08:50:47+00:00\",\"dateModified\":\"2022-08-01T08:50:49+00:00\",\"description\":\"Cu\u00e1ndo se cobra el paro y ERTE en agosto de 2022. Conoce las entidades financieras que adelantan el pago de las ayudas.\",\"breadcrumb\":{\"@id\":\"https:\\\/\\\/hosteleo.com\\\/blog\\\/cuando-se-cobra-el-paro-y-erte-en-agosto-de-2022\\\/#breadcrumb\"},\"inLanguage\":\"es\",\"potentialAction\":[{\"@type\":\"ReadAction\",\"target\":[\"https:\\\/\\\/hosteleo.com\\\/blog\\\/cuando-se-cobra-el-paro-y-erte-en-agosto-de-2022\\\/\"]}]},{\"@type\":\"ImageObject\",\"inLanguage\":\"es\",\"@id\":\"https:\\\/\\\/hosteleo.com\\\/blog\\\/cuando-se-cobra-el-paro-y-erte-en-agosto-de-2022\\\/#primaryimage\",\"url\":\"https:\\\/\\\/hosteleo.com\\\/blog\\\/wp-content\\\/uploads\\\/2021\\\/09\\\/Oficina-empleo_2184691523_7454408_1300x731.jpg\",\"contentUrl\":\"https:\\\/\\\/hosteleo.com\\\/blog\\\/wp-content\\\/uploads\\\/2021\\\/09\\\/Oficina-empleo_2184691523_7454408_1300x731.jpg\",\"width\":1300,\"height\":731,\"caption\":\"C\u00f3mo solicitar el subsidio para mayores de 45 a\u00f1os una vez agotado el paro\"},{\"@type\":\"BreadcrumbList\",\"@id\":\"https:\\\/\\\/hosteleo.com\\\/blog\\\/cuando-se-cobra-el-paro-y-erte-en-agosto-de-2022\\\/#breadcrumb\",\"itemListElement\":[{\"@type\":\"ListItem\",\"position\":1,\"name\":\"Home\",\"item\":\"https:\\\/\\\/hosteleo.com\\\/blog\\\/\"},{\"@type\":\"ListItem\",\"position\":2,\"name\":\"Cu\u00e1ndo se cobra el paro y ERTE en agosto de 2022\"}]},{\"@type\":\"WebSite\",\"@id\":\"https:\\\/\\\/hosteleo.com\\\/blog\\\/#website\",\"url\":\"https:\\\/\\\/hosteleo.com\\\/blog\\\/\",\"name\":\"Blog de Empleo en Hosteler\u00eda y Turismo - Hosteleo\",\"description\":\"Tu blog de Empleo en Hosteler\u00eda y Turismo\",\"publisher\":{\"@id\":\"https:\\\/\\\/hosteleo.com\\\/blog\\\/#organization\"},\"potentialAction\":[{\"@type\":\"SearchAction\",\"target\":{\"@type\":\"EntryPoint\",\"urlTemplate\":\"https:\\\/\\\/hosteleo.com\\\/blog\\\/?s={search_term_string}\"},\"query-input\":{\"@type\":\"PropertyValueSpecification\",\"valueRequired\":true,\"valueName\":\"search_term_string\"}}],\"inLanguage\":\"es\"},{\"@type\":\"Organization\",\"@id\":\"https:\\\/\\\/hosteleo.com\\\/blog\\\/#organization\",\"name\":\"Hosteleo\",\"url\":\"https:\\\/\\\/hosteleo.com\\\/blog\\\/\",\"logo\":{\"@type\":\"ImageObject\",\"inLanguage\":\"es\",\"@id\":\"https:\\\/\\\/hosteleo.com\\\/blog\\\/#\\\/schema\\\/logo\\\/image\\\/\",\"url\":\"https:\\\/\\\/hosteleo.wizzie.dev\\\/blog\\\/wp-content\\\/uploads\\\/2020\\\/05\\\/logo-hosteleo.png\",\"contentUrl\":\"https:\\\/\\\/hosteleo.wizzie.dev\\\/blog\\\/wp-content\\\/uploads\\\/2020\\\/05\\\/logo-hosteleo.png\",\"width\":475,\"height\":76,\"caption\":\"Hosteleo\"},\"image\":{\"@id\":\"https:\\\/\\\/hosteleo.com\\\/blog\\\/#\\\/schema\\\/logo\\\/image\\\/\"},\"sameAs\":[\"https:\\\/\\\/www.facebook.com\\\/hosteleo\",\"https:\\\/\\\/x.com\\\/hosteleo\",\"https:\\\/\\\/www.instagram.com\\\/hosteleo\\\/\",\"https:\\\/\\\/es.linkedin.com\\\/company\\\/hosteleo-com\"]},{\"@type\":\"Person\",\"@id\":\"https:\\\/\\\/hosteleo.com\\\/blog\\\/#\\\/schema\\\/person\\\/79ebcc3f4d55b944b967a365a656f908\",\"name\":\"Lucia Mendez\",\"image\":{\"@type\":\"ImageObject\",\"inLanguage\":\"es\",\"@id\":\"https:\\\/\\\/secure.gravatar.com\\\/avatar\\\/939287419fd9cfab10c87d595914d23a9b8797cd8fd6219748cc4e95cbd92fca?s=96&d=mm&r=g\",\"url\":\"https:\\\/\\\/secure.gravatar.com\\\/avatar\\\/939287419fd9cfab10c87d595914d23a9b8797cd8fd6219748cc4e95cbd92fca?s=96&d=mm&r=g\",\"contentUrl\":\"https:\\\/\\\/secure.gravatar.com\\\/avatar\\\/939287419fd9cfab10c87d595914d23a9b8797cd8fd6219748cc4e95cbd92fca?s=96&d=mm&r=g\",\"caption\":\"Lucia Mendez\"},\"url\":\"https:\\\/\\\/hosteleo.com\\\/blog\\\/author\\\/lucia-mendez\\\/\"}]}<\/script>\n<!-- \/ Yoast SEO plugin. -->","yoast_head_json":{"title":"Cu\u00e1ndo se cobra el paro y ERTE en agosto de 2022 - Blog de Empleo en Hosteler\u00eda y Turismo - Hosteleo","description":"Cu\u00e1ndo se cobra el paro y ERTE en agosto de 2022. Conoce las entidades financieras que adelantan el pago de las ayudas.","robots":{"index":"index","follow":"follow","max-snippet":"max-snippet:-1","max-image-preview":"max-image-preview:large","max-video-preview":"max-video-preview:-1"},"canonical":"https:\/\/hosteleo.com\/blog\/cuando-se-cobra-el-paro-y-erte-en-agosto-de-2022\/","og_locale":"es_ES","og_type":"article","og_title":"Cu\u00e1ndo se cobra el paro y ERTE en agosto de 2022 - Blog de Empleo en Hosteler\u00eda y Turismo - Hosteleo","og_description":"Cu\u00e1ndo se cobra el paro y ERTE en agosto de 2022. Conoce las entidades financieras que adelantan el pago de las ayudas.","og_url":"https:\/\/hosteleo.com\/blog\/cuando-se-cobra-el-paro-y-erte-en-agosto-de-2022\/","og_site_name":"Blog de Empleo en Hosteler\u00eda y Turismo - Hosteleo","article_publisher":"https:\/\/www.facebook.com\/hosteleo","article_published_time":"2022-08-01T08:50:47+00:00","article_modified_time":"2022-08-01T08:50:49+00:00","og_image":[{"width":1300,"height":731,"url":"https:\/\/hosteleo.com\/blog\/wp-content\/uploads\/2021\/09\/Oficina-empleo_2184691523_7454408_1300x731.jpg","type":"image\/jpeg"}],"author":"Lucia Mendez","twitter_card":"summary_large_image","twitter_creator":"@hosteleo","twitter_site":"@hosteleo","twitter_misc":{"Escrito por":"Lucia Mendez","Tiempo de lectura":"2 minutos"},"schema":{"@context":"https:\/\/schema.org","@graph":[{"@type":"Article","@id":"https:\/\/hosteleo.com\/blog\/cuando-se-cobra-el-paro-y-erte-en-agosto-de-2022\/#article","isPartOf":{"@id":"https:\/\/hosteleo.com\/blog\/cuando-se-cobra-el-paro-y-erte-en-agosto-de-2022\/"},"author":{"name":"Lucia Mendez","@id":"https:\/\/hosteleo.com\/blog\/#\/schema\/person\/79ebcc3f4d55b944b967a365a656f908"},"headline":"Cu\u00e1ndo se cobra el paro y ERTE en agosto de 2022","datePublished":"2022-08-01T08:50:47+00:00","dateModified":"2022-08-01T08:50:49+00:00","mainEntityOfPage":{"@id":"https:\/\/hosteleo.com\/blog\/cuando-se-cobra-el-paro-y-erte-en-agosto-de-2022\/"},"wordCount":487,"commentCount":2,"publisher":{"@id":"https:\/\/hosteleo.com\/blog\/#organization"},"image":{"@id":"https:\/\/hosteleo.com\/blog\/cuando-se-cobra-el-paro-y-erte-en-agosto-de-2022\/#primaryimage"},"thumbnailUrl":"https:\/\/hosteleo.com\/blog\/wp-content\/uploads\/2021\/09\/Oficina-empleo_2184691523_7454408_1300x731.jpg","keywords":["Ayuda sepe","Bancos","cobrar paro","Cuando se cobra el paro","cuando se cobra erte","desempleo","Desempleo en espa\u00f1a","erte","paro","Paro en espa\u00f1a","Prestacion desempleo","Prestacion paro","Prestacion sepe","sede electronica","Sede Electronica SEPE","SEPE","solicitar ayuda desempleo","solicitar paro","solicitar prestacion desempleo","Subsidio desempleo"],"articleSection":["Ayudas y prestaciones"],"inLanguage":"es","potentialAction":[{"@type":"CommentAction","name":"Comment","target":["https:\/\/hosteleo.com\/blog\/cuando-se-cobra-el-paro-y-erte-en-agosto-de-2022\/#respond"]}]},{"@type":"WebPage","@id":"https:\/\/hosteleo.com\/blog\/cuando-se-cobra-el-paro-y-erte-en-agosto-de-2022\/","url":"https:\/\/hosteleo.com\/blog\/cuando-se-cobra-el-paro-y-erte-en-agosto-de-2022\/","name":"Cu\u00e1ndo se cobra el paro y ERTE en agosto de 2022 - Blog de Empleo en Hosteler\u00eda y Turismo - Hosteleo","isPartOf":{"@id":"https:\/\/hosteleo.com\/blog\/#website"},"primaryImageOfPage":{"@id":"https:\/\/hosteleo.com\/blog\/cuando-se-cobra-el-paro-y-erte-en-agosto-de-2022\/#primaryimage"},"image":{"@id":"https:\/\/hosteleo.com\/blog\/cuando-se-cobra-el-paro-y-erte-en-agosto-de-2022\/#primaryimage"},"thumbnailUrl":"https:\/\/hosteleo.com\/blog\/wp-content\/uploads\/2021\/09\/Oficina-empleo_2184691523_7454408_1300x731.jpg","datePublished":"2022-08-01T08:50:47+00:00","dateModified":"2022-08-01T08:50:49+00:00","description":"Cu\u00e1ndo se cobra el paro y ERTE en agosto de 2022. Conoce las entidades financieras que adelantan el pago de las ayudas.","breadcrumb":{"@id":"https:\/\/hosteleo.com\/blog\/cuando-se-cobra-el-paro-y-erte-en-agosto-de-2022\/#breadcrumb"},"inLanguage":"es","potentialAction":[{"@type":"ReadAction","target":["https:\/\/hosteleo.com\/blog\/cuando-se-cobra-el-paro-y-erte-en-agosto-de-2022\/"]}]},{"@type":"ImageObject","inLanguage":"es","@id":"https:\/\/hosteleo.com\/blog\/cuando-se-cobra-el-paro-y-erte-en-agosto-de-2022\/#primaryimage","url":"https:\/\/hosteleo.com\/blog\/wp-content\/uploads\/2021\/09\/Oficina-empleo_2184691523_7454408_1300x731.jpg","contentUrl":"https:\/\/hosteleo.com\/blog\/wp-content\/uploads\/2021\/09\/Oficina-empleo_2184691523_7454408_1300x731.jpg","width":1300,"height":731,"caption":"C\u00f3mo solicitar el subsidio para mayores de 45 a\u00f1os una vez agotado el paro"},{"@type":"BreadcrumbList","@id":"https:\/\/hosteleo.com\/blog\/cuando-se-cobra-el-paro-y-erte-en-agosto-de-2022\/#breadcrumb","itemListElement":[{"@type":"ListItem","position":1,"name":"Home","item":"https:\/\/hosteleo.com\/blog\/"},{"@type":"ListItem","position":2,"name":"Cu\u00e1ndo se cobra el paro y ERTE en agosto de 2022"}]},{"@type":"WebSite","@id":"https:\/\/hosteleo.com\/blog\/#website","url":"https:\/\/hosteleo.com\/blog\/","name":"Blog de Empleo en Hosteler\u00eda y Turismo - Hosteleo","description":"Tu blog de Empleo en Hosteler\u00eda y Turismo","publisher":{"@id":"https:\/\/hosteleo.com\/blog\/#organization"},"potentialAction":[{"@type":"SearchAction","target":{"@type":"EntryPoint","urlTemplate":"https:\/\/hosteleo.com\/blog\/?s={search_term_string}"},"query-input":{"@type":"PropertyValueSpecification","valueRequired":true,"valueName":"search_term_string"}}],"inLanguage":"es"},{"@type":"Organization","@id":"https:\/\/hosteleo.com\/blog\/#organization","name":"Hosteleo","url":"https:\/\/hosteleo.com\/blog\/","logo":{"@type":"ImageObject","inLanguage":"es","@id":"https:\/\/hosteleo.com\/blog\/#\/schema\/logo\/image\/","url":"https:\/\/hosteleo.wizzie.dev\/blog\/wp-content\/uploads\/2020\/05\/logo-hosteleo.png","contentUrl":"https:\/\/hosteleo.wizzie.dev\/blog\/wp-content\/uploads\/2020\/05\/logo-hosteleo.png","width":475,"height":76,"caption":"Hosteleo"},"image":{"@id":"https:\/\/hosteleo.com\/blog\/#\/schema\/logo\/image\/"},"sameAs":["https:\/\/www.facebook.com\/hosteleo","https:\/\/x.com\/hosteleo","https:\/\/www.instagram.com\/hosteleo\/","https:\/\/es.linkedin.com\/company\/hosteleo-com"]},{"@type":"Person","@id":"https:\/\/hosteleo.com\/blog\/#\/schema\/person\/79ebcc3f4d55b944b967a365a656f908","name":"Lucia Mendez","image":{"@type":"ImageObject","inLanguage":"es","@id":"https:\/\/secure.gravatar.com\/avatar\/939287419fd9cfab10c87d595914d23a9b8797cd8fd6219748cc4e95cbd92fca?s=96&d=mm&r=g","url":"https:\/\/secure.gravatar.com\/avatar\/939287419fd9cfab10c87d595914d23a9b8797cd8fd6219748cc4e95cbd92fca?s=96&d=mm&r=g","contentUrl":"https:\/\/secure.gravatar.com\/avatar\/939287419fd9cfab10c87d595914d23a9b8797cd8fd6219748cc4e95cbd92fca?s=96&d=mm&r=g","caption":"Lucia Mendez"},"url":"https:\/\/hosteleo.com\/blog\/author\/lucia-mendez\/"}]}},"amp_enabled":true,"_links":{"self":[{"href":"https:\/\/hosteleo.com\/blog\/wp-json\/wp\/v2\/posts\/14584","targetHints":{"allow":["GET"]}}],"collection":[{"href":"https:\/\/hosteleo.com\/blog\/wp-json\/wp\/v2\/posts"}],"about":[{"href":"https:\/\/hosteleo.com\/blog\/wp-json\/wp\/v2\/types\/post"}],"author":[{"embeddable":true,"href":"https:\/\/hosteleo.com\/blog\/wp-json\/wp\/v2\/users\/8"}],"replies":[{"embeddable":true,"href":"https:\/\/hosteleo.com\/blog\/wp-json\/wp\/v2\/comments?post=14584"}],"version-history":[{"count":7,"href":"https:\/\/hosteleo.com\/blog\/wp-json\/wp\/v2\/posts\/14584\/revisions"}],"predecessor-version":[{"id":14608,"href":"https:\/\/hosteleo.com\/blog\/wp-json\/wp\/v2\/posts\/14584\/revisions\/14608"}],"wp:featuredmedia":[{"embeddable":true,"href":"https:\/\/hosteleo.com\/blog\/wp-json\/wp\/v2\/media\/7432"}],"wp:attachment":[{"href":"https:\/\/hosteleo.com\/blog\/wp-json\/wp\/v2\/media?parent=14584"}],"wp:term":[{"taxonomy":"category","embeddable":true,"href":"https:\/\/hosteleo.com\/blog\/wp-json\/wp\/v2\/categories?post=14584"},{"taxonomy":"post_tag","embeddable":true,"href":"https:\/\/hosteleo.com\/blog\/wp-json\/wp\/v2\/tags?post=14584"}],"curies":[{"name":"wp","href":"https:\/\/api.w.org\/{rel}","templated":true}]}}