{"id":17679,"date":"2022-11-30T11:52:46","date_gmt":"2022-11-30T10:52:46","guid":{"rendered":"https:\/\/hosteleo.com\/blog\/?p=17679"},"modified":"2022-11-30T11:52:49","modified_gmt":"2022-11-30T10:52:49","slug":"paro-en-diciembre-fechas-de-cobro-de-la-prestacion","status":"publish","type":"post","link":"https:\/\/hosteleo.com\/blog\/paro-en-diciembre-fechas-de-cobro-de-la-prestacion\/","title":{"rendered":"Paro en diciembre: fechas de cobro de la prestaci\u00f3n"},"content":{"rendered":"\n<p>La prestaci\u00f3n contributiva por desempleo o paro, es la ayuda m\u00e1s solicitada en Espa\u00f1a y que m\u00e1s ciudadanos percibe actualmente. En estos momentos, cerca de 2.900.000 personas, reciben esta prestaci\u00f3n mensualmente, cifra que ha incrementado respecto a los \u00faltimos meses. A medida que nos acercamos al inicio de cada mes, muchos de estos perceptores se preguntan qu\u00e9 d\u00eda recibir\u00e1n esta ayuda. En este art\u00edculo, te explicaremos <strong>cu\u00e1les son las fechas de cobro de la prestaci\u00f3n del paro en diciembre de 2022,<\/strong> seg\u00fan cada entidad bancaria.<\/p>\n\n\n\n<h2 class=\"wp-block-heading\">Qu\u00e9 d\u00eda se cobra la prestaci\u00f3n <\/h2>\n\n\n\n<p>Con la pandemia por Covid-19, donde muchas personas de diferentes sectores como la <a href=\"https:\/\/linkers.es\/\" rel=\"nofollow\">hosteler\u00eda<\/a> perdieron su empleo, <strong>tanto el SEPE como las entidades bancarias se pusieron de acuerdo para adelantar el pago<\/strong> de esta prestaci\u00f3n a principios de cada mes. Anteriormente, <strong>esta ayuda se percib\u00eda entre los d\u00edas 10 y 15.<\/strong> Con la vuelta a la normalidad, algunos bancos tomaron la decisi\u00f3n de continuar adelantando el pago, mientras que otros decidieron volver a los d\u00edas habituales. De cara a diciembre, <strong>las fechas establecidas son las siguientes:<\/strong><\/p>\n\n\n\n<ul class=\"wp-block-list\"><li><strong>Banco Sabadell, ING, Cajamar, BBVA y Abanca<\/strong> realizar\u00e1n el pago en torno al <strong>d\u00eda 12 de diciembre.<\/strong><\/li><li><strong>Banco Santander, Openbank y Caja Rural<\/strong> se prev\u00e9 que lo hagan en la <strong>primera semana del mes.<\/strong><\/li><li>Otras entidades bancarias como <strong>CaixaBank<\/strong> todav\u00eda <strong>no han establecido un d\u00eda para el pago<\/strong> de esta ayuda.<\/li><\/ul>\n\n\n\n<h2 class=\"wp-block-heading\">C\u00f3mo solicitar el paro<\/h2>\n\n\n\n<p><strong>Para solicitar la prestaci\u00f3n por desempleo puedes hacerlo de diferentes formas.<\/strong> Recuerda que, para acceder a esta prestaci\u00f3n es necesario cumplir una serie de requisitos, relacionados principalmente con la cotizaci\u00f3n. <strong>Los tres m\u00e9todos para solicitar esta ayuda son los siguientes:<\/strong><\/p>\n\n\n\n<ul class=\"wp-block-list\"><li>Por <strong>Internet<\/strong>. Es la forma m\u00e1s r\u00e1pida y recomendada. Para ello, es <strong>necesario contar con certificado digital o usuario Cl@ve.<\/strong> En este caso, debes acceder a la <strong>sede electr\u00f3nica del SEPE.<\/strong> Una vez dentro, tienes que <strong>pinchar en el apartado \u201cSolicite su prestaci\u00f3n o subsidio por desempleo\u201d<\/strong> y seguir los pasos que te indican. Puedes acceder directamente <a href=\"https:\/\/sede.sepe.gob.es\/portalSede\/procedimientos-y-servicios\/personas\/proteccion-por-desempleo\/solicitud-de-prestaciones.html\">pinchando aqu\u00ed<\/a>.<\/li><li>V\u00eda <strong>telem\u00e1tica sin certificado digital.<\/strong> Para ello, tienes que <strong>presentar el \u201cFormulario de presolicitud de prestaci\u00f3n individual\u201d<\/strong> en la sede electr\u00f3nica del SEPE.<\/li><li>Por \u00faltimo, puedes solicitar esta prestaci\u00f3n de forma <strong>presencial<\/strong>. Es necesario <strong>cita previa<\/strong> para acudir presencialmente a alguna de las <strong>oficinas del SEPE.<\/strong><\/li><\/ul>\n\n\n\n<figure class=\"wp-block-image size-large\"><a href=\"https:\/\/hosteleo.com\/blog\/wp-content\/uploads\/2022\/11\/218FDB91-034E-4070-B3C9-FE20311B829E.png\"><img loading=\"lazy\" decoding=\"async\" width=\"1024\" height=\"473\" src=\"https:\/\/hosteleo.com\/blog\/wp-content\/uploads\/2022\/11\/218FDB91-034E-4070-B3C9-FE20311B829E-1024x473.png\" alt=\"Paro en diciembre: fechas de cobro de la prestaci\u00f3n \" class=\"wp-image-17685\" srcset=\"https:\/\/hosteleo.com\/blog\/wp-content\/uploads\/2022\/11\/218FDB91-034E-4070-B3C9-FE20311B829E-1024x473.png 1024w, https:\/\/hosteleo.com\/blog\/wp-content\/uploads\/2022\/11\/218FDB91-034E-4070-B3C9-FE20311B829E-300x139.png 300w, https:\/\/hosteleo.com\/blog\/wp-content\/uploads\/2022\/11\/218FDB91-034E-4070-B3C9-FE20311B829E-768x355.png 768w, https:\/\/hosteleo.com\/blog\/wp-content\/uploads\/2022\/11\/218FDB91-034E-4070-B3C9-FE20311B829E-1536x709.png 1536w, https:\/\/hosteleo.com\/blog\/wp-content\/uploads\/2022\/11\/218FDB91-034E-4070-B3C9-FE20311B829E-2048x946.png 2048w, https:\/\/hosteleo.com\/blog\/wp-content\/uploads\/2022\/11\/218FDB91-034E-4070-B3C9-FE20311B829E-810x374.png 810w, https:\/\/hosteleo.com\/blog\/wp-content\/uploads\/2022\/11\/218FDB91-034E-4070-B3C9-FE20311B829E-1140x526.png 1140w\" sizes=\"auto, (max-width: 1024px) 100vw, 1024px\" \/><\/a><figcaption><em>Paro en diciembre: fechas de cobro de la prestaci\u00f3n<\/em><\/figcaption><\/figure>\n\n\n\n<h2 class=\"wp-block-heading\">M\u00e1s noticias sobre prestaciones:<\/h2>\n\n\n\n<ul class=\"wp-block-list\"><li><a href=\"https:\/\/hosteleo.com\/blog\/simulador-del-ingreso-minimo-vital-como-saber-si-tienes-derecho-a-esta-ayuda\/\">Simulador del Ingreso M\u00ednimo Vital: c\u00f3mo saber si tienes derecho a esta ayuda<\/a><\/li><li><a href=\"https:\/\/hosteleo.com\/blog\/estos-son-los-8-subsidios-por-desempleo-que-puedes-solicitar-al-sepe\/\">Estos son los 8 subsidios por desempleo que puedes solicitar al SEPE<\/a><\/li><li><a href=\"https:\/\/hosteleo.com\/blog\/estos-son-los-requisitos-para-el-subsidio-de-mayores-de-45-anos\/\">Estos son los requisitos para el subsidio de mayores de 45 a\u00f1os<\/a><\/li><\/ul>\n","protected":false},"excerpt":{"rendered":"<p>La prestaci\u00f3n contributiva por desempleo o paro, es la ayuda m\u00e1s solicitada en Espa\u00f1a y que m\u00e1s ciudadanos percibe actualmente. En estos momentos, cerca de 2.900.000 personas, reciben esta prestaci\u00f3n mensualmente, cifra que ha incrementado respecto a los \u00faltimos meses. A medida que nos acercamos al inicio de cada mes, muchos de estos perceptores se [&hellip;]<\/p>\n","protected":false},"author":8,"featured_media":7865,"comment_status":"open","ping_status":"open","sticky":false,"template":"","format":"standard","meta":{"_exactmetrics_skip_tracking":false,"_exactmetrics_sitenote_active":false,"_exactmetrics_sitenote_note":"","_exactmetrics_sitenote_category":0,"footnotes":""},"categories":[944],"tags":[3460,1181,2414,1872,537,493,588,2623,2644,1175,2342,719,4575,4578,1081,1325,448,3083,3318,1178,3634,2557,1582,1006,1003,2542],"class_list":["post-17679","post","type-post","status-publish","format-standard","has-post-thumbnail","hentry","category-ayudas-y-prestaciones","tag-ayuda-paro","tag-ayuda-por-desempleo","tag-ayudas-sepe","tag-oficina-sepe","tag-pago-sepe","tag-paro","tag-prestacion-2","tag-prestacion-contributiva","tag-prestacion-contributiva-por-desempleo","tag-prestacion-por-desempleo","tag-prestacion-sepe","tag-prestaciones-sepe","tag-que-dia-se-cobra-paro","tag-que-dia-se-cobra-prestacion","tag-sede-electronica","tag-sede-electronica-sepe","tag-sepe","tag-solicitar-cita-previa-sepe","tag-solicitar-paro","tag-solicitar-prestacion-2","tag-solicitar-prestacion-desempleo","tag-solicitar-prestacion-por-desempleo","tag-solicitar-subsidio","tag-subsidio","tag-subsidio-por-desempleo","tag-subsidio-sepe"],"yoast_head":"<!-- This site is optimized with the Yoast SEO plugin v27.5 - https:\/\/yoast.com\/product\/yoast-seo-wordpress\/ -->\n<title>Paro en diciembre: fechas de cobro de la prestaci\u00f3n - Blog de Empleo en Hosteler\u00eda y Turismo - Hosteleo<\/title>\n<meta name=\"description\" content=\"Paro en diciembre: fechas de cobro de la prestaci\u00f3n. Te explicamos tambi\u00e9n, las v\u00edas para solicitar esta ayuda.\" \/>\n<meta name=\"robots\" content=\"index, follow, max-snippet:-1, max-image-preview:large, max-video-preview:-1\" \/>\n<link rel=\"canonical\" href=\"https:\/\/hosteleo.com\/blog\/paro-en-diciembre-fechas-de-cobro-de-la-prestacion\/\" \/>\n<meta property=\"og:locale\" content=\"es_ES\" \/>\n<meta property=\"og:type\" content=\"article\" \/>\n<meta property=\"og:title\" content=\"Paro en diciembre: fechas de cobro de la prestaci\u00f3n - Blog de Empleo en Hosteler\u00eda y Turismo - Hosteleo\" \/>\n<meta property=\"og:description\" content=\"Paro en diciembre: fechas de cobro de la prestaci\u00f3n. Te explicamos tambi\u00e9n, las v\u00edas para solicitar esta ayuda.\" \/>\n<meta property=\"og:url\" content=\"https:\/\/hosteleo.com\/blog\/paro-en-diciembre-fechas-de-cobro-de-la-prestacion\/\" \/>\n<meta property=\"og:site_name\" content=\"Blog de Empleo en Hosteler\u00eda y Turismo - Hosteleo\" \/>\n<meta property=\"article:publisher\" content=\"https:\/\/www.facebook.com\/hosteleo\" \/>\n<meta property=\"article:published_time\" content=\"2022-11-30T10:52:46+00:00\" \/>\n<meta property=\"article:modified_time\" content=\"2022-11-30T10:52:49+00:00\" \/>\n<meta property=\"og:image\" content=\"https:\/\/hosteleo.com\/blog\/wp-content\/uploads\/2021\/10\/sepelogo-1-1024x768-1.jpg\" \/>\n\t<meta property=\"og:image:width\" content=\"1024\" \/>\n\t<meta property=\"og:image:height\" content=\"768\" \/>\n\t<meta property=\"og:image:type\" content=\"image\/jpeg\" \/>\n<meta name=\"author\" content=\"Lucia Mendez\" \/>\n<meta name=\"twitter:card\" content=\"summary_large_image\" \/>\n<meta name=\"twitter:creator\" content=\"@hosteleo\" \/>\n<meta name=\"twitter:site\" content=\"@hosteleo\" \/>\n<meta name=\"twitter:label1\" content=\"Escrito por\" \/>\n\t<meta name=\"twitter:data1\" content=\"Lucia Mendez\" \/>\n\t<meta name=\"twitter:label2\" content=\"Tiempo de lectura\" \/>\n\t<meta name=\"twitter:data2\" content=\"3 minutos\" \/>\n<script type=\"application\/ld+json\" class=\"yoast-schema-graph\">{\"@context\":\"https:\\\/\\\/schema.org\",\"@graph\":[{\"@type\":\"Article\",\"@id\":\"https:\\\/\\\/hosteleo.com\\\/blog\\\/paro-en-diciembre-fechas-de-cobro-de-la-prestacion\\\/#article\",\"isPartOf\":{\"@id\":\"https:\\\/\\\/hosteleo.com\\\/blog\\\/paro-en-diciembre-fechas-de-cobro-de-la-prestacion\\\/\"},\"author\":{\"name\":\"Lucia Mendez\",\"@id\":\"https:\\\/\\\/hosteleo.com\\\/blog\\\/#\\\/schema\\\/person\\\/79ebcc3f4d55b944b967a365a656f908\"},\"headline\":\"Paro en diciembre: fechas de cobro de la prestaci\u00f3n\",\"datePublished\":\"2022-11-30T10:52:46+00:00\",\"dateModified\":\"2022-11-30T10:52:49+00:00\",\"mainEntityOfPage\":{\"@id\":\"https:\\\/\\\/hosteleo.com\\\/blog\\\/paro-en-diciembre-fechas-de-cobro-de-la-prestacion\\\/\"},\"wordCount\":473,\"commentCount\":3,\"publisher\":{\"@id\":\"https:\\\/\\\/hosteleo.com\\\/blog\\\/#organization\"},\"image\":{\"@id\":\"https:\\\/\\\/hosteleo.com\\\/blog\\\/paro-en-diciembre-fechas-de-cobro-de-la-prestacion\\\/#primaryimage\"},\"thumbnailUrl\":\"https:\\\/\\\/hosteleo.com\\\/blog\\\/wp-content\\\/uploads\\\/2021\\\/10\\\/sepelogo-1-1024x768-1.jpg\",\"keywords\":[\"Ayuda paro\",\"Ayuda por desempleo\",\"Ayudas sepe\",\"Oficina SEPE\",\"pago sepe\",\"paro\",\"prestacion\",\"Prestacion contributiva\",\"Prestacion contributiva por desempleo\",\"Prestacion por desempleo\",\"Prestacion sepe\",\"prestaciones SEPE\",\"que dia se cobra paro\",\"Que dia se cobra prestacion\",\"sede electronica\",\"Sede Electronica SEPE\",\"SEPE\",\"Solicitar cita previa sepe\",\"solicitar paro\",\"Solicitar prestacion\",\"solicitar prestacion desempleo\",\"Solicitar prestacion por desempleo\",\"Solicitar subsidio\",\"subsidio\",\"subsidio por desempleo\",\"Subsidio sepe\"],\"articleSection\":[\"Ayudas y prestaciones\"],\"inLanguage\":\"es\",\"potentialAction\":[{\"@type\":\"CommentAction\",\"name\":\"Comment\",\"target\":[\"https:\\\/\\\/hosteleo.com\\\/blog\\\/paro-en-diciembre-fechas-de-cobro-de-la-prestacion\\\/#respond\"]}]},{\"@type\":\"WebPage\",\"@id\":\"https:\\\/\\\/hosteleo.com\\\/blog\\\/paro-en-diciembre-fechas-de-cobro-de-la-prestacion\\\/\",\"url\":\"https:\\\/\\\/hosteleo.com\\\/blog\\\/paro-en-diciembre-fechas-de-cobro-de-la-prestacion\\\/\",\"name\":\"Paro en diciembre: fechas de cobro de la prestaci\u00f3n - Blog de Empleo en Hosteler\u00eda y Turismo - Hosteleo\",\"isPartOf\":{\"@id\":\"https:\\\/\\\/hosteleo.com\\\/blog\\\/#website\"},\"primaryImageOfPage\":{\"@id\":\"https:\\\/\\\/hosteleo.com\\\/blog\\\/paro-en-diciembre-fechas-de-cobro-de-la-prestacion\\\/#primaryimage\"},\"image\":{\"@id\":\"https:\\\/\\\/hosteleo.com\\\/blog\\\/paro-en-diciembre-fechas-de-cobro-de-la-prestacion\\\/#primaryimage\"},\"thumbnailUrl\":\"https:\\\/\\\/hosteleo.com\\\/blog\\\/wp-content\\\/uploads\\\/2021\\\/10\\\/sepelogo-1-1024x768-1.jpg\",\"datePublished\":\"2022-11-30T10:52:46+00:00\",\"dateModified\":\"2022-11-30T10:52:49+00:00\",\"description\":\"Paro en diciembre: fechas de cobro de la prestaci\u00f3n. Te explicamos tambi\u00e9n, las v\u00edas para solicitar esta ayuda.\",\"breadcrumb\":{\"@id\":\"https:\\\/\\\/hosteleo.com\\\/blog\\\/paro-en-diciembre-fechas-de-cobro-de-la-prestacion\\\/#breadcrumb\"},\"inLanguage\":\"es\",\"potentialAction\":[{\"@type\":\"ReadAction\",\"target\":[\"https:\\\/\\\/hosteleo.com\\\/blog\\\/paro-en-diciembre-fechas-de-cobro-de-la-prestacion\\\/\"]}]},{\"@type\":\"ImageObject\",\"inLanguage\":\"es\",\"@id\":\"https:\\\/\\\/hosteleo.com\\\/blog\\\/paro-en-diciembre-fechas-de-cobro-de-la-prestacion\\\/#primaryimage\",\"url\":\"https:\\\/\\\/hosteleo.com\\\/blog\\\/wp-content\\\/uploads\\\/2021\\\/10\\\/sepelogo-1-1024x768-1.jpg\",\"contentUrl\":\"https:\\\/\\\/hosteleo.com\\\/blog\\\/wp-content\\\/uploads\\\/2021\\\/10\\\/sepelogo-1-1024x768-1.jpg\",\"width\":1024,\"height\":768,\"caption\":\"Nuevo aviso del SEPE: cu\u00e1ntas veces se puede solicitar un mismo subsidio por desempleo\"},{\"@type\":\"BreadcrumbList\",\"@id\":\"https:\\\/\\\/hosteleo.com\\\/blog\\\/paro-en-diciembre-fechas-de-cobro-de-la-prestacion\\\/#breadcrumb\",\"itemListElement\":[{\"@type\":\"ListItem\",\"position\":1,\"name\":\"Home\",\"item\":\"https:\\\/\\\/hosteleo.com\\\/blog\\\/\"},{\"@type\":\"ListItem\",\"position\":2,\"name\":\"Paro en diciembre: fechas de cobro de la prestaci\u00f3n\"}]},{\"@type\":\"WebSite\",\"@id\":\"https:\\\/\\\/hosteleo.com\\\/blog\\\/#website\",\"url\":\"https:\\\/\\\/hosteleo.com\\\/blog\\\/\",\"name\":\"Blog de Empleo en Hosteler\u00eda y Turismo - Hosteleo\",\"description\":\"Tu blog de Empleo en Hosteler\u00eda y Turismo\",\"publisher\":{\"@id\":\"https:\\\/\\\/hosteleo.com\\\/blog\\\/#organization\"},\"potentialAction\":[{\"@type\":\"SearchAction\",\"target\":{\"@type\":\"EntryPoint\",\"urlTemplate\":\"https:\\\/\\\/hosteleo.com\\\/blog\\\/?s={search_term_string}\"},\"query-input\":{\"@type\":\"PropertyValueSpecification\",\"valueRequired\":true,\"valueName\":\"search_term_string\"}}],\"inLanguage\":\"es\"},{\"@type\":\"Organization\",\"@id\":\"https:\\\/\\\/hosteleo.com\\\/blog\\\/#organization\",\"name\":\"Hosteleo\",\"url\":\"https:\\\/\\\/hosteleo.com\\\/blog\\\/\",\"logo\":{\"@type\":\"ImageObject\",\"inLanguage\":\"es\",\"@id\":\"https:\\\/\\\/hosteleo.com\\\/blog\\\/#\\\/schema\\\/logo\\\/image\\\/\",\"url\":\"https:\\\/\\\/hosteleo.wizzie.dev\\\/blog\\\/wp-content\\\/uploads\\\/2020\\\/05\\\/logo-hosteleo.png\",\"contentUrl\":\"https:\\\/\\\/hosteleo.wizzie.dev\\\/blog\\\/wp-content\\\/uploads\\\/2020\\\/05\\\/logo-hosteleo.png\",\"width\":475,\"height\":76,\"caption\":\"Hosteleo\"},\"image\":{\"@id\":\"https:\\\/\\\/hosteleo.com\\\/blog\\\/#\\\/schema\\\/logo\\\/image\\\/\"},\"sameAs\":[\"https:\\\/\\\/www.facebook.com\\\/hosteleo\",\"https:\\\/\\\/x.com\\\/hosteleo\",\"https:\\\/\\\/www.instagram.com\\\/hosteleo\\\/\",\"https:\\\/\\\/es.linkedin.com\\\/company\\\/hosteleo-com\"]},{\"@type\":\"Person\",\"@id\":\"https:\\\/\\\/hosteleo.com\\\/blog\\\/#\\\/schema\\\/person\\\/79ebcc3f4d55b944b967a365a656f908\",\"name\":\"Lucia Mendez\",\"image\":{\"@type\":\"ImageObject\",\"inLanguage\":\"es\",\"@id\":\"https:\\\/\\\/secure.gravatar.com\\\/avatar\\\/939287419fd9cfab10c87d595914d23a9b8797cd8fd6219748cc4e95cbd92fca?s=96&d=mm&r=g\",\"url\":\"https:\\\/\\\/secure.gravatar.com\\\/avatar\\\/939287419fd9cfab10c87d595914d23a9b8797cd8fd6219748cc4e95cbd92fca?s=96&d=mm&r=g\",\"contentUrl\":\"https:\\\/\\\/secure.gravatar.com\\\/avatar\\\/939287419fd9cfab10c87d595914d23a9b8797cd8fd6219748cc4e95cbd92fca?s=96&d=mm&r=g\",\"caption\":\"Lucia Mendez\"},\"url\":\"https:\\\/\\\/hosteleo.com\\\/blog\\\/author\\\/lucia-mendez\\\/\"}]}<\/script>\n<!-- \/ Yoast SEO plugin. -->","yoast_head_json":{"title":"Paro en diciembre: fechas de cobro de la prestaci\u00f3n - Blog de Empleo en Hosteler\u00eda y Turismo - Hosteleo","description":"Paro en diciembre: fechas de cobro de la prestaci\u00f3n. Te explicamos tambi\u00e9n, las v\u00edas para solicitar esta ayuda.","robots":{"index":"index","follow":"follow","max-snippet":"max-snippet:-1","max-image-preview":"max-image-preview:large","max-video-preview":"max-video-preview:-1"},"canonical":"https:\/\/hosteleo.com\/blog\/paro-en-diciembre-fechas-de-cobro-de-la-prestacion\/","og_locale":"es_ES","og_type":"article","og_title":"Paro en diciembre: fechas de cobro de la prestaci\u00f3n - Blog de Empleo en Hosteler\u00eda y Turismo - Hosteleo","og_description":"Paro en diciembre: fechas de cobro de la prestaci\u00f3n. Te explicamos tambi\u00e9n, las v\u00edas para solicitar esta ayuda.","og_url":"https:\/\/hosteleo.com\/blog\/paro-en-diciembre-fechas-de-cobro-de-la-prestacion\/","og_site_name":"Blog de Empleo en Hosteler\u00eda y Turismo - Hosteleo","article_publisher":"https:\/\/www.facebook.com\/hosteleo","article_published_time":"2022-11-30T10:52:46+00:00","article_modified_time":"2022-11-30T10:52:49+00:00","og_image":[{"width":1024,"height":768,"url":"https:\/\/hosteleo.com\/blog\/wp-content\/uploads\/2021\/10\/sepelogo-1-1024x768-1.jpg","type":"image\/jpeg"}],"author":"Lucia Mendez","twitter_card":"summary_large_image","twitter_creator":"@hosteleo","twitter_site":"@hosteleo","twitter_misc":{"Escrito por":"Lucia Mendez","Tiempo de lectura":"3 minutos"},"schema":{"@context":"https:\/\/schema.org","@graph":[{"@type":"Article","@id":"https:\/\/hosteleo.com\/blog\/paro-en-diciembre-fechas-de-cobro-de-la-prestacion\/#article","isPartOf":{"@id":"https:\/\/hosteleo.com\/blog\/paro-en-diciembre-fechas-de-cobro-de-la-prestacion\/"},"author":{"name":"Lucia Mendez","@id":"https:\/\/hosteleo.com\/blog\/#\/schema\/person\/79ebcc3f4d55b944b967a365a656f908"},"headline":"Paro en diciembre: fechas de cobro de la prestaci\u00f3n","datePublished":"2022-11-30T10:52:46+00:00","dateModified":"2022-11-30T10:52:49+00:00","mainEntityOfPage":{"@id":"https:\/\/hosteleo.com\/blog\/paro-en-diciembre-fechas-de-cobro-de-la-prestacion\/"},"wordCount":473,"commentCount":3,"publisher":{"@id":"https:\/\/hosteleo.com\/blog\/#organization"},"image":{"@id":"https:\/\/hosteleo.com\/blog\/paro-en-diciembre-fechas-de-cobro-de-la-prestacion\/#primaryimage"},"thumbnailUrl":"https:\/\/hosteleo.com\/blog\/wp-content\/uploads\/2021\/10\/sepelogo-1-1024x768-1.jpg","keywords":["Ayuda paro","Ayuda por desempleo","Ayudas sepe","Oficina SEPE","pago sepe","paro","prestacion","Prestacion contributiva","Prestacion contributiva por desempleo","Prestacion por desempleo","Prestacion sepe","prestaciones SEPE","que dia se cobra paro","Que dia se cobra prestacion","sede electronica","Sede Electronica SEPE","SEPE","Solicitar cita previa sepe","solicitar paro","Solicitar prestacion","solicitar prestacion desempleo","Solicitar prestacion por desempleo","Solicitar subsidio","subsidio","subsidio por desempleo","Subsidio sepe"],"articleSection":["Ayudas y prestaciones"],"inLanguage":"es","potentialAction":[{"@type":"CommentAction","name":"Comment","target":["https:\/\/hosteleo.com\/blog\/paro-en-diciembre-fechas-de-cobro-de-la-prestacion\/#respond"]}]},{"@type":"WebPage","@id":"https:\/\/hosteleo.com\/blog\/paro-en-diciembre-fechas-de-cobro-de-la-prestacion\/","url":"https:\/\/hosteleo.com\/blog\/paro-en-diciembre-fechas-de-cobro-de-la-prestacion\/","name":"Paro en diciembre: fechas de cobro de la prestaci\u00f3n - Blog de Empleo en Hosteler\u00eda y Turismo - Hosteleo","isPartOf":{"@id":"https:\/\/hosteleo.com\/blog\/#website"},"primaryImageOfPage":{"@id":"https:\/\/hosteleo.com\/blog\/paro-en-diciembre-fechas-de-cobro-de-la-prestacion\/#primaryimage"},"image":{"@id":"https:\/\/hosteleo.com\/blog\/paro-en-diciembre-fechas-de-cobro-de-la-prestacion\/#primaryimage"},"thumbnailUrl":"https:\/\/hosteleo.com\/blog\/wp-content\/uploads\/2021\/10\/sepelogo-1-1024x768-1.jpg","datePublished":"2022-11-30T10:52:46+00:00","dateModified":"2022-11-30T10:52:49+00:00","description":"Paro en diciembre: fechas de cobro de la prestaci\u00f3n. Te explicamos tambi\u00e9n, las v\u00edas para solicitar esta ayuda.","breadcrumb":{"@id":"https:\/\/hosteleo.com\/blog\/paro-en-diciembre-fechas-de-cobro-de-la-prestacion\/#breadcrumb"},"inLanguage":"es","potentialAction":[{"@type":"ReadAction","target":["https:\/\/hosteleo.com\/blog\/paro-en-diciembre-fechas-de-cobro-de-la-prestacion\/"]}]},{"@type":"ImageObject","inLanguage":"es","@id":"https:\/\/hosteleo.com\/blog\/paro-en-diciembre-fechas-de-cobro-de-la-prestacion\/#primaryimage","url":"https:\/\/hosteleo.com\/blog\/wp-content\/uploads\/2021\/10\/sepelogo-1-1024x768-1.jpg","contentUrl":"https:\/\/hosteleo.com\/blog\/wp-content\/uploads\/2021\/10\/sepelogo-1-1024x768-1.jpg","width":1024,"height":768,"caption":"Nuevo aviso del SEPE: cu\u00e1ntas veces se puede solicitar un mismo subsidio por desempleo"},{"@type":"BreadcrumbList","@id":"https:\/\/hosteleo.com\/blog\/paro-en-diciembre-fechas-de-cobro-de-la-prestacion\/#breadcrumb","itemListElement":[{"@type":"ListItem","position":1,"name":"Home","item":"https:\/\/hosteleo.com\/blog\/"},{"@type":"ListItem","position":2,"name":"Paro en diciembre: fechas de cobro de la prestaci\u00f3n"}]},{"@type":"WebSite","@id":"https:\/\/hosteleo.com\/blog\/#website","url":"https:\/\/hosteleo.com\/blog\/","name":"Blog de Empleo en Hosteler\u00eda y Turismo - Hosteleo","description":"Tu blog de Empleo en Hosteler\u00eda y Turismo","publisher":{"@id":"https:\/\/hosteleo.com\/blog\/#organization"},"potentialAction":[{"@type":"SearchAction","target":{"@type":"EntryPoint","urlTemplate":"https:\/\/hosteleo.com\/blog\/?s={search_term_string}"},"query-input":{"@type":"PropertyValueSpecification","valueRequired":true,"valueName":"search_term_string"}}],"inLanguage":"es"},{"@type":"Organization","@id":"https:\/\/hosteleo.com\/blog\/#organization","name":"Hosteleo","url":"https:\/\/hosteleo.com\/blog\/","logo":{"@type":"ImageObject","inLanguage":"es","@id":"https:\/\/hosteleo.com\/blog\/#\/schema\/logo\/image\/","url":"https:\/\/hosteleo.wizzie.dev\/blog\/wp-content\/uploads\/2020\/05\/logo-hosteleo.png","contentUrl":"https:\/\/hosteleo.wizzie.dev\/blog\/wp-content\/uploads\/2020\/05\/logo-hosteleo.png","width":475,"height":76,"caption":"Hosteleo"},"image":{"@id":"https:\/\/hosteleo.com\/blog\/#\/schema\/logo\/image\/"},"sameAs":["https:\/\/www.facebook.com\/hosteleo","https:\/\/x.com\/hosteleo","https:\/\/www.instagram.com\/hosteleo\/","https:\/\/es.linkedin.com\/company\/hosteleo-com"]},{"@type":"Person","@id":"https:\/\/hosteleo.com\/blog\/#\/schema\/person\/79ebcc3f4d55b944b967a365a656f908","name":"Lucia Mendez","image":{"@type":"ImageObject","inLanguage":"es","@id":"https:\/\/secure.gravatar.com\/avatar\/939287419fd9cfab10c87d595914d23a9b8797cd8fd6219748cc4e95cbd92fca?s=96&d=mm&r=g","url":"https:\/\/secure.gravatar.com\/avatar\/939287419fd9cfab10c87d595914d23a9b8797cd8fd6219748cc4e95cbd92fca?s=96&d=mm&r=g","contentUrl":"https:\/\/secure.gravatar.com\/avatar\/939287419fd9cfab10c87d595914d23a9b8797cd8fd6219748cc4e95cbd92fca?s=96&d=mm&r=g","caption":"Lucia Mendez"},"url":"https:\/\/hosteleo.com\/blog\/author\/lucia-mendez\/"}]}},"amp_enabled":true,"_links":{"self":[{"href":"https:\/\/hosteleo.com\/blog\/wp-json\/wp\/v2\/posts\/17679","targetHints":{"allow":["GET"]}}],"collection":[{"href":"https:\/\/hosteleo.com\/blog\/wp-json\/wp\/v2\/posts"}],"about":[{"href":"https:\/\/hosteleo.com\/blog\/wp-json\/wp\/v2\/types\/post"}],"author":[{"embeddable":true,"href":"https:\/\/hosteleo.com\/blog\/wp-json\/wp\/v2\/users\/8"}],"replies":[{"embeddable":true,"href":"https:\/\/hosteleo.com\/blog\/wp-json\/wp\/v2\/comments?post=17679"}],"version-history":[{"count":1,"href":"https:\/\/hosteleo.com\/blog\/wp-json\/wp\/v2\/posts\/17679\/revisions"}],"predecessor-version":[{"id":17688,"href":"https:\/\/hosteleo.com\/blog\/wp-json\/wp\/v2\/posts\/17679\/revisions\/17688"}],"wp:featuredmedia":[{"embeddable":true,"href":"https:\/\/hosteleo.com\/blog\/wp-json\/wp\/v2\/media\/7865"}],"wp:attachment":[{"href":"https:\/\/hosteleo.com\/blog\/wp-json\/wp\/v2\/media?parent=17679"}],"wp:term":[{"taxonomy":"category","embeddable":true,"href":"https:\/\/hosteleo.com\/blog\/wp-json\/wp\/v2\/categories?post=17679"},{"taxonomy":"post_tag","embeddable":true,"href":"https:\/\/hosteleo.com\/blog\/wp-json\/wp\/v2\/tags?post=17679"}],"curies":[{"name":"wp","href":"https:\/\/api.w.org\/{rel}","templated":true}]}}