{"id":2707,"date":"2020-05-30T10:01:29","date_gmt":"2020-05-30T10:01:29","guid":{"rendered":"https:\/\/hosteleo.com\/blog\/?p=2707"},"modified":"2020-06-02T06:50:12","modified_gmt":"2020-06-02T06:50:12","slug":"el-ingreso-minimo-vital-como-y-cuando-se-solicita","status":"publish","type":"post","link":"https:\/\/hosteleo.com\/blog\/el-ingreso-minimo-vital-como-y-cuando-se-solicita\/","title":{"rendered":"El ingreso m\u00ednimo vital: c\u00f3mo y cu\u00e1ndo se solicita"},"content":{"rendered":"\n<p><strong>C\u00f3mo cobrar el ingreso m\u00ednimo vital aprobado por el Gobierno<\/strong><\/p>\n\n\n\n<p>El ingreso m\u00ednimo vital ya<strong> es una realidad desde el pasado viernes 29 de mayo<\/strong>. El Consejo de Ministros del <strong>Gobierno de Espa\u00f1a ha aprobado esta ayuda<\/strong>, que viene a aportar un m\u00ednimo vital de subsistencia a los colectivos m\u00e1s vulnerables.<\/p>\n\n\n\n<h2 class=\"wp-block-heading\">\u00bfQui\u00e9n puede solicitar y cobrar el ingreso m\u00ednimo vital?<\/h2>\n\n\n\n<p>Lo podr\u00e1n solicitar las familias, si bien existir\u00e1 un titular de la ayuda dentro de la unidad familiar. <strong>La familia deber\u00e1 estar en situaci\u00f3n de vulnerabilidad.<\/strong><\/p>\n\n\n\n<p>Se considera que una familia est\u00e1 en situaci\u00f3n de vulnerabilidad c<strong>uando su situaci\u00f3n econ\u00f3mica est\u00e1 por debajo de los umbrales m\u00ednimos que le corresponder\u00eda por el numero de sus integrantes<\/strong>.<\/p>\n\n\n\n<p>El ingreso m\u00ednimo vital lo podr\u00e1n solicitar aquellas personas con edades comprendidas entre<strong> los 23 y 65 a\u00f1os, y que tengan al menos un a\u00f1o cotizados en la seguridad social<\/strong>. Y tambi\u00e9n tendr\u00edan derecho los extranjeros, siempre y cuando lleven residiendo al menos un a\u00f1o en Espa\u00f1a.<\/p>\n\n\n\n<h2 class=\"wp-block-heading\">\u00bfC\u00f3mo puedo solicitar el ingreso m\u00ednimo vital?<\/h2>\n\n\n\n<p>No har\u00e1 falta que te desplaces para solicitarlo, la Seguridad Social ha aprobado dos canales para hacerlo. Bien <strong>a trav\u00e9s de su <a href=\"http:\/\/www.seg-social.es\/wps\/portal\/wss\/internet\/Inicio\">sede electr\u00f3nica<\/a>, o bien enviando la documentaci\u00f3n por correo ordinario.<\/strong><\/p>\n\n\n\n<p>As\u00ed mismo contar\u00e1 con un tel\u00e9fono 900 para ayudas y consultas personales, un asistente virtual con las preguntas m\u00e1s frecuentes, y se espera que el acceso tambi\u00e9n pueda ser a trav\u00e9s de los ayuntamientos y corporaciones municipales.<\/p>\n\n\n\n<figure class=\"wp-block-image size-large\"><img loading=\"lazy\" decoding=\"async\" width=\"1024\" height=\"654\" src=\"https:\/\/hosteleo.com\/blog\/wp-content\/uploads\/2020\/05\/christian-dubovan-Y_x747Yshlw-unsplash-1024x654.jpg\" alt=\"\" class=\"wp-image-2711\" srcset=\"https:\/\/hosteleo.com\/blog\/wp-content\/uploads\/2020\/05\/christian-dubovan-Y_x747Yshlw-unsplash-1024x654.jpg 1024w, https:\/\/hosteleo.com\/blog\/wp-content\/uploads\/2020\/05\/christian-dubovan-Y_x747Yshlw-unsplash-300x192.jpg 300w, https:\/\/hosteleo.com\/blog\/wp-content\/uploads\/2020\/05\/christian-dubovan-Y_x747Yshlw-unsplash-768x491.jpg 768w, https:\/\/hosteleo.com\/blog\/wp-content\/uploads\/2020\/05\/christian-dubovan-Y_x747Yshlw-unsplash-1536x982.jpg 1536w, https:\/\/hosteleo.com\/blog\/wp-content\/uploads\/2020\/05\/christian-dubovan-Y_x747Yshlw-unsplash-2048x1309.jpg 2048w, https:\/\/hosteleo.com\/blog\/wp-content\/uploads\/2020\/05\/christian-dubovan-Y_x747Yshlw-unsplash-810x518.jpg 810w, https:\/\/hosteleo.com\/blog\/wp-content\/uploads\/2020\/05\/christian-dubovan-Y_x747Yshlw-unsplash-1140x729.jpg 1140w\" sizes=\"auto, (max-width: 1024px) 100vw, 1024px\" \/><figcaption>El ingreso m\u00ednimo vital:c\u00f3mo y cu\u00e1ndo se solicita<\/figcaption><\/figure>\n\n\n\n<h3 class=\"wp-block-heading\"><strong>\u00bfQu\u00e9 cantidad de ingreso m\u00ednimo vital me pueden conceder?<\/strong><\/h3>\n\n\n\n<p>Todo depender\u00e1 de la unidad familiar, y la de la renta que ya tengan. Esta ayuda es un complemento para llegar al m\u00ednimo que concrete la norma, que en este caso contempla hasta 14 escenarios familiares distintos.<\/p>\n\n\n\n<p>Las cantidades mensuales ir\u00e1n desde los <strong>461,5 \u20ac para familias de un adulto, hasta los 1.015 \u20ac para las familias<\/strong> con tres adultos y dos menores, o cuatro adultos y un menor. En el caso de las familias monoparentales se les sumar\u00e1 100 \u20ac de complemento adicional.<\/p>\n\n\n\n<h3 class=\"wp-block-heading\"><strong>\u00bfCu\u00e1ndo puedo solicitar la renta m\u00ednima?<\/strong><\/h3>\n\n\n\n<p>La fecha de inicio de solicitud <strong>ser\u00e1 a partir del pr\u00f3ximo 15 de junio de 2020<\/strong>. Pero para evitar bloqueos por la masiva solicitud, las ayudas se otorgar\u00e1n con efectos retroactivos desde la fecha de 1 de junio. Empezar\u00e1 a contar el correo desde el 1 de junio, aunque se presente con posterioridad en los siguientes tres meses.<\/p>\n\n\n\n<p>Esta ayuda de ingreso m\u00ednimo vital se estima que<strong> puede llegar a m\u00e1s de 125.000 familias<\/strong>, y se ha <strong>extendido a todas aquellas <\/strong>que por culpa de <strong>la crisis sanitaria del Covid-19<\/strong>, ha reducido dr\u00e1sticamente sus ingresos familiares. Continuar\u00e1 siempre y cuando la situaci\u00f3n de vulnerabilidad est\u00e9 presente en la familia. Y facilitar tanto el colicitar c\u00f3mo cobrar el ingreso m\u00ednimo vital a estas familias.<\/p>\n\n\n\n<p><strong>Las Comunidades Aut\u00f3nomas est\u00e1n solicitando poder gestionar el ingreso m\u00ednimo vital para sus ciudadanos<\/strong>. En principio Catalu\u00f1a y Pa\u00eds Vasco, ya estar\u00edan en condiciones de realizarlo. <strong>En los pr\u00f3ximos d\u00edas veremos si el resto de las CCAA puede hacer lo mismo.<\/strong><\/p>\n\n\n\n<p>Esta gesti\u00f3n propia del ingreso m\u00ednimo vital, su solicitud y cobro por parte de las Comunidades Aut\u00f3nomas va en la l\u00ednea por lo comunicado ayer por el Presidente del Gobierno, sobre <a href=\"https:\/\/hosteleo.com\/blog\/ultima-prorroga-del-estado-de-alarma-en-espana\/\"><strong>la \u00faltima pr\u00f3rroga de alarma y su gesti\u00f3n por parte de las CCAA que est\u00e9n en fase 3 de la desescalada<\/strong><\/a>.<\/p>\n\n\n\n<p>De igual manera los distintos partidos pol\u00edticos del arco parlamentario ha expresado su apoyo, si bien esperan que el reparto de este ingreso m\u00ednimo vital, sea objetivo. Y acabe fomentado la econom\u00eda sumergida, o ser una barrera para la empleabilidad de los desempleados.<\/p>\n\n\n\n<h3 class=\"wp-block-heading\"><strong>\u00bfPuedo cobrar la renta m\u00ednima si tengo trabajo?<\/strong><\/h3>\n\n\n\n<p>El ingreso m\u00ednimo vital, es un complemento para familias y personas en vulnerabilidad. Por tanto al ser una renta cuyo objetivo es complementar los ingresos que ya tiene la unidad familiar, s\u00ed, que se puede compatibilizar su cobro con el un empleo.<\/p>\n\n\n\n<p>Recuerda adem\u00e1s que recientemente el SEPE ( Servicio P\u00fablico de Empleo) ha publicado la lista de errores m\u00e1s comunes en el cobro de la prestaci\u00f3n por desempleo. si estuvieras tambi\u00e9n esta situaci\u00f3n te recomendamos que lo leas para saber como solucionarlo. <\/p>\n\n\n\n<figure class=\"wp-block-embed-wordpress wp-block-embed is-type-wp-embed is-provider-blog-de-empleo-en-hosteleria-y-turismo-hosteleo\"><div class=\"wp-block-embed__wrapper\">\n<blockquote class=\"wp-embedded-content\" data-secret=\"emxwJ34bC4\"><a href=\"https:\/\/hosteleo.wizzie.dev\/blog\/el-sepe-publica-la-guia-de-errores-en-los-erte\/\">El SEPE publica la gu\u00eda de errores en los ERTE<\/a><\/blockquote><iframe loading=\"lazy\" title=\"\u00abEl SEPE publica la gu\u00eda de errores en los ERTE\u00bb \u2014 Blog de Empleo en Hosteler\u00eda y Turismo.-Hosteleo\" class=\"wp-embedded-content\" sandbox=\"allow-scripts\" security=\"restricted\" style=\"position: absolute; clip: rect(1px, 1px, 1px, 1px);\" src=\"https:\/\/hosteleo.wizzie.dev\/blog\/el-sepe-publica-la-guia-de-errores-en-los-erte\/embed\/#?secret=emxwJ34bC4\" data-secret=\"emxwJ34bC4\" width=\"600\" height=\"338\" frameborder=\"0\" marginwidth=\"0\" marginheight=\"0\" scrolling=\"no\"><\/iframe>\n<\/div><\/figure>\n\n\n\n<p>Con la publicaci\u00f3n posterior de la norma en el BOE, el lunes 1 de junio, <a href=\"https:\/\/hosteleo.com\/blog\/las-claves-de-la-renta-minima-vital-y-la-unidad-de-convivencia\/\"><strong>el Gobierno aclar\u00f3 las claves poder solicitar la renta m\u00ednima vital<\/strong><\/a>, adem\u00e1s de explicar la unidad de convivencia como forma de recepci\u00f3n de la ayuda.<\/p>\n\n\n\n<p>Si te ha interesado <strong>C\u00f3mo cobrar el ingreso m\u00ednimo vital aprobado por el Gobierno<\/strong> tambi\u00e9n te puede interesar:<\/p>\n\n\n\n<ul class=\"wp-block-list\"><li><strong><a href=\"https:\/\/hosteleo.com\/blog\/el-sepe-publica-la-guia-de-errores-en-los-erte\/\">El SEPE publica la gu\u00eda de errores de los ERTE<\/a><\/strong><\/li><li><strong><a href=\"https:\/\/hosteleo.com\/blog\/que-puedo-hacer-en-la-fase-3-de-la-desescalada\/\">Que puedo hacer en la fase 3 de la desescalada<\/a><\/strong><\/li><li><strong><a href=\"https:\/\/hosteleo.com\/blog\/trabajar-de-cocinero-una-profesion-de-presente-y-futuro\/\">Trabajar de cocinero, una profesi\u00f3n de presente y futuro<\/a><\/strong><\/li><\/ul>\n\n\n\n<p><\/p>\n","protected":false},"excerpt":{"rendered":"<p>C\u00f3mo cobrar el ingreso m\u00ednimo vital aprobado por el Gobierno El ingreso m\u00ednimo vital ya es una realidad desde el pasado viernes 29 de mayo. El Consejo de Ministros del Gobierno de Espa\u00f1a ha aprobado esta ayuda, que viene a aportar un m\u00ednimo vital de subsistencia a los colectivos m\u00e1s vulnerables. \u00bfQui\u00e9n puede solicitar y [&hellip;]<\/p>\n","protected":false},"author":2,"featured_media":2710,"comment_status":"open","ping_status":"open","sticky":false,"template":"","format":"standard","meta":{"_exactmetrics_skip_tracking":false,"_exactmetrics_sitenote_active":false,"_exactmetrics_sitenote_note":"","_exactmetrics_sitenote_category":0,"footnotes":""},"categories":[41],"tags":[453,455,234,452,454],"class_list":["post-2707","post","type-post","status-publish","format-standard","has-post-thumbnail","hentry","category-noticias-empleo-hosteleria-turismo","tag-cobrarlo","tag-consejo-de-ministros","tag-covid-19","tag-ingreso-minimo-vital","tag-solicitar"],"yoast_head":"<!-- This site is optimized with the Yoast SEO plugin v27.5 - https:\/\/yoast.com\/product\/yoast-seo-wordpress\/ -->\n<title>C\u00f3mo cobrar el ingreso m\u00ednimo vital: c\u00f3mo y cu\u00e1ndo se solicita - Hosteleo<\/title>\n<meta name=\"description\" content=\"C\u00f3mo cobrar el ingreso m\u00ednimo vital: c\u00f3mo y cu\u00e1ndo se solicita. El Consejo de Ministros ha aprobado este viernes esta ayuda para los m\u00e1s desfavorecidos\" \/>\n<meta name=\"robots\" content=\"index, follow, max-snippet:-1, max-image-preview:large, max-video-preview:-1\" \/>\n<link rel=\"canonical\" href=\"https:\/\/hosteleo.com\/blog\/el-ingreso-minimo-vital-como-y-cuando-se-solicita\/\" \/>\n<meta property=\"og:locale\" content=\"es_ES\" \/>\n<meta property=\"og:type\" content=\"article\" \/>\n<meta property=\"og:title\" content=\"C\u00f3mo cobrar el ingreso m\u00ednimo vital: c\u00f3mo y cu\u00e1ndo se solicita - Hosteleo\" \/>\n<meta property=\"og:description\" content=\"C\u00f3mo cobrar el ingreso m\u00ednimo vital: c\u00f3mo y cu\u00e1ndo se solicita. El Consejo de Ministros ha aprobado este viernes esta ayuda para los m\u00e1s desfavorecidos\" \/>\n<meta property=\"og:url\" content=\"https:\/\/hosteleo.com\/blog\/el-ingreso-minimo-vital-como-y-cuando-se-solicita\/\" \/>\n<meta property=\"og:site_name\" content=\"Blog de Empleo en Hosteler\u00eda y Turismo - Hosteleo\" \/>\n<meta property=\"article:publisher\" content=\"https:\/\/www.facebook.com\/hosteleo\" \/>\n<meta property=\"article:published_time\" content=\"2020-05-30T10:01:29+00:00\" \/>\n<meta property=\"article:modified_time\" content=\"2020-06-02T06:50:12+00:00\" \/>\n<meta property=\"og:image\" content=\"https:\/\/hosteleo.com\/blog\/wp-content\/uploads\/2020\/05\/micheile-henderson-lZ_4nPFKcV8-unsplash-scaled.jpg\" \/>\n\t<meta property=\"og:image:width\" content=\"2560\" \/>\n\t<meta property=\"og:image:height\" content=\"1706\" \/>\n\t<meta property=\"og:image:type\" content=\"image\/jpeg\" \/>\n<meta name=\"author\" content=\"Luis P\u00e9rez\" \/>\n<meta name=\"twitter:card\" content=\"summary_large_image\" \/>\n<meta name=\"twitter:creator\" content=\"@hosteleo\" \/>\n<meta name=\"twitter:site\" content=\"@hosteleo\" \/>\n<meta name=\"twitter:label1\" content=\"Escrito por\" \/>\n\t<meta name=\"twitter:data1\" content=\"Luis P\u00e9rez\" \/>\n\t<meta name=\"twitter:label2\" content=\"Tiempo de lectura\" \/>\n\t<meta name=\"twitter:data2\" content=\"4 minutos\" \/>\n<script type=\"application\/ld+json\" class=\"yoast-schema-graph\">{\"@context\":\"https:\\\/\\\/schema.org\",\"@graph\":[{\"@type\":\"Article\",\"@id\":\"https:\\\/\\\/hosteleo.com\\\/blog\\\/el-ingreso-minimo-vital-como-y-cuando-se-solicita\\\/#article\",\"isPartOf\":{\"@id\":\"https:\\\/\\\/hosteleo.com\\\/blog\\\/el-ingreso-minimo-vital-como-y-cuando-se-solicita\\\/\"},\"author\":{\"name\":\"Luis P\u00e9rez\",\"@id\":\"https:\\\/\\\/hosteleo.com\\\/blog\\\/#\\\/schema\\\/person\\\/eef8bb67e661dbf50088c7f37406a84b\"},\"headline\":\"El ingreso m\u00ednimo vital: c\u00f3mo y cu\u00e1ndo se solicita\",\"datePublished\":\"2020-05-30T10:01:29+00:00\",\"dateModified\":\"2020-06-02T06:50:12+00:00\",\"mainEntityOfPage\":{\"@id\":\"https:\\\/\\\/hosteleo.com\\\/blog\\\/el-ingreso-minimo-vital-como-y-cuando-se-solicita\\\/\"},\"wordCount\":864,\"commentCount\":14,\"publisher\":{\"@id\":\"https:\\\/\\\/hosteleo.com\\\/blog\\\/#organization\"},\"image\":{\"@id\":\"https:\\\/\\\/hosteleo.com\\\/blog\\\/el-ingreso-minimo-vital-como-y-cuando-se-solicita\\\/#primaryimage\"},\"thumbnailUrl\":\"https:\\\/\\\/hosteleo.com\\\/blog\\\/wp-content\\\/uploads\\\/2020\\\/05\\\/micheile-henderson-lZ_4nPFKcV8-unsplash-scaled.jpg\",\"keywords\":[\"cobrarlo\",\"consejo de ministros\",\"Covid-19\",\"ingreso minimo vital\",\"solicitar\"],\"articleSection\":[\"Noticias de Empleo en Hosteler\u00eda y Turismo\"],\"inLanguage\":\"es\",\"potentialAction\":[{\"@type\":\"CommentAction\",\"name\":\"Comment\",\"target\":[\"https:\\\/\\\/hosteleo.com\\\/blog\\\/el-ingreso-minimo-vital-como-y-cuando-se-solicita\\\/#respond\"]}]},{\"@type\":\"WebPage\",\"@id\":\"https:\\\/\\\/hosteleo.com\\\/blog\\\/el-ingreso-minimo-vital-como-y-cuando-se-solicita\\\/\",\"url\":\"https:\\\/\\\/hosteleo.com\\\/blog\\\/el-ingreso-minimo-vital-como-y-cuando-se-solicita\\\/\",\"name\":\"C\u00f3mo cobrar el ingreso m\u00ednimo vital: c\u00f3mo y cu\u00e1ndo se solicita - Hosteleo\",\"isPartOf\":{\"@id\":\"https:\\\/\\\/hosteleo.com\\\/blog\\\/#website\"},\"primaryImageOfPage\":{\"@id\":\"https:\\\/\\\/hosteleo.com\\\/blog\\\/el-ingreso-minimo-vital-como-y-cuando-se-solicita\\\/#primaryimage\"},\"image\":{\"@id\":\"https:\\\/\\\/hosteleo.com\\\/blog\\\/el-ingreso-minimo-vital-como-y-cuando-se-solicita\\\/#primaryimage\"},\"thumbnailUrl\":\"https:\\\/\\\/hosteleo.com\\\/blog\\\/wp-content\\\/uploads\\\/2020\\\/05\\\/micheile-henderson-lZ_4nPFKcV8-unsplash-scaled.jpg\",\"datePublished\":\"2020-05-30T10:01:29+00:00\",\"dateModified\":\"2020-06-02T06:50:12+00:00\",\"description\":\"C\u00f3mo cobrar el ingreso m\u00ednimo vital: c\u00f3mo y cu\u00e1ndo se solicita. El Consejo de Ministros ha aprobado este viernes esta ayuda para los m\u00e1s desfavorecidos\",\"breadcrumb\":{\"@id\":\"https:\\\/\\\/hosteleo.com\\\/blog\\\/el-ingreso-minimo-vital-como-y-cuando-se-solicita\\\/#breadcrumb\"},\"inLanguage\":\"es\",\"potentialAction\":[{\"@type\":\"ReadAction\",\"target\":[\"https:\\\/\\\/hosteleo.com\\\/blog\\\/el-ingreso-minimo-vital-como-y-cuando-se-solicita\\\/\"]}]},{\"@type\":\"ImageObject\",\"inLanguage\":\"es\",\"@id\":\"https:\\\/\\\/hosteleo.com\\\/blog\\\/el-ingreso-minimo-vital-como-y-cuando-se-solicita\\\/#primaryimage\",\"url\":\"https:\\\/\\\/hosteleo.com\\\/blog\\\/wp-content\\\/uploads\\\/2020\\\/05\\\/micheile-henderson-lZ_4nPFKcV8-unsplash-scaled.jpg\",\"contentUrl\":\"https:\\\/\\\/hosteleo.com\\\/blog\\\/wp-content\\\/uploads\\\/2020\\\/05\\\/micheile-henderson-lZ_4nPFKcV8-unsplash-scaled.jpg\",\"width\":2560,\"height\":1706,\"caption\":\"El ingreso m\u00ednimo vital:c\u00f3mo y cu\u00e1ndo se solicita\"},{\"@type\":\"BreadcrumbList\",\"@id\":\"https:\\\/\\\/hosteleo.com\\\/blog\\\/el-ingreso-minimo-vital-como-y-cuando-se-solicita\\\/#breadcrumb\",\"itemListElement\":[{\"@type\":\"ListItem\",\"position\":1,\"name\":\"Home\",\"item\":\"https:\\\/\\\/hosteleo.com\\\/blog\\\/\"},{\"@type\":\"ListItem\",\"position\":2,\"name\":\"El ingreso m\u00ednimo vital: c\u00f3mo y cu\u00e1ndo se solicita\"}]},{\"@type\":\"WebSite\",\"@id\":\"https:\\\/\\\/hosteleo.com\\\/blog\\\/#website\",\"url\":\"https:\\\/\\\/hosteleo.com\\\/blog\\\/\",\"name\":\"Blog de Empleo en Hosteler\u00eda y Turismo - Hosteleo\",\"description\":\"Tu blog de Empleo en Hosteler\u00eda y Turismo\",\"publisher\":{\"@id\":\"https:\\\/\\\/hosteleo.com\\\/blog\\\/#organization\"},\"potentialAction\":[{\"@type\":\"SearchAction\",\"target\":{\"@type\":\"EntryPoint\",\"urlTemplate\":\"https:\\\/\\\/hosteleo.com\\\/blog\\\/?s={search_term_string}\"},\"query-input\":{\"@type\":\"PropertyValueSpecification\",\"valueRequired\":true,\"valueName\":\"search_term_string\"}}],\"inLanguage\":\"es\"},{\"@type\":\"Organization\",\"@id\":\"https:\\\/\\\/hosteleo.com\\\/blog\\\/#organization\",\"name\":\"Hosteleo\",\"url\":\"https:\\\/\\\/hosteleo.com\\\/blog\\\/\",\"logo\":{\"@type\":\"ImageObject\",\"inLanguage\":\"es\",\"@id\":\"https:\\\/\\\/hosteleo.com\\\/blog\\\/#\\\/schema\\\/logo\\\/image\\\/\",\"url\":\"https:\\\/\\\/hosteleo.wizzie.dev\\\/blog\\\/wp-content\\\/uploads\\\/2020\\\/05\\\/logo-hosteleo.png\",\"contentUrl\":\"https:\\\/\\\/hosteleo.wizzie.dev\\\/blog\\\/wp-content\\\/uploads\\\/2020\\\/05\\\/logo-hosteleo.png\",\"width\":475,\"height\":76,\"caption\":\"Hosteleo\"},\"image\":{\"@id\":\"https:\\\/\\\/hosteleo.com\\\/blog\\\/#\\\/schema\\\/logo\\\/image\\\/\"},\"sameAs\":[\"https:\\\/\\\/www.facebook.com\\\/hosteleo\",\"https:\\\/\\\/x.com\\\/hosteleo\",\"https:\\\/\\\/www.instagram.com\\\/hosteleo\\\/\",\"https:\\\/\\\/es.linkedin.com\\\/company\\\/hosteleo-com\"]},{\"@type\":\"Person\",\"@id\":\"https:\\\/\\\/hosteleo.com\\\/blog\\\/#\\\/schema\\\/person\\\/eef8bb67e661dbf50088c7f37406a84b\",\"name\":\"Luis P\u00e9rez\",\"image\":{\"@type\":\"ImageObject\",\"inLanguage\":\"es\",\"@id\":\"https:\\\/\\\/secure.gravatar.com\\\/avatar\\\/3949b0f4521059dd33be21948b1d539ec03a1b1069b5df3ea7e3f43d4a8b2d4d?s=96&d=mm&r=g\",\"url\":\"https:\\\/\\\/secure.gravatar.com\\\/avatar\\\/3949b0f4521059dd33be21948b1d539ec03a1b1069b5df3ea7e3f43d4a8b2d4d?s=96&d=mm&r=g\",\"contentUrl\":\"https:\\\/\\\/secure.gravatar.com\\\/avatar\\\/3949b0f4521059dd33be21948b1d539ec03a1b1069b5df3ea7e3f43d4a8b2d4d?s=96&d=mm&r=g\",\"caption\":\"Luis P\u00e9rez\"},\"url\":\"https:\\\/\\\/hosteleo.com\\\/blog\\\/author\\\/davidbglinkers-es\\\/\"}]}<\/script>\n<!-- \/ Yoast SEO plugin. -->","yoast_head_json":{"title":"C\u00f3mo cobrar el ingreso m\u00ednimo vital: c\u00f3mo y cu\u00e1ndo se solicita - Hosteleo","description":"C\u00f3mo cobrar el ingreso m\u00ednimo vital: c\u00f3mo y cu\u00e1ndo se solicita. El Consejo de Ministros ha aprobado este viernes esta ayuda para los m\u00e1s desfavorecidos","robots":{"index":"index","follow":"follow","max-snippet":"max-snippet:-1","max-image-preview":"max-image-preview:large","max-video-preview":"max-video-preview:-1"},"canonical":"https:\/\/hosteleo.com\/blog\/el-ingreso-minimo-vital-como-y-cuando-se-solicita\/","og_locale":"es_ES","og_type":"article","og_title":"C\u00f3mo cobrar el ingreso m\u00ednimo vital: c\u00f3mo y cu\u00e1ndo se solicita - Hosteleo","og_description":"C\u00f3mo cobrar el ingreso m\u00ednimo vital: c\u00f3mo y cu\u00e1ndo se solicita. El Consejo de Ministros ha aprobado este viernes esta ayuda para los m\u00e1s desfavorecidos","og_url":"https:\/\/hosteleo.com\/blog\/el-ingreso-minimo-vital-como-y-cuando-se-solicita\/","og_site_name":"Blog de Empleo en Hosteler\u00eda y Turismo - Hosteleo","article_publisher":"https:\/\/www.facebook.com\/hosteleo","article_published_time":"2020-05-30T10:01:29+00:00","article_modified_time":"2020-06-02T06:50:12+00:00","og_image":[{"width":2560,"height":1706,"url":"https:\/\/hosteleo.com\/blog\/wp-content\/uploads\/2020\/05\/micheile-henderson-lZ_4nPFKcV8-unsplash-scaled.jpg","type":"image\/jpeg"}],"author":"Luis P\u00e9rez","twitter_card":"summary_large_image","twitter_creator":"@hosteleo","twitter_site":"@hosteleo","twitter_misc":{"Escrito por":"Luis P\u00e9rez","Tiempo de lectura":"4 minutos"},"schema":{"@context":"https:\/\/schema.org","@graph":[{"@type":"Article","@id":"https:\/\/hosteleo.com\/blog\/el-ingreso-minimo-vital-como-y-cuando-se-solicita\/#article","isPartOf":{"@id":"https:\/\/hosteleo.com\/blog\/el-ingreso-minimo-vital-como-y-cuando-se-solicita\/"},"author":{"name":"Luis P\u00e9rez","@id":"https:\/\/hosteleo.com\/blog\/#\/schema\/person\/eef8bb67e661dbf50088c7f37406a84b"},"headline":"El ingreso m\u00ednimo vital: c\u00f3mo y cu\u00e1ndo se solicita","datePublished":"2020-05-30T10:01:29+00:00","dateModified":"2020-06-02T06:50:12+00:00","mainEntityOfPage":{"@id":"https:\/\/hosteleo.com\/blog\/el-ingreso-minimo-vital-como-y-cuando-se-solicita\/"},"wordCount":864,"commentCount":14,"publisher":{"@id":"https:\/\/hosteleo.com\/blog\/#organization"},"image":{"@id":"https:\/\/hosteleo.com\/blog\/el-ingreso-minimo-vital-como-y-cuando-se-solicita\/#primaryimage"},"thumbnailUrl":"https:\/\/hosteleo.com\/blog\/wp-content\/uploads\/2020\/05\/micheile-henderson-lZ_4nPFKcV8-unsplash-scaled.jpg","keywords":["cobrarlo","consejo de ministros","Covid-19","ingreso minimo vital","solicitar"],"articleSection":["Noticias de Empleo en Hosteler\u00eda y Turismo"],"inLanguage":"es","potentialAction":[{"@type":"CommentAction","name":"Comment","target":["https:\/\/hosteleo.com\/blog\/el-ingreso-minimo-vital-como-y-cuando-se-solicita\/#respond"]}]},{"@type":"WebPage","@id":"https:\/\/hosteleo.com\/blog\/el-ingreso-minimo-vital-como-y-cuando-se-solicita\/","url":"https:\/\/hosteleo.com\/blog\/el-ingreso-minimo-vital-como-y-cuando-se-solicita\/","name":"C\u00f3mo cobrar el ingreso m\u00ednimo vital: c\u00f3mo y cu\u00e1ndo se solicita - Hosteleo","isPartOf":{"@id":"https:\/\/hosteleo.com\/blog\/#website"},"primaryImageOfPage":{"@id":"https:\/\/hosteleo.com\/blog\/el-ingreso-minimo-vital-como-y-cuando-se-solicita\/#primaryimage"},"image":{"@id":"https:\/\/hosteleo.com\/blog\/el-ingreso-minimo-vital-como-y-cuando-se-solicita\/#primaryimage"},"thumbnailUrl":"https:\/\/hosteleo.com\/blog\/wp-content\/uploads\/2020\/05\/micheile-henderson-lZ_4nPFKcV8-unsplash-scaled.jpg","datePublished":"2020-05-30T10:01:29+00:00","dateModified":"2020-06-02T06:50:12+00:00","description":"C\u00f3mo cobrar el ingreso m\u00ednimo vital: c\u00f3mo y cu\u00e1ndo se solicita. El Consejo de Ministros ha aprobado este viernes esta ayuda para los m\u00e1s desfavorecidos","breadcrumb":{"@id":"https:\/\/hosteleo.com\/blog\/el-ingreso-minimo-vital-como-y-cuando-se-solicita\/#breadcrumb"},"inLanguage":"es","potentialAction":[{"@type":"ReadAction","target":["https:\/\/hosteleo.com\/blog\/el-ingreso-minimo-vital-como-y-cuando-se-solicita\/"]}]},{"@type":"ImageObject","inLanguage":"es","@id":"https:\/\/hosteleo.com\/blog\/el-ingreso-minimo-vital-como-y-cuando-se-solicita\/#primaryimage","url":"https:\/\/hosteleo.com\/blog\/wp-content\/uploads\/2020\/05\/micheile-henderson-lZ_4nPFKcV8-unsplash-scaled.jpg","contentUrl":"https:\/\/hosteleo.com\/blog\/wp-content\/uploads\/2020\/05\/micheile-henderson-lZ_4nPFKcV8-unsplash-scaled.jpg","width":2560,"height":1706,"caption":"El ingreso m\u00ednimo vital:c\u00f3mo y cu\u00e1ndo se solicita"},{"@type":"BreadcrumbList","@id":"https:\/\/hosteleo.com\/blog\/el-ingreso-minimo-vital-como-y-cuando-se-solicita\/#breadcrumb","itemListElement":[{"@type":"ListItem","position":1,"name":"Home","item":"https:\/\/hosteleo.com\/blog\/"},{"@type":"ListItem","position":2,"name":"El ingreso m\u00ednimo vital: c\u00f3mo y cu\u00e1ndo se solicita"}]},{"@type":"WebSite","@id":"https:\/\/hosteleo.com\/blog\/#website","url":"https:\/\/hosteleo.com\/blog\/","name":"Blog de Empleo en Hosteler\u00eda y Turismo - Hosteleo","description":"Tu blog de Empleo en Hosteler\u00eda y Turismo","publisher":{"@id":"https:\/\/hosteleo.com\/blog\/#organization"},"potentialAction":[{"@type":"SearchAction","target":{"@type":"EntryPoint","urlTemplate":"https:\/\/hosteleo.com\/blog\/?s={search_term_string}"},"query-input":{"@type":"PropertyValueSpecification","valueRequired":true,"valueName":"search_term_string"}}],"inLanguage":"es"},{"@type":"Organization","@id":"https:\/\/hosteleo.com\/blog\/#organization","name":"Hosteleo","url":"https:\/\/hosteleo.com\/blog\/","logo":{"@type":"ImageObject","inLanguage":"es","@id":"https:\/\/hosteleo.com\/blog\/#\/schema\/logo\/image\/","url":"https:\/\/hosteleo.wizzie.dev\/blog\/wp-content\/uploads\/2020\/05\/logo-hosteleo.png","contentUrl":"https:\/\/hosteleo.wizzie.dev\/blog\/wp-content\/uploads\/2020\/05\/logo-hosteleo.png","width":475,"height":76,"caption":"Hosteleo"},"image":{"@id":"https:\/\/hosteleo.com\/blog\/#\/schema\/logo\/image\/"},"sameAs":["https:\/\/www.facebook.com\/hosteleo","https:\/\/x.com\/hosteleo","https:\/\/www.instagram.com\/hosteleo\/","https:\/\/es.linkedin.com\/company\/hosteleo-com"]},{"@type":"Person","@id":"https:\/\/hosteleo.com\/blog\/#\/schema\/person\/eef8bb67e661dbf50088c7f37406a84b","name":"Luis P\u00e9rez","image":{"@type":"ImageObject","inLanguage":"es","@id":"https:\/\/secure.gravatar.com\/avatar\/3949b0f4521059dd33be21948b1d539ec03a1b1069b5df3ea7e3f43d4a8b2d4d?s=96&d=mm&r=g","url":"https:\/\/secure.gravatar.com\/avatar\/3949b0f4521059dd33be21948b1d539ec03a1b1069b5df3ea7e3f43d4a8b2d4d?s=96&d=mm&r=g","contentUrl":"https:\/\/secure.gravatar.com\/avatar\/3949b0f4521059dd33be21948b1d539ec03a1b1069b5df3ea7e3f43d4a8b2d4d?s=96&d=mm&r=g","caption":"Luis P\u00e9rez"},"url":"https:\/\/hosteleo.com\/blog\/author\/davidbglinkers-es\/"}]}},"amp_enabled":true,"_links":{"self":[{"href":"https:\/\/hosteleo.com\/blog\/wp-json\/wp\/v2\/posts\/2707","targetHints":{"allow":["GET"]}}],"collection":[{"href":"https:\/\/hosteleo.com\/blog\/wp-json\/wp\/v2\/posts"}],"about":[{"href":"https:\/\/hosteleo.com\/blog\/wp-json\/wp\/v2\/types\/post"}],"author":[{"embeddable":true,"href":"https:\/\/hosteleo.com\/blog\/wp-json\/wp\/v2\/users\/2"}],"replies":[{"embeddable":true,"href":"https:\/\/hosteleo.com\/blog\/wp-json\/wp\/v2\/comments?post=2707"}],"version-history":[{"count":16,"href":"https:\/\/hosteleo.com\/blog\/wp-json\/wp\/v2\/posts\/2707\/revisions"}],"predecessor-version":[{"id":2823,"href":"https:\/\/hosteleo.com\/blog\/wp-json\/wp\/v2\/posts\/2707\/revisions\/2823"}],"wp:featuredmedia":[{"embeddable":true,"href":"https:\/\/hosteleo.com\/blog\/wp-json\/wp\/v2\/media\/2710"}],"wp:attachment":[{"href":"https:\/\/hosteleo.com\/blog\/wp-json\/wp\/v2\/media?parent=2707"}],"wp:term":[{"taxonomy":"category","embeddable":true,"href":"https:\/\/hosteleo.com\/blog\/wp-json\/wp\/v2\/categories?post=2707"},{"taxonomy":"post_tag","embeddable":true,"href":"https:\/\/hosteleo.com\/blog\/wp-json\/wp\/v2\/tags?post=2707"}],"curies":[{"name":"wp","href":"https:\/\/api.w.org\/{rel}","templated":true}]}}