{"id":2740,"date":"2020-05-31T13:34:20","date_gmt":"2020-05-31T13:34:20","guid":{"rendered":"https:\/\/hosteleo.com\/blog\/?p=2740"},"modified":"2020-06-02T08:29:40","modified_gmt":"2020-06-02T08:29:40","slug":"ultima-prorroga-del-estado-de-alarma-en-espana","status":"publish","type":"post","link":"https:\/\/hosteleo.com\/blog\/ultima-prorroga-del-estado-de-alarma-en-espana\/","title":{"rendered":"\u00daltima pr\u00f3rroga del estado de alarma en Espa\u00f1a"},"content":{"rendered":"\n<p>\u00daltima pr\u00f3rroga del estado de alarma, <strong>Pedro S\u00e1nchez, acaba de anunciar los \u00faltimos 15 d\u00edas de estado de alarma en Espa\u00f1a<\/strong>. El Presidente del Gobierno ha comunicado que esta \u00faltima pr\u00f3rroga <strong>ser\u00e1 gestionada por las distintas Comunidades Aut\u00f3nomas que est\u00e9n en fase 3.<\/strong><\/p>\n\n\n\n<p>Despu\u00e9s de reunirse con los presidentes auton\u00f3micos, ha anunciado a los medios de comunicaci\u00f3n que solicitar\u00e1 al congreso de los diputados una nueva pr\u00f3rroga del estado de alarma. Y que en este caso ser\u00e1 la \u00faltima, alarg\u00e1ndose hasta el 21 de junio.<\/p>\n\n\n\n<h2 class=\"wp-block-heading\">\u00bfC\u00f3mo se gestionar\u00e1 la \u00faltima pr\u00f3rroga del estado de alarma?<\/h2>\n\n\n\n<p>Ser\u00e1n las<strong> Comunidades Aut\u00f3nomas, que est\u00e9n en fase 3, las que podr\u00e1n gestionar todos los aspectos de estos \u00faltimos d\u00eda de estado de alarma<\/strong>. S\u00f3lo y exclusivamente, desde el gobierno central se centrar\u00e1n el vigilar y administrar la limitaciones de movilidad personas entre territorios.<\/p>\n\n\n\n<p>Esta \u00faltima prorroga que se <strong>inicia el 8 de junio, se extender\u00e1 hasta el d\u00eda 21 de junio<\/strong> , ser\u00e1 de co-gobernanza entre el estado espa\u00f1ol y las Comunidades Aut\u00f3nomas.<\/p>\n\n\n\n<p>De esta manera para el 21 de junio se cumplir\u00eda la desescalada total y fin del estado de alarma en Espa\u00f1a. Para que las CCAA pueden gestionarlo deber\u00e1n estar en fase 3, una vez el comit\u00e9 de expertos y el Ministerio de Sanidad haya aprobado su cambio de fase. <strong>Aquellas Comunidades Aut\u00f3nomas en fase 2 seguir\u00e1n estando bajo la supervisi\u00f3n del Ministerio de Sanidad, como hasta ahora estaba pasando<\/strong>.<\/p>\n\n\n\n<h3 class=\"wp-block-heading\"><strong>\u00bfCu\u00e1les han sido las fases de desescalada del estado de alarma?<\/strong><\/h3>\n\n\n\n<p>Desde el inicio del estado de alarma el 14 de marzo, hemos ido pasando de distintas fases en esta desescalada. Y por fin <strong>llegamos a la \u00faltima pr\u00f3rroga del estado de alarma<\/strong> que tendr\u00e1 que aprobarse en el congreso de los diputados.<\/p>\n\n\n\n<p><strong>Han sido cuatro las fases que las Comunidades Aut\u00f3nomas y territorios en Espa\u00f1a, han tenido que ir pasando<\/strong>. Previo estudio y aceptaci\u00f3n del comit\u00e9 de expertos del <a href=\"https:\/\/www.mscbs.gob.es\"><strong>Ministerio de Sanidad<\/strong><\/a>. Cada una de ellas han ido suponiendo un aumento de movimiento, y flexibilizaci\u00f3n de la cuarentena a la que la poblaci\u00f3n estaba sometida.<\/p>\n\n\n\n<p>Si bien las horas de salida a la calle, y las medidas de relaciones sociales han ido aumentando. Son las normas relativas a la vuelta econ\u00f3mica y de actividades de las empresas, las que todav\u00eda no han sido del todo flexibilizadas.<\/p>\n\n\n\n<figure class=\"wp-block-image size-large\"><img loading=\"lazy\" decoding=\"async\" width=\"1024\" height=\"683\" src=\"https:\/\/hosteleo.com\/blog\/wp-content\/uploads\/2020\/05\/macau-photo-agency-2AGj7bQ68lk-unsplash-1024x683.jpg\" alt=\"\" class=\"wp-image-2743\" srcset=\"https:\/\/hosteleo.com\/blog\/wp-content\/uploads\/2020\/05\/macau-photo-agency-2AGj7bQ68lk-unsplash-1024x683.jpg 1024w, https:\/\/hosteleo.com\/blog\/wp-content\/uploads\/2020\/05\/macau-photo-agency-2AGj7bQ68lk-unsplash-300x200.jpg 300w, https:\/\/hosteleo.com\/blog\/wp-content\/uploads\/2020\/05\/macau-photo-agency-2AGj7bQ68lk-unsplash-768x512.jpg 768w, https:\/\/hosteleo.com\/blog\/wp-content\/uploads\/2020\/05\/macau-photo-agency-2AGj7bQ68lk-unsplash-1536x1024.jpg 1536w, https:\/\/hosteleo.com\/blog\/wp-content\/uploads\/2020\/05\/macau-photo-agency-2AGj7bQ68lk-unsplash-2048x1365.jpg 2048w, https:\/\/hosteleo.com\/blog\/wp-content\/uploads\/2020\/05\/macau-photo-agency-2AGj7bQ68lk-unsplash-810x540.jpg 810w, https:\/\/hosteleo.com\/blog\/wp-content\/uploads\/2020\/05\/macau-photo-agency-2AGj7bQ68lk-unsplash-1140x760.jpg 1140w\" sizes=\"auto, (max-width: 1024px) 100vw, 1024px\" \/><figcaption>Los \u00faltimos 15 d\u00edas de estado de alarma en Espa\u00f1a<\/figcaption><\/figure>\n\n\n\n<p>De hecho<strong> la mayor\u00eda de los negocios de hosteler\u00eda y de turismo siguen cerrados<\/strong>, o en condiciones muy limitadas de ejercer su objeto comercial. Aunque <strong>peor lo tienen las discotecas, bares de copas y ocio nocturno<\/strong>. Que todav\u00eda no puede abrir en fase 3, aunque han ido <a href=\"https:\/\/hosteleo.com\/blog\/las-discotecas-se-protegen-contra-e-covid-19\/\"><strong>proponiendo acciones de seguridad y sanitarias para reabrir con tranquilidad para clientes y trabajadores<\/strong><\/a>.<\/p>\n\n\n\n<p>Las mayor\u00eda de los negocios hosteleros han decidido continuar con<strong> <\/strong><a href=\"https:\/\/hosteleo.com\/blog\/los-ertes-en-hosteleria\/\"><strong>los ERTE <\/strong><font color=\"#598fbf\"><span style=\"caret-color: rgb(89, 143, 191);\"><b>aprobado<\/b><\/span><\/font><strong>s<\/strong> <strong>por el estado de alarma<\/strong><\/a>. Que en principio tienen<a href=\"https:\/\/hosteleo.com\/blog\/como-afecta-a-la-hosteleria-la-prorroga-de-los-erte\/\"> <strong>vigencia hasta el 30 de <\/strong><\/a><font color=\"#598fbf\"><span style=\"caret-color: rgb(89, 143, 191);\"><b>junio, <\/b><\/span><\/font>c\u00f3mo \u00fanica manera de ir superando estas semanas de cuarentena.<\/p>\n\n\n\n<p>Se espera que en<strong> las pr\u00f3ximas semanas se anuncie<\/strong> que podr\u00e1n ser ampliados, para el sector tur\u00edstico y hostelero, <strong>hasta el 30 de septiembre<\/strong>.<\/p>\n\n\n\n<p>\u00daltimas noticias del Blog:<\/p>\n\n\n<ul class=\"wp-block-latest-posts__list wp-block-latest-posts\"><li><a class=\"wp-block-latest-posts__post-title\" href=\"https:\/\/hosteleo.com\/blog\/los-modelos-de-negocio-que-triunfaran-en-la-hosteleria-espanola-en-2026\/\">Los modelos de negocio que triunfar\u00e1n en la Hosteler\u00eda espa\u00f1ola en 2026<\/a><\/li>\n<li><a class=\"wp-block-latest-posts__post-title\" href=\"https:\/\/hosteleo.com\/blog\/verifactu-en-hosteleria\/\">Verifactu en hosteler\u00eda: \u00bfamenaza u oportunidad?<\/a><\/li>\n<li><a class=\"wp-block-latest-posts__post-title\" href=\"https:\/\/hosteleo.com\/blog\/las-novedades-de-la-hosteleria-espanola-para-2026\/\">Las novedades de la hosteler\u00eda espa\u00f1ola para 2026<\/a><\/li>\n<li><a class=\"wp-block-latest-posts__post-title\" href=\"https:\/\/hosteleo.com\/blog\/gestion-ejecutiva-de-restaurantes-en-verano\/\">Gesti\u00f3n ejecutiva de restaurantes en verano<\/a><\/li>\n<li><a class=\"wp-block-latest-posts__post-title\" href=\"https:\/\/hosteleo.com\/blog\/el-caviar-preferido-por-los-chefs-del-bocuse-dor-espana\/\">El caviar preferido por los chefs del Bocuse d\u2019Or Espa\u00f1a<\/a><\/li>\n<\/ul>","protected":false},"excerpt":{"rendered":"<p>\u00daltima pr\u00f3rroga del estado de alarma, Pedro S\u00e1nchez, acaba de anunciar los \u00faltimos 15 d\u00edas de estado de alarma en Espa\u00f1a. El Presidente del Gobierno ha comunicado que esta \u00faltima pr\u00f3rroga ser\u00e1 gestionada por las distintas Comunidades Aut\u00f3nomas que est\u00e9n en fase 3. Despu\u00e9s de reunirse con los presidentes auton\u00f3micos, ha anunciado a los medios [&hellip;]<\/p>\n","protected":false},"author":2,"featured_media":2742,"comment_status":"open","ping_status":"open","sticky":false,"template":"","format":"standard","meta":{"_exactmetrics_skip_tracking":false,"_exactmetrics_sitenote_active":false,"_exactmetrics_sitenote_note":"","_exactmetrics_sitenote_category":0,"footnotes":""},"categories":[41],"tags":[234,458,447,459,456],"class_list":["post-2740","post","type-post","status-publish","format-standard","has-post-thumbnail","hentry","category-noticias-empleo-hosteleria-turismo","tag-covid-19","tag-estando-de-alarma","tag-fase-3","tag-ultima-prorroga-2","tag-ultimos-15-dias"],"yoast_head":"<!-- This site is optimized with the Yoast SEO plugin v27.5 - https:\/\/yoast.com\/product\/yoast-seo-wordpress\/ -->\n<title>\u00daltima pr\u00f3rroga del estado de alarma en Espa\u00f1a - Hosteleo<\/title>\n<meta name=\"description\" content=\"\u00daltima pr\u00f3rroga del estado de alarma en Espa\u00f1a. La desescalada llega a su fin el 21 de junio, siendo las CCAA quienes lo gestionar\u00e1n\" \/>\n<meta name=\"robots\" content=\"index, follow, max-snippet:-1, max-image-preview:large, max-video-preview:-1\" \/>\n<link rel=\"canonical\" href=\"https:\/\/hosteleo.com\/blog\/ultima-prorroga-del-estado-de-alarma-en-espana\/\" \/>\n<meta property=\"og:locale\" content=\"es_ES\" \/>\n<meta property=\"og:type\" content=\"article\" \/>\n<meta property=\"og:title\" content=\"\u00daltima pr\u00f3rroga del estado de alarma en Espa\u00f1a - Hosteleo\" \/>\n<meta property=\"og:description\" content=\"\u00daltima pr\u00f3rroga del estado de alarma en Espa\u00f1a. La desescalada llega a su fin el 21 de junio, siendo las CCAA quienes lo gestionar\u00e1n\" \/>\n<meta property=\"og:url\" content=\"https:\/\/hosteleo.com\/blog\/ultima-prorroga-del-estado-de-alarma-en-espana\/\" \/>\n<meta property=\"og:site_name\" content=\"Blog de Empleo en Hosteler\u00eda y Turismo - Hosteleo\" \/>\n<meta property=\"article:publisher\" content=\"https:\/\/www.facebook.com\/hosteleo\" \/>\n<meta property=\"article:published_time\" content=\"2020-05-31T13:34:20+00:00\" \/>\n<meta property=\"article:modified_time\" content=\"2020-06-02T08:29:40+00:00\" \/>\n<meta property=\"og:image\" content=\"https:\/\/hosteleo.com\/blog\/wp-content\/uploads\/2020\/05\/engin-akyurt-fboaVuIdgzU-unsplash-scaled.jpg\" \/>\n\t<meta property=\"og:image:width\" content=\"2560\" \/>\n\t<meta property=\"og:image:height\" content=\"1707\" \/>\n\t<meta property=\"og:image:type\" content=\"image\/jpeg\" \/>\n<meta name=\"author\" content=\"Luis P\u00e9rez\" \/>\n<meta name=\"twitter:card\" content=\"summary_large_image\" \/>\n<meta name=\"twitter:creator\" content=\"@hosteleo\" \/>\n<meta name=\"twitter:site\" content=\"@hosteleo\" \/>\n<meta name=\"twitter:label1\" content=\"Escrito por\" \/>\n\t<meta name=\"twitter:data1\" content=\"Luis P\u00e9rez\" \/>\n\t<meta name=\"twitter:label2\" content=\"Tiempo de lectura\" \/>\n\t<meta name=\"twitter:data2\" content=\"3 minutos\" \/>\n<script type=\"application\/ld+json\" class=\"yoast-schema-graph\">{\"@context\":\"https:\\\/\\\/schema.org\",\"@graph\":[{\"@type\":\"Article\",\"@id\":\"https:\\\/\\\/hosteleo.com\\\/blog\\\/ultima-prorroga-del-estado-de-alarma-en-espana\\\/#article\",\"isPartOf\":{\"@id\":\"https:\\\/\\\/hosteleo.com\\\/blog\\\/ultima-prorroga-del-estado-de-alarma-en-espana\\\/\"},\"author\":{\"name\":\"Luis P\u00e9rez\",\"@id\":\"https:\\\/\\\/hosteleo.com\\\/blog\\\/#\\\/schema\\\/person\\\/eef8bb67e661dbf50088c7f37406a84b\"},\"headline\":\"\u00daltima pr\u00f3rroga del estado de alarma en Espa\u00f1a\",\"datePublished\":\"2020-05-31T13:34:20+00:00\",\"dateModified\":\"2020-06-02T08:29:40+00:00\",\"mainEntityOfPage\":{\"@id\":\"https:\\\/\\\/hosteleo.com\\\/blog\\\/ultima-prorroga-del-estado-de-alarma-en-espana\\\/\"},\"wordCount\":567,\"commentCount\":5,\"publisher\":{\"@id\":\"https:\\\/\\\/hosteleo.com\\\/blog\\\/#organization\"},\"image\":{\"@id\":\"https:\\\/\\\/hosteleo.com\\\/blog\\\/ultima-prorroga-del-estado-de-alarma-en-espana\\\/#primaryimage\"},\"thumbnailUrl\":\"https:\\\/\\\/hosteleo.com\\\/blog\\\/wp-content\\\/uploads\\\/2020\\\/05\\\/engin-akyurt-fboaVuIdgzU-unsplash-scaled.jpg\",\"keywords\":[\"Covid-19\",\"estando de alarma\",\"fase 3\",\"ultima pr\u00f3rroga\",\"\u00faltimos 15 d\u00edas\"],\"articleSection\":[\"Noticias de Empleo en Hosteler\u00eda y Turismo\"],\"inLanguage\":\"es\",\"potentialAction\":[{\"@type\":\"CommentAction\",\"name\":\"Comment\",\"target\":[\"https:\\\/\\\/hosteleo.com\\\/blog\\\/ultima-prorroga-del-estado-de-alarma-en-espana\\\/#respond\"]}]},{\"@type\":\"WebPage\",\"@id\":\"https:\\\/\\\/hosteleo.com\\\/blog\\\/ultima-prorroga-del-estado-de-alarma-en-espana\\\/\",\"url\":\"https:\\\/\\\/hosteleo.com\\\/blog\\\/ultima-prorroga-del-estado-de-alarma-en-espana\\\/\",\"name\":\"\u00daltima pr\u00f3rroga del estado de alarma en Espa\u00f1a - Hosteleo\",\"isPartOf\":{\"@id\":\"https:\\\/\\\/hosteleo.com\\\/blog\\\/#website\"},\"primaryImageOfPage\":{\"@id\":\"https:\\\/\\\/hosteleo.com\\\/blog\\\/ultima-prorroga-del-estado-de-alarma-en-espana\\\/#primaryimage\"},\"image\":{\"@id\":\"https:\\\/\\\/hosteleo.com\\\/blog\\\/ultima-prorroga-del-estado-de-alarma-en-espana\\\/#primaryimage\"},\"thumbnailUrl\":\"https:\\\/\\\/hosteleo.com\\\/blog\\\/wp-content\\\/uploads\\\/2020\\\/05\\\/engin-akyurt-fboaVuIdgzU-unsplash-scaled.jpg\",\"datePublished\":\"2020-05-31T13:34:20+00:00\",\"dateModified\":\"2020-06-02T08:29:40+00:00\",\"description\":\"\u00daltima pr\u00f3rroga del estado de alarma en Espa\u00f1a. La desescalada llega a su fin el 21 de junio, siendo las CCAA quienes lo gestionar\u00e1n\",\"breadcrumb\":{\"@id\":\"https:\\\/\\\/hosteleo.com\\\/blog\\\/ultima-prorroga-del-estado-de-alarma-en-espana\\\/#breadcrumb\"},\"inLanguage\":\"es\",\"potentialAction\":[{\"@type\":\"ReadAction\",\"target\":[\"https:\\\/\\\/hosteleo.com\\\/blog\\\/ultima-prorroga-del-estado-de-alarma-en-espana\\\/\"]}]},{\"@type\":\"ImageObject\",\"inLanguage\":\"es\",\"@id\":\"https:\\\/\\\/hosteleo.com\\\/blog\\\/ultima-prorroga-del-estado-de-alarma-en-espana\\\/#primaryimage\",\"url\":\"https:\\\/\\\/hosteleo.com\\\/blog\\\/wp-content\\\/uploads\\\/2020\\\/05\\\/engin-akyurt-fboaVuIdgzU-unsplash-scaled.jpg\",\"contentUrl\":\"https:\\\/\\\/hosteleo.com\\\/blog\\\/wp-content\\\/uploads\\\/2020\\\/05\\\/engin-akyurt-fboaVuIdgzU-unsplash-scaled.jpg\",\"width\":2560,\"height\":1707,\"caption\":\"\u00daltima pr\u00f3rroga del estado de alarma en Espa\u00f1a\"},{\"@type\":\"BreadcrumbList\",\"@id\":\"https:\\\/\\\/hosteleo.com\\\/blog\\\/ultima-prorroga-del-estado-de-alarma-en-espana\\\/#breadcrumb\",\"itemListElement\":[{\"@type\":\"ListItem\",\"position\":1,\"name\":\"Home\",\"item\":\"https:\\\/\\\/hosteleo.com\\\/blog\\\/\"},{\"@type\":\"ListItem\",\"position\":2,\"name\":\"\u00daltima pr\u00f3rroga del estado de alarma en Espa\u00f1a\"}]},{\"@type\":\"WebSite\",\"@id\":\"https:\\\/\\\/hosteleo.com\\\/blog\\\/#website\",\"url\":\"https:\\\/\\\/hosteleo.com\\\/blog\\\/\",\"name\":\"Blog de Empleo en Hosteler\u00eda y Turismo - Hosteleo\",\"description\":\"Tu blog de Empleo en Hosteler\u00eda y Turismo\",\"publisher\":{\"@id\":\"https:\\\/\\\/hosteleo.com\\\/blog\\\/#organization\"},\"potentialAction\":[{\"@type\":\"SearchAction\",\"target\":{\"@type\":\"EntryPoint\",\"urlTemplate\":\"https:\\\/\\\/hosteleo.com\\\/blog\\\/?s={search_term_string}\"},\"query-input\":{\"@type\":\"PropertyValueSpecification\",\"valueRequired\":true,\"valueName\":\"search_term_string\"}}],\"inLanguage\":\"es\"},{\"@type\":\"Organization\",\"@id\":\"https:\\\/\\\/hosteleo.com\\\/blog\\\/#organization\",\"name\":\"Hosteleo\",\"url\":\"https:\\\/\\\/hosteleo.com\\\/blog\\\/\",\"logo\":{\"@type\":\"ImageObject\",\"inLanguage\":\"es\",\"@id\":\"https:\\\/\\\/hosteleo.com\\\/blog\\\/#\\\/schema\\\/logo\\\/image\\\/\",\"url\":\"https:\\\/\\\/hosteleo.wizzie.dev\\\/blog\\\/wp-content\\\/uploads\\\/2020\\\/05\\\/logo-hosteleo.png\",\"contentUrl\":\"https:\\\/\\\/hosteleo.wizzie.dev\\\/blog\\\/wp-content\\\/uploads\\\/2020\\\/05\\\/logo-hosteleo.png\",\"width\":475,\"height\":76,\"caption\":\"Hosteleo\"},\"image\":{\"@id\":\"https:\\\/\\\/hosteleo.com\\\/blog\\\/#\\\/schema\\\/logo\\\/image\\\/\"},\"sameAs\":[\"https:\\\/\\\/www.facebook.com\\\/hosteleo\",\"https:\\\/\\\/x.com\\\/hosteleo\",\"https:\\\/\\\/www.instagram.com\\\/hosteleo\\\/\",\"https:\\\/\\\/es.linkedin.com\\\/company\\\/hosteleo-com\"]},{\"@type\":\"Person\",\"@id\":\"https:\\\/\\\/hosteleo.com\\\/blog\\\/#\\\/schema\\\/person\\\/eef8bb67e661dbf50088c7f37406a84b\",\"name\":\"Luis P\u00e9rez\",\"image\":{\"@type\":\"ImageObject\",\"inLanguage\":\"es\",\"@id\":\"https:\\\/\\\/secure.gravatar.com\\\/avatar\\\/3949b0f4521059dd33be21948b1d539ec03a1b1069b5df3ea7e3f43d4a8b2d4d?s=96&d=mm&r=g\",\"url\":\"https:\\\/\\\/secure.gravatar.com\\\/avatar\\\/3949b0f4521059dd33be21948b1d539ec03a1b1069b5df3ea7e3f43d4a8b2d4d?s=96&d=mm&r=g\",\"contentUrl\":\"https:\\\/\\\/secure.gravatar.com\\\/avatar\\\/3949b0f4521059dd33be21948b1d539ec03a1b1069b5df3ea7e3f43d4a8b2d4d?s=96&d=mm&r=g\",\"caption\":\"Luis P\u00e9rez\"},\"url\":\"https:\\\/\\\/hosteleo.com\\\/blog\\\/author\\\/davidbglinkers-es\\\/\"}]}<\/script>\n<!-- \/ Yoast SEO plugin. -->","yoast_head_json":{"title":"\u00daltima pr\u00f3rroga del estado de alarma en Espa\u00f1a - Hosteleo","description":"\u00daltima pr\u00f3rroga del estado de alarma en Espa\u00f1a. La desescalada llega a su fin el 21 de junio, siendo las CCAA quienes lo gestionar\u00e1n","robots":{"index":"index","follow":"follow","max-snippet":"max-snippet:-1","max-image-preview":"max-image-preview:large","max-video-preview":"max-video-preview:-1"},"canonical":"https:\/\/hosteleo.com\/blog\/ultima-prorroga-del-estado-de-alarma-en-espana\/","og_locale":"es_ES","og_type":"article","og_title":"\u00daltima pr\u00f3rroga del estado de alarma en Espa\u00f1a - Hosteleo","og_description":"\u00daltima pr\u00f3rroga del estado de alarma en Espa\u00f1a. La desescalada llega a su fin el 21 de junio, siendo las CCAA quienes lo gestionar\u00e1n","og_url":"https:\/\/hosteleo.com\/blog\/ultima-prorroga-del-estado-de-alarma-en-espana\/","og_site_name":"Blog de Empleo en Hosteler\u00eda y Turismo - Hosteleo","article_publisher":"https:\/\/www.facebook.com\/hosteleo","article_published_time":"2020-05-31T13:34:20+00:00","article_modified_time":"2020-06-02T08:29:40+00:00","og_image":[{"width":2560,"height":1707,"url":"https:\/\/hosteleo.com\/blog\/wp-content\/uploads\/2020\/05\/engin-akyurt-fboaVuIdgzU-unsplash-scaled.jpg","type":"image\/jpeg"}],"author":"Luis P\u00e9rez","twitter_card":"summary_large_image","twitter_creator":"@hosteleo","twitter_site":"@hosteleo","twitter_misc":{"Escrito por":"Luis P\u00e9rez","Tiempo de lectura":"3 minutos"},"schema":{"@context":"https:\/\/schema.org","@graph":[{"@type":"Article","@id":"https:\/\/hosteleo.com\/blog\/ultima-prorroga-del-estado-de-alarma-en-espana\/#article","isPartOf":{"@id":"https:\/\/hosteleo.com\/blog\/ultima-prorroga-del-estado-de-alarma-en-espana\/"},"author":{"name":"Luis P\u00e9rez","@id":"https:\/\/hosteleo.com\/blog\/#\/schema\/person\/eef8bb67e661dbf50088c7f37406a84b"},"headline":"\u00daltima pr\u00f3rroga del estado de alarma en Espa\u00f1a","datePublished":"2020-05-31T13:34:20+00:00","dateModified":"2020-06-02T08:29:40+00:00","mainEntityOfPage":{"@id":"https:\/\/hosteleo.com\/blog\/ultima-prorroga-del-estado-de-alarma-en-espana\/"},"wordCount":567,"commentCount":5,"publisher":{"@id":"https:\/\/hosteleo.com\/blog\/#organization"},"image":{"@id":"https:\/\/hosteleo.com\/blog\/ultima-prorroga-del-estado-de-alarma-en-espana\/#primaryimage"},"thumbnailUrl":"https:\/\/hosteleo.com\/blog\/wp-content\/uploads\/2020\/05\/engin-akyurt-fboaVuIdgzU-unsplash-scaled.jpg","keywords":["Covid-19","estando de alarma","fase 3","ultima pr\u00f3rroga","\u00faltimos 15 d\u00edas"],"articleSection":["Noticias de Empleo en Hosteler\u00eda y Turismo"],"inLanguage":"es","potentialAction":[{"@type":"CommentAction","name":"Comment","target":["https:\/\/hosteleo.com\/blog\/ultima-prorroga-del-estado-de-alarma-en-espana\/#respond"]}]},{"@type":"WebPage","@id":"https:\/\/hosteleo.com\/blog\/ultima-prorroga-del-estado-de-alarma-en-espana\/","url":"https:\/\/hosteleo.com\/blog\/ultima-prorroga-del-estado-de-alarma-en-espana\/","name":"\u00daltima pr\u00f3rroga del estado de alarma en Espa\u00f1a - Hosteleo","isPartOf":{"@id":"https:\/\/hosteleo.com\/blog\/#website"},"primaryImageOfPage":{"@id":"https:\/\/hosteleo.com\/blog\/ultima-prorroga-del-estado-de-alarma-en-espana\/#primaryimage"},"image":{"@id":"https:\/\/hosteleo.com\/blog\/ultima-prorroga-del-estado-de-alarma-en-espana\/#primaryimage"},"thumbnailUrl":"https:\/\/hosteleo.com\/blog\/wp-content\/uploads\/2020\/05\/engin-akyurt-fboaVuIdgzU-unsplash-scaled.jpg","datePublished":"2020-05-31T13:34:20+00:00","dateModified":"2020-06-02T08:29:40+00:00","description":"\u00daltima pr\u00f3rroga del estado de alarma en Espa\u00f1a. La desescalada llega a su fin el 21 de junio, siendo las CCAA quienes lo gestionar\u00e1n","breadcrumb":{"@id":"https:\/\/hosteleo.com\/blog\/ultima-prorroga-del-estado-de-alarma-en-espana\/#breadcrumb"},"inLanguage":"es","potentialAction":[{"@type":"ReadAction","target":["https:\/\/hosteleo.com\/blog\/ultima-prorroga-del-estado-de-alarma-en-espana\/"]}]},{"@type":"ImageObject","inLanguage":"es","@id":"https:\/\/hosteleo.com\/blog\/ultima-prorroga-del-estado-de-alarma-en-espana\/#primaryimage","url":"https:\/\/hosteleo.com\/blog\/wp-content\/uploads\/2020\/05\/engin-akyurt-fboaVuIdgzU-unsplash-scaled.jpg","contentUrl":"https:\/\/hosteleo.com\/blog\/wp-content\/uploads\/2020\/05\/engin-akyurt-fboaVuIdgzU-unsplash-scaled.jpg","width":2560,"height":1707,"caption":"\u00daltima pr\u00f3rroga del estado de alarma en Espa\u00f1a"},{"@type":"BreadcrumbList","@id":"https:\/\/hosteleo.com\/blog\/ultima-prorroga-del-estado-de-alarma-en-espana\/#breadcrumb","itemListElement":[{"@type":"ListItem","position":1,"name":"Home","item":"https:\/\/hosteleo.com\/blog\/"},{"@type":"ListItem","position":2,"name":"\u00daltima pr\u00f3rroga del estado de alarma en Espa\u00f1a"}]},{"@type":"WebSite","@id":"https:\/\/hosteleo.com\/blog\/#website","url":"https:\/\/hosteleo.com\/blog\/","name":"Blog de Empleo en Hosteler\u00eda y Turismo - Hosteleo","description":"Tu blog de Empleo en Hosteler\u00eda y Turismo","publisher":{"@id":"https:\/\/hosteleo.com\/blog\/#organization"},"potentialAction":[{"@type":"SearchAction","target":{"@type":"EntryPoint","urlTemplate":"https:\/\/hosteleo.com\/blog\/?s={search_term_string}"},"query-input":{"@type":"PropertyValueSpecification","valueRequired":true,"valueName":"search_term_string"}}],"inLanguage":"es"},{"@type":"Organization","@id":"https:\/\/hosteleo.com\/blog\/#organization","name":"Hosteleo","url":"https:\/\/hosteleo.com\/blog\/","logo":{"@type":"ImageObject","inLanguage":"es","@id":"https:\/\/hosteleo.com\/blog\/#\/schema\/logo\/image\/","url":"https:\/\/hosteleo.wizzie.dev\/blog\/wp-content\/uploads\/2020\/05\/logo-hosteleo.png","contentUrl":"https:\/\/hosteleo.wizzie.dev\/blog\/wp-content\/uploads\/2020\/05\/logo-hosteleo.png","width":475,"height":76,"caption":"Hosteleo"},"image":{"@id":"https:\/\/hosteleo.com\/blog\/#\/schema\/logo\/image\/"},"sameAs":["https:\/\/www.facebook.com\/hosteleo","https:\/\/x.com\/hosteleo","https:\/\/www.instagram.com\/hosteleo\/","https:\/\/es.linkedin.com\/company\/hosteleo-com"]},{"@type":"Person","@id":"https:\/\/hosteleo.com\/blog\/#\/schema\/person\/eef8bb67e661dbf50088c7f37406a84b","name":"Luis P\u00e9rez","image":{"@type":"ImageObject","inLanguage":"es","@id":"https:\/\/secure.gravatar.com\/avatar\/3949b0f4521059dd33be21948b1d539ec03a1b1069b5df3ea7e3f43d4a8b2d4d?s=96&d=mm&r=g","url":"https:\/\/secure.gravatar.com\/avatar\/3949b0f4521059dd33be21948b1d539ec03a1b1069b5df3ea7e3f43d4a8b2d4d?s=96&d=mm&r=g","contentUrl":"https:\/\/secure.gravatar.com\/avatar\/3949b0f4521059dd33be21948b1d539ec03a1b1069b5df3ea7e3f43d4a8b2d4d?s=96&d=mm&r=g","caption":"Luis P\u00e9rez"},"url":"https:\/\/hosteleo.com\/blog\/author\/davidbglinkers-es\/"}]}},"amp_enabled":true,"_links":{"self":[{"href":"https:\/\/hosteleo.com\/blog\/wp-json\/wp\/v2\/posts\/2740","targetHints":{"allow":["GET"]}}],"collection":[{"href":"https:\/\/hosteleo.com\/blog\/wp-json\/wp\/v2\/posts"}],"about":[{"href":"https:\/\/hosteleo.com\/blog\/wp-json\/wp\/v2\/types\/post"}],"author":[{"embeddable":true,"href":"https:\/\/hosteleo.com\/blog\/wp-json\/wp\/v2\/users\/2"}],"replies":[{"embeddable":true,"href":"https:\/\/hosteleo.com\/blog\/wp-json\/wp\/v2\/comments?post=2740"}],"version-history":[{"count":7,"href":"https:\/\/hosteleo.com\/blog\/wp-json\/wp\/v2\/posts\/2740\/revisions"}],"predecessor-version":[{"id":2826,"href":"https:\/\/hosteleo.com\/blog\/wp-json\/wp\/v2\/posts\/2740\/revisions\/2826"}],"wp:featuredmedia":[{"embeddable":true,"href":"https:\/\/hosteleo.com\/blog\/wp-json\/wp\/v2\/media\/2742"}],"wp:attachment":[{"href":"https:\/\/hosteleo.com\/blog\/wp-json\/wp\/v2\/media?parent=2740"}],"wp:term":[{"taxonomy":"category","embeddable":true,"href":"https:\/\/hosteleo.com\/blog\/wp-json\/wp\/v2\/categories?post=2740"},{"taxonomy":"post_tag","embeddable":true,"href":"https:\/\/hosteleo.com\/blog\/wp-json\/wp\/v2\/tags?post=2740"}],"curies":[{"name":"wp","href":"https:\/\/api.w.org\/{rel}","templated":true}]}}