{"id":2793,"date":"2020-06-01T16:49:38","date_gmt":"2020-06-01T16:49:38","guid":{"rendered":"https:\/\/hosteleo.com\/blog\/?p=2793"},"modified":"2020-06-02T16:26:22","modified_gmt":"2020-06-02T16:26:22","slug":"las-claves-de-la-renta-minima-vital-y-la-unidad-de-convivencia","status":"publish","type":"post","link":"https:\/\/hosteleo.com\/blog\/las-claves-de-la-renta-minima-vital-y-la-unidad-de-convivencia\/","title":{"rendered":"Las claves de la renta m\u00ednima vital y la unidad de convivencia"},"content":{"rendered":"\n<p>Con la <a href=\"https:\/\/www.boe.es\/diario_boe\/txt.php?id=BOE-A-2020-5493\"><strong>publicaci\u00f3n hoy 1 de junio de las claves de la renta m\u00ednima vital en el BOE<\/strong><\/a>, conocemos m\u00e1s si cabe los requisitos en tiempo y forma, para la solicitud del ingreso m\u00ednimo vital. La gran novedad es la <strong>definici\u00f3n de unidad de convivencia<\/strong>, como medida de valoraci\u00f3n de la aprobaci\u00f3n de la renta m\u00ednima vital.<\/p>\n\n\n\n<p>Por eso vamos a dar<strong> las claves de la renta m\u00ednima vital<\/strong>, y explicar en que consiste la unidad de convivencia,  que con la publicaci\u00f3n en el BOE, ha tra\u00eddo nueva informaci\u00f3n adicional:<\/p>\n\n\n\n<h3 class=\"wp-block-heading\"><strong>1\u00ba \u00bfQui\u00e9n solicita la ayuda?<\/strong><\/h3>\n\n\n\n<p><strong>Solo una de las personas adultas de la unidad familiar <\/strong>ser\u00e1 la que solicita la renta m\u00ednima vital. Aunque eso s\u00ed, se tendr\u00e1 en cuanta el c\u00f3mputo de ingresos de todas ellas, para analizar la solicitud, y su posible aprobaci\u00f3n.<\/p>\n\n\n\n<h3 class=\"wp-block-heading\"><strong>2\u00ba \u00bfEs compatible la renta m\u00ednima vital con otras prestaciones o ingresos?<\/strong><\/h3>\n\n\n\n<p><a href=\"https:\/\/hosteleo.com\/blog\/el-ingreso-minimo-vital-como-y-cuando-se-solicita\/\">Si, como bien dice la norma <\/a>aprobado, la renta m\u00ednima es un complemento. Es decir que puede compatibilizar en el tiempo su cobro con el del resto de ingresos y prestaciones, incluyendo salarios.<\/p>\n\n\n\n<p>De hecho podr\u00eda ser compatible con <a href=\"https:\/\/hosteleo.com\/blog\/el-sepe-publica-la-guia-de-errores-en-los-erte\/\"><strong>el cobro de la prestaci\u00f3n de desempleo por ERTE<\/strong><\/a> siempre y cuando no llegara al m\u00ednimo. <\/p>\n\n\n\n<h3 class=\"wp-block-heading\"><strong>3\u00ba  \u00bfC\u00f3mo se calcula el cobro de la renta m\u00ednima vital?<\/strong><\/h3>\n\n\n\n<p>En principio se cre\u00eda que era por personas, pero con <strong>la publicaci\u00f3n de la norma en el BOE de hoy 1 de junio<\/strong>, queda claro que ser\u00e1 por <strong>unidades de convivencia<\/strong>, menos si es una persona que vive sola. <\/p>\n\n\n\n<hr class=\"wp-block-separator is-style-wide\"\/>\n\n\n\n<blockquote class=\"wp-block-quote is-layout-flow wp-block-quote-is-layout-flow\"><p>Que sea por unidad de convivencia, significa que la ayuda es una por familia, no por cada persona adulta en ella.<\/p><\/blockquote>\n\n\n\n<hr class=\"wp-block-separator is-style-wide\"\/>\n\n\n\n<figure class=\"wp-block-image size-large\"><img loading=\"lazy\" decoding=\"async\" width=\"1024\" height=\"683\" src=\"https:\/\/hosteleo.com\/blog\/wp-content\/uploads\/2020\/06\/jude-beck-a-nWU0o73r4-unsplash-1-1024x683.jpg\" alt=\"\" class=\"wp-image-2797\" srcset=\"https:\/\/hosteleo.com\/blog\/wp-content\/uploads\/2020\/06\/jude-beck-a-nWU0o73r4-unsplash-1-1024x683.jpg 1024w, https:\/\/hosteleo.com\/blog\/wp-content\/uploads\/2020\/06\/jude-beck-a-nWU0o73r4-unsplash-1-300x200.jpg 300w, https:\/\/hosteleo.com\/blog\/wp-content\/uploads\/2020\/06\/jude-beck-a-nWU0o73r4-unsplash-1-768x513.jpg 768w, https:\/\/hosteleo.com\/blog\/wp-content\/uploads\/2020\/06\/jude-beck-a-nWU0o73r4-unsplash-1-1536x1025.jpg 1536w, https:\/\/hosteleo.com\/blog\/wp-content\/uploads\/2020\/06\/jude-beck-a-nWU0o73r4-unsplash-1-2048x1367.jpg 2048w, https:\/\/hosteleo.com\/blog\/wp-content\/uploads\/2020\/06\/jude-beck-a-nWU0o73r4-unsplash-1-810x541.jpg 810w, https:\/\/hosteleo.com\/blog\/wp-content\/uploads\/2020\/06\/jude-beck-a-nWU0o73r4-unsplash-1-1140x761.jpg 1140w\" sizes=\"auto, (max-width: 1024px) 100vw, 1024px\" \/><figcaption>Las claves de la renta m\u00ednima vital y la unidad de convivencia<\/figcaption><\/figure>\n\n\n\n<h3 class=\"wp-block-heading\"><strong>3\u00ba \u00bfCu\u00e1ndo entra en vigor?<\/strong><\/h3>\n\n\n\n<p>Entra en vigor desde hoy d\u00eda 1 de junio de 2020, aunque se puede solicitar desde d\u00eda 15 de junio hasta el 15 de septiembre. Tendr\u00e1 un efecto retroactiva con fecha 1 de junio. <\/p>\n\n\n\n<p>Quiere decir que si te la conceden a posteriori, aunque la hubieras presentado a tiempo, se te concede desde esa fecha el derecho de cobro. En cambio si lo pides en fechas  posteriores, podr\u00e1s cobrar la renta m\u00ednima vital el mes siguiente.<\/p>\n\n\n\n<h3 class=\"wp-block-heading\"><strong>4\u00ba \u00bfCu\u00e1l es la cantidad m\u00e1xima que se puede cobrar? \u00bfCuantas pagas tiene la prestaci\u00f3n?<\/strong><\/h3>\n\n\n\n<p>La cuant\u00eda ser\u00e1 entre 462 \u20ac la m\u00ednima hasta un tope m\u00e1ximo de 1.015 \u20ac. Estas cifras son las aplicables al a\u00f1o 2020. Si miramos el decreto ley aprobado hoy veremos que la cantidad m\u00e1s baja del ingreso m\u00ednimo vital para un adulto, es la misma que la de una pensi\u00f3n no contributiva.  Pero se ha redondeado al alza para llegar a los 462 \u20ac<\/p>\n\n\n\n<p>Adem\u00e1s se les aplica unos ajustes multiplicadores, seg\u00fan el Decreto Ley, de un 30% para cada miembro adicional, y un 20% para las familias.<\/p>\n\n\n\n<hr class=\"wp-block-separator is-style-wide\"\/>\n\n\n\n<blockquote class=\"wp-block-quote is-layout-flow wp-block-quote-is-layout-flow\"><p>La prestaci\u00f3n ser\u00e1 abonada en 12 pagas mensuales, en la cuenta corriente registrada en la solicitud de la prestaci\u00f3n de la renta m\u00ednima vital, ante la Seguridad Social.<\/p><\/blockquote>\n\n\n\n<hr class=\"wp-block-separator is-style-wide\"\/>\n\n\n\n<h3 class=\"wp-block-heading\"><strong>5\u00ba \u00bfSi tengo una empresa podr\u00e9 cobrar la renta m\u00ednima vital?<\/strong><\/h3>\n\n\n\n<p>Las familias o unidades de convivencia en el que alguno de sus miembros posea una empresa, o sean aut\u00f3nomos societarios, quedar\u00e1n excluidos de esta prestaci\u00f3n de ingreso m\u00ednimo vital. Independiente de los l\u00edmites del patrimonio y si tienen o no ingresos. <\/p>\n\n\n\n<hr class=\"wp-block-separator is-style-wide\"\/>\n\n\n\n<blockquote class=\"wp-block-quote is-layout-flow wp-block-quote-is-layout-flow\"><p>Con esta norma el gobierno deja fuera de poder solicitar y percibir la renta m\u00ednima vital a m\u00e1s de 1.250.000 aut\u00f3nomos con cargos de administraci\u00f3n en sociedades mercantiles<\/p><\/blockquote>\n\n\n\n<hr class=\"wp-block-separator is-style-wide\"\/>\n\n\n\n<h3 class=\"wp-block-heading\"><strong>5\u00ba \u00bfPuedo viajar si estoy cobrando la renta m\u00ednima vital?<\/strong><\/h3>\n\n\n\n<p>Si est\u00e1s cobrando el ingreso m\u00ednimo vital no puedes abandonar el pa\u00eds por m\u00e1s de 15 d\u00edas. Puedes viajar siempre y cuando tengas en cuenta este l\u00edmite temporal. Si se sobrepasara los 15 d\u00edas, est\u00e1 tipificado como infracci\u00f3n grave dentro del r\u00e9gimen sancionador que el BOE ha publicado hoy 1 de junio.<\/p>\n\n\n\n<h3 class=\"wp-block-heading\"><strong>6\u00ba \u00bfQu\u00e9 significa unidad de convivencia?<\/strong><\/h3>\n\n\n\n<p>Esta definici\u00f3n es la gran aportaci\u00f3n de la publicaci\u00f3n de hoy en el BOE respecto a lo <a href=\"https:\/\/hosteleo.com\/blog\/el-ingreso-minimo-vital-como-y-cuando-se-solicita\/\"><strong>presentado por el Gobierno despu\u00e9s del Consejo de Ministros el pasado 29 de mayo<\/strong><\/a> c\u00f3mo ingreso m\u00ednimo vital.<\/p>\n\n\n\n<p>La unidad de convivencia, aclara el decreto ley, son las personas que viven en un mismo domicilio y que tienen entre ellas una vinculaci\u00f3n. Puede ser por matrimonio, adopci\u00f3n, pareja de hecho, consanguinidad hasta segundo grado o acogimiento.<\/p>\n\n\n\n<blockquote class=\"wp-block-quote is-layout-flow wp-block-quote-is-layout-flow\"><p>Si que es necesario e imprescindible que los miembros conviva en el mismo domicilio, pero si hubiera separaci\u00f3n temporal de convivencia no se perder\u00e1 la ayuda aprobada<\/p><\/blockquote>\n\n\n\n<p>Si que es necesario e imprescindible que los miembros convivan en el mismo domicilio,  pero si hubiera separaci\u00f3n temporal de convivencia no se perder\u00e1 la ayuda aprobada.<\/p>\n\n\n\n<p>Y por supuesto no se podr\u00e1 formar parte una sola unidad de convivencia, no cabe que una persona est\u00e9 integrada como part\u00edcipe en m\u00e1s de una. Y en cada domicilio solo puede cohabitar un m\u00e1ximo de dos unidades de convivencia. Que tiene sentido, al ser para personas que vivan juntas pero no tenga ninguna relaci\u00f3n familiar. <\/p>\n\n\n\n<p>Revisa nuestro \u00faltimos post en el blog:<\/p>\n\n\n<ul class=\"wp-block-latest-posts__list wp-block-latest-posts\"><li><a class=\"wp-block-latest-posts__post-title\" href=\"https:\/\/hosteleo.com\/blog\/los-modelos-de-negocio-que-triunfaran-en-la-hosteleria-espanola-en-2026\/\">Los modelos de negocio que triunfar\u00e1n en la Hosteler\u00eda espa\u00f1ola en 2026<\/a><\/li>\n<li><a class=\"wp-block-latest-posts__post-title\" href=\"https:\/\/hosteleo.com\/blog\/verifactu-en-hosteleria\/\">Verifactu en hosteler\u00eda: \u00bfamenaza u oportunidad?<\/a><\/li>\n<li><a class=\"wp-block-latest-posts__post-title\" href=\"https:\/\/hosteleo.com\/blog\/las-novedades-de-la-hosteleria-espanola-para-2026\/\">Las novedades de la hosteler\u00eda espa\u00f1ola para 2026<\/a><\/li>\n<li><a class=\"wp-block-latest-posts__post-title\" href=\"https:\/\/hosteleo.com\/blog\/gestion-ejecutiva-de-restaurantes-en-verano\/\">Gesti\u00f3n ejecutiva de restaurantes en verano<\/a><\/li>\n<li><a class=\"wp-block-latest-posts__post-title\" href=\"https:\/\/hosteleo.com\/blog\/el-caviar-preferido-por-los-chefs-del-bocuse-dor-espana\/\">El caviar preferido por los chefs del Bocuse d\u2019Or Espa\u00f1a<\/a><\/li>\n<\/ul>","protected":false},"excerpt":{"rendered":"<p>Con la publicaci\u00f3n hoy 1 de junio de las claves de la renta m\u00ednima vital en el BOE, conocemos m\u00e1s si cabe los requisitos en tiempo y forma, para la solicitud del ingreso m\u00ednimo vital. La gran novedad es la definici\u00f3n de unidad de convivencia, como medida de valoraci\u00f3n de la aprobaci\u00f3n de la renta [&hellip;]<\/p>\n","protected":false},"author":5,"featured_media":2795,"comment_status":"open","ping_status":"open","sticky":false,"template":"","format":"standard","meta":{"_exactmetrics_skip_tracking":false,"_exactmetrics_sitenote_active":false,"_exactmetrics_sitenote_note":"","_exactmetrics_sitenote_category":0,"footnotes":""},"categories":[41],"tags":[452,461,462],"class_list":["post-2793","post","type-post","status-publish","format-standard","has-post-thumbnail","hentry","category-noticias-empleo-hosteleria-turismo","tag-ingreso-minimo-vital","tag-renta-minima-vital","tag-unidad-de-convivencia"],"yoast_head":"<!-- This site is optimized with the Yoast SEO plugin v27.5 - https:\/\/yoast.com\/product\/yoast-seo-wordpress\/ -->\n<title>Las claves de la renta m\u00ednima vital - Blog de Empleo Hosteleo.com<\/title>\n<meta name=\"description\" content=\"Las claves de la renta m\u00ednima vital y la unidad de convivencia como medida de valoraci\u00f3n del cobro del ingreso m\u00ednimo vital\" \/>\n<meta name=\"robots\" content=\"index, follow, max-snippet:-1, max-image-preview:large, max-video-preview:-1\" \/>\n<link rel=\"canonical\" href=\"https:\/\/hosteleo.com\/blog\/las-claves-de-la-renta-minima-vital-y-la-unidad-de-convivencia\/\" \/>\n<meta property=\"og:locale\" content=\"es_ES\" \/>\n<meta property=\"og:type\" content=\"article\" \/>\n<meta property=\"og:title\" content=\"Las claves de la renta m\u00ednima vital - Blog de Empleo Hosteleo.com\" \/>\n<meta property=\"og:description\" content=\"Las claves de la renta m\u00ednima vital y la unidad de convivencia como medida de valoraci\u00f3n del cobro del ingreso m\u00ednimo vital\" \/>\n<meta property=\"og:url\" content=\"https:\/\/hosteleo.com\/blog\/las-claves-de-la-renta-minima-vital-y-la-unidad-de-convivencia\/\" \/>\n<meta property=\"og:site_name\" content=\"Blog de Empleo en Hosteler\u00eda y Turismo - Hosteleo\" \/>\n<meta property=\"article:publisher\" content=\"https:\/\/www.facebook.com\/hosteleo\" \/>\n<meta property=\"article:published_time\" content=\"2020-06-01T16:49:38+00:00\" \/>\n<meta property=\"article:modified_time\" content=\"2020-06-02T16:26:22+00:00\" \/>\n<meta property=\"og:image\" content=\"https:\/\/hosteleo.com\/blog\/wp-content\/uploads\/2020\/06\/sandy-millar-KhStXRVhfog-unsplash-scaled.jpg\" \/>\n\t<meta property=\"og:image:width\" content=\"2560\" \/>\n\t<meta property=\"og:image:height\" content=\"1920\" \/>\n\t<meta property=\"og:image:type\" content=\"image\/jpeg\" \/>\n<meta name=\"author\" content=\"Marianela Olivares\" \/>\n<meta name=\"twitter:card\" content=\"summary_large_image\" \/>\n<meta name=\"twitter:creator\" content=\"@hosteleo\" \/>\n<meta name=\"twitter:site\" content=\"@hosteleo\" \/>\n<meta name=\"twitter:label1\" content=\"Escrito por\" \/>\n\t<meta name=\"twitter:data1\" content=\"Marianela Olivares\" \/>\n\t<meta name=\"twitter:label2\" content=\"Tiempo de lectura\" \/>\n\t<meta name=\"twitter:data2\" content=\"4 minutos\" \/>\n<script type=\"application\/ld+json\" class=\"yoast-schema-graph\">{\"@context\":\"https:\\\/\\\/schema.org\",\"@graph\":[{\"@type\":\"Article\",\"@id\":\"https:\\\/\\\/hosteleo.com\\\/blog\\\/las-claves-de-la-renta-minima-vital-y-la-unidad-de-convivencia\\\/#article\",\"isPartOf\":{\"@id\":\"https:\\\/\\\/hosteleo.com\\\/blog\\\/las-claves-de-la-renta-minima-vital-y-la-unidad-de-convivencia\\\/\"},\"author\":{\"name\":\"Marianela Olivares\",\"@id\":\"https:\\\/\\\/hosteleo.com\\\/blog\\\/#\\\/schema\\\/person\\\/315029c4b426985f03b8bd253b105e0d\"},\"headline\":\"Las claves de la renta m\u00ednima vital y la unidad de convivencia\",\"datePublished\":\"2020-06-01T16:49:38+00:00\",\"dateModified\":\"2020-06-02T16:26:22+00:00\",\"mainEntityOfPage\":{\"@id\":\"https:\\\/\\\/hosteleo.com\\\/blog\\\/las-claves-de-la-renta-minima-vital-y-la-unidad-de-convivencia\\\/\"},\"wordCount\":899,\"commentCount\":14,\"publisher\":{\"@id\":\"https:\\\/\\\/hosteleo.com\\\/blog\\\/#organization\"},\"image\":{\"@id\":\"https:\\\/\\\/hosteleo.com\\\/blog\\\/las-claves-de-la-renta-minima-vital-y-la-unidad-de-convivencia\\\/#primaryimage\"},\"thumbnailUrl\":\"https:\\\/\\\/hosteleo.com\\\/blog\\\/wp-content\\\/uploads\\\/2020\\\/06\\\/sandy-millar-KhStXRVhfog-unsplash-scaled.jpg\",\"keywords\":[\"ingreso minimo vital\",\"renta minima vital\",\"unidad de convivencia\"],\"articleSection\":[\"Noticias de Empleo en Hosteler\u00eda y Turismo\"],\"inLanguage\":\"es\",\"potentialAction\":[{\"@type\":\"CommentAction\",\"name\":\"Comment\",\"target\":[\"https:\\\/\\\/hosteleo.com\\\/blog\\\/las-claves-de-la-renta-minima-vital-y-la-unidad-de-convivencia\\\/#respond\"]}]},{\"@type\":\"WebPage\",\"@id\":\"https:\\\/\\\/hosteleo.com\\\/blog\\\/las-claves-de-la-renta-minima-vital-y-la-unidad-de-convivencia\\\/\",\"url\":\"https:\\\/\\\/hosteleo.com\\\/blog\\\/las-claves-de-la-renta-minima-vital-y-la-unidad-de-convivencia\\\/\",\"name\":\"Las claves de la renta m\u00ednima vital - Blog de Empleo Hosteleo.com\",\"isPartOf\":{\"@id\":\"https:\\\/\\\/hosteleo.com\\\/blog\\\/#website\"},\"primaryImageOfPage\":{\"@id\":\"https:\\\/\\\/hosteleo.com\\\/blog\\\/las-claves-de-la-renta-minima-vital-y-la-unidad-de-convivencia\\\/#primaryimage\"},\"image\":{\"@id\":\"https:\\\/\\\/hosteleo.com\\\/blog\\\/las-claves-de-la-renta-minima-vital-y-la-unidad-de-convivencia\\\/#primaryimage\"},\"thumbnailUrl\":\"https:\\\/\\\/hosteleo.com\\\/blog\\\/wp-content\\\/uploads\\\/2020\\\/06\\\/sandy-millar-KhStXRVhfog-unsplash-scaled.jpg\",\"datePublished\":\"2020-06-01T16:49:38+00:00\",\"dateModified\":\"2020-06-02T16:26:22+00:00\",\"description\":\"Las claves de la renta m\u00ednima vital y la unidad de convivencia como medida de valoraci\u00f3n del cobro del ingreso m\u00ednimo vital\",\"breadcrumb\":{\"@id\":\"https:\\\/\\\/hosteleo.com\\\/blog\\\/las-claves-de-la-renta-minima-vital-y-la-unidad-de-convivencia\\\/#breadcrumb\"},\"inLanguage\":\"es\",\"potentialAction\":[{\"@type\":\"ReadAction\",\"target\":[\"https:\\\/\\\/hosteleo.com\\\/blog\\\/las-claves-de-la-renta-minima-vital-y-la-unidad-de-convivencia\\\/\"]}]},{\"@type\":\"ImageObject\",\"inLanguage\":\"es\",\"@id\":\"https:\\\/\\\/hosteleo.com\\\/blog\\\/las-claves-de-la-renta-minima-vital-y-la-unidad-de-convivencia\\\/#primaryimage\",\"url\":\"https:\\\/\\\/hosteleo.com\\\/blog\\\/wp-content\\\/uploads\\\/2020\\\/06\\\/sandy-millar-KhStXRVhfog-unsplash-scaled.jpg\",\"contentUrl\":\"https:\\\/\\\/hosteleo.com\\\/blog\\\/wp-content\\\/uploads\\\/2020\\\/06\\\/sandy-millar-KhStXRVhfog-unsplash-scaled.jpg\",\"width\":2560,\"height\":1920,\"caption\":\"Las claves de la renta m\u00ednima vital y la unidad de convivencia\"},{\"@type\":\"BreadcrumbList\",\"@id\":\"https:\\\/\\\/hosteleo.com\\\/blog\\\/las-claves-de-la-renta-minima-vital-y-la-unidad-de-convivencia\\\/#breadcrumb\",\"itemListElement\":[{\"@type\":\"ListItem\",\"position\":1,\"name\":\"Home\",\"item\":\"https:\\\/\\\/hosteleo.com\\\/blog\\\/\"},{\"@type\":\"ListItem\",\"position\":2,\"name\":\"Las claves de la renta m\u00ednima vital y la unidad de convivencia\"}]},{\"@type\":\"WebSite\",\"@id\":\"https:\\\/\\\/hosteleo.com\\\/blog\\\/#website\",\"url\":\"https:\\\/\\\/hosteleo.com\\\/blog\\\/\",\"name\":\"Blog de Empleo en Hosteler\u00eda y Turismo - Hosteleo\",\"description\":\"Tu blog de Empleo en Hosteler\u00eda y Turismo\",\"publisher\":{\"@id\":\"https:\\\/\\\/hosteleo.com\\\/blog\\\/#organization\"},\"potentialAction\":[{\"@type\":\"SearchAction\",\"target\":{\"@type\":\"EntryPoint\",\"urlTemplate\":\"https:\\\/\\\/hosteleo.com\\\/blog\\\/?s={search_term_string}\"},\"query-input\":{\"@type\":\"PropertyValueSpecification\",\"valueRequired\":true,\"valueName\":\"search_term_string\"}}],\"inLanguage\":\"es\"},{\"@type\":\"Organization\",\"@id\":\"https:\\\/\\\/hosteleo.com\\\/blog\\\/#organization\",\"name\":\"Hosteleo\",\"url\":\"https:\\\/\\\/hosteleo.com\\\/blog\\\/\",\"logo\":{\"@type\":\"ImageObject\",\"inLanguage\":\"es\",\"@id\":\"https:\\\/\\\/hosteleo.com\\\/blog\\\/#\\\/schema\\\/logo\\\/image\\\/\",\"url\":\"https:\\\/\\\/hosteleo.wizzie.dev\\\/blog\\\/wp-content\\\/uploads\\\/2020\\\/05\\\/logo-hosteleo.png\",\"contentUrl\":\"https:\\\/\\\/hosteleo.wizzie.dev\\\/blog\\\/wp-content\\\/uploads\\\/2020\\\/05\\\/logo-hosteleo.png\",\"width\":475,\"height\":76,\"caption\":\"Hosteleo\"},\"image\":{\"@id\":\"https:\\\/\\\/hosteleo.com\\\/blog\\\/#\\\/schema\\\/logo\\\/image\\\/\"},\"sameAs\":[\"https:\\\/\\\/www.facebook.com\\\/hosteleo\",\"https:\\\/\\\/x.com\\\/hosteleo\",\"https:\\\/\\\/www.instagram.com\\\/hosteleo\\\/\",\"https:\\\/\\\/es.linkedin.com\\\/company\\\/hosteleo-com\"]},{\"@type\":\"Person\",\"@id\":\"https:\\\/\\\/hosteleo.com\\\/blog\\\/#\\\/schema\\\/person\\\/315029c4b426985f03b8bd253b105e0d\",\"name\":\"Marianela Olivares\",\"image\":{\"@type\":\"ImageObject\",\"inLanguage\":\"es\",\"@id\":\"https:\\\/\\\/secure.gravatar.com\\\/avatar\\\/cfb1f80870417c7db75c28fbc92a95418b4e3a1e6749ede39931f4c3b9e28ea3?s=96&d=mm&r=g\",\"url\":\"https:\\\/\\\/secure.gravatar.com\\\/avatar\\\/cfb1f80870417c7db75c28fbc92a95418b4e3a1e6749ede39931f4c3b9e28ea3?s=96&d=mm&r=g\",\"contentUrl\":\"https:\\\/\\\/secure.gravatar.com\\\/avatar\\\/cfb1f80870417c7db75c28fbc92a95418b4e3a1e6749ede39931f4c3b9e28ea3?s=96&d=mm&r=g\",\"caption\":\"Marianela Olivares\"},\"url\":\"https:\\\/\\\/hosteleo.com\\\/blog\\\/author\\\/marianela-olivares\\\/\"}]}<\/script>\n<!-- \/ Yoast SEO plugin. -->","yoast_head_json":{"title":"Las claves de la renta m\u00ednima vital - Blog de Empleo Hosteleo.com","description":"Las claves de la renta m\u00ednima vital y la unidad de convivencia como medida de valoraci\u00f3n del cobro del ingreso m\u00ednimo vital","robots":{"index":"index","follow":"follow","max-snippet":"max-snippet:-1","max-image-preview":"max-image-preview:large","max-video-preview":"max-video-preview:-1"},"canonical":"https:\/\/hosteleo.com\/blog\/las-claves-de-la-renta-minima-vital-y-la-unidad-de-convivencia\/","og_locale":"es_ES","og_type":"article","og_title":"Las claves de la renta m\u00ednima vital - Blog de Empleo Hosteleo.com","og_description":"Las claves de la renta m\u00ednima vital y la unidad de convivencia como medida de valoraci\u00f3n del cobro del ingreso m\u00ednimo vital","og_url":"https:\/\/hosteleo.com\/blog\/las-claves-de-la-renta-minima-vital-y-la-unidad-de-convivencia\/","og_site_name":"Blog de Empleo en Hosteler\u00eda y Turismo - Hosteleo","article_publisher":"https:\/\/www.facebook.com\/hosteleo","article_published_time":"2020-06-01T16:49:38+00:00","article_modified_time":"2020-06-02T16:26:22+00:00","og_image":[{"width":2560,"height":1920,"url":"https:\/\/hosteleo.com\/blog\/wp-content\/uploads\/2020\/06\/sandy-millar-KhStXRVhfog-unsplash-scaled.jpg","type":"image\/jpeg"}],"author":"Marianela Olivares","twitter_card":"summary_large_image","twitter_creator":"@hosteleo","twitter_site":"@hosteleo","twitter_misc":{"Escrito por":"Marianela Olivares","Tiempo de lectura":"4 minutos"},"schema":{"@context":"https:\/\/schema.org","@graph":[{"@type":"Article","@id":"https:\/\/hosteleo.com\/blog\/las-claves-de-la-renta-minima-vital-y-la-unidad-de-convivencia\/#article","isPartOf":{"@id":"https:\/\/hosteleo.com\/blog\/las-claves-de-la-renta-minima-vital-y-la-unidad-de-convivencia\/"},"author":{"name":"Marianela Olivares","@id":"https:\/\/hosteleo.com\/blog\/#\/schema\/person\/315029c4b426985f03b8bd253b105e0d"},"headline":"Las claves de la renta m\u00ednima vital y la unidad de convivencia","datePublished":"2020-06-01T16:49:38+00:00","dateModified":"2020-06-02T16:26:22+00:00","mainEntityOfPage":{"@id":"https:\/\/hosteleo.com\/blog\/las-claves-de-la-renta-minima-vital-y-la-unidad-de-convivencia\/"},"wordCount":899,"commentCount":14,"publisher":{"@id":"https:\/\/hosteleo.com\/blog\/#organization"},"image":{"@id":"https:\/\/hosteleo.com\/blog\/las-claves-de-la-renta-minima-vital-y-la-unidad-de-convivencia\/#primaryimage"},"thumbnailUrl":"https:\/\/hosteleo.com\/blog\/wp-content\/uploads\/2020\/06\/sandy-millar-KhStXRVhfog-unsplash-scaled.jpg","keywords":["ingreso minimo vital","renta minima vital","unidad de convivencia"],"articleSection":["Noticias de Empleo en Hosteler\u00eda y Turismo"],"inLanguage":"es","potentialAction":[{"@type":"CommentAction","name":"Comment","target":["https:\/\/hosteleo.com\/blog\/las-claves-de-la-renta-minima-vital-y-la-unidad-de-convivencia\/#respond"]}]},{"@type":"WebPage","@id":"https:\/\/hosteleo.com\/blog\/las-claves-de-la-renta-minima-vital-y-la-unidad-de-convivencia\/","url":"https:\/\/hosteleo.com\/blog\/las-claves-de-la-renta-minima-vital-y-la-unidad-de-convivencia\/","name":"Las claves de la renta m\u00ednima vital - Blog de Empleo Hosteleo.com","isPartOf":{"@id":"https:\/\/hosteleo.com\/blog\/#website"},"primaryImageOfPage":{"@id":"https:\/\/hosteleo.com\/blog\/las-claves-de-la-renta-minima-vital-y-la-unidad-de-convivencia\/#primaryimage"},"image":{"@id":"https:\/\/hosteleo.com\/blog\/las-claves-de-la-renta-minima-vital-y-la-unidad-de-convivencia\/#primaryimage"},"thumbnailUrl":"https:\/\/hosteleo.com\/blog\/wp-content\/uploads\/2020\/06\/sandy-millar-KhStXRVhfog-unsplash-scaled.jpg","datePublished":"2020-06-01T16:49:38+00:00","dateModified":"2020-06-02T16:26:22+00:00","description":"Las claves de la renta m\u00ednima vital y la unidad de convivencia como medida de valoraci\u00f3n del cobro del ingreso m\u00ednimo vital","breadcrumb":{"@id":"https:\/\/hosteleo.com\/blog\/las-claves-de-la-renta-minima-vital-y-la-unidad-de-convivencia\/#breadcrumb"},"inLanguage":"es","potentialAction":[{"@type":"ReadAction","target":["https:\/\/hosteleo.com\/blog\/las-claves-de-la-renta-minima-vital-y-la-unidad-de-convivencia\/"]}]},{"@type":"ImageObject","inLanguage":"es","@id":"https:\/\/hosteleo.com\/blog\/las-claves-de-la-renta-minima-vital-y-la-unidad-de-convivencia\/#primaryimage","url":"https:\/\/hosteleo.com\/blog\/wp-content\/uploads\/2020\/06\/sandy-millar-KhStXRVhfog-unsplash-scaled.jpg","contentUrl":"https:\/\/hosteleo.com\/blog\/wp-content\/uploads\/2020\/06\/sandy-millar-KhStXRVhfog-unsplash-scaled.jpg","width":2560,"height":1920,"caption":"Las claves de la renta m\u00ednima vital y la unidad de convivencia"},{"@type":"BreadcrumbList","@id":"https:\/\/hosteleo.com\/blog\/las-claves-de-la-renta-minima-vital-y-la-unidad-de-convivencia\/#breadcrumb","itemListElement":[{"@type":"ListItem","position":1,"name":"Home","item":"https:\/\/hosteleo.com\/blog\/"},{"@type":"ListItem","position":2,"name":"Las claves de la renta m\u00ednima vital y la unidad de convivencia"}]},{"@type":"WebSite","@id":"https:\/\/hosteleo.com\/blog\/#website","url":"https:\/\/hosteleo.com\/blog\/","name":"Blog de Empleo en Hosteler\u00eda y Turismo - Hosteleo","description":"Tu blog de Empleo en Hosteler\u00eda y Turismo","publisher":{"@id":"https:\/\/hosteleo.com\/blog\/#organization"},"potentialAction":[{"@type":"SearchAction","target":{"@type":"EntryPoint","urlTemplate":"https:\/\/hosteleo.com\/blog\/?s={search_term_string}"},"query-input":{"@type":"PropertyValueSpecification","valueRequired":true,"valueName":"search_term_string"}}],"inLanguage":"es"},{"@type":"Organization","@id":"https:\/\/hosteleo.com\/blog\/#organization","name":"Hosteleo","url":"https:\/\/hosteleo.com\/blog\/","logo":{"@type":"ImageObject","inLanguage":"es","@id":"https:\/\/hosteleo.com\/blog\/#\/schema\/logo\/image\/","url":"https:\/\/hosteleo.wizzie.dev\/blog\/wp-content\/uploads\/2020\/05\/logo-hosteleo.png","contentUrl":"https:\/\/hosteleo.wizzie.dev\/blog\/wp-content\/uploads\/2020\/05\/logo-hosteleo.png","width":475,"height":76,"caption":"Hosteleo"},"image":{"@id":"https:\/\/hosteleo.com\/blog\/#\/schema\/logo\/image\/"},"sameAs":["https:\/\/www.facebook.com\/hosteleo","https:\/\/x.com\/hosteleo","https:\/\/www.instagram.com\/hosteleo\/","https:\/\/es.linkedin.com\/company\/hosteleo-com"]},{"@type":"Person","@id":"https:\/\/hosteleo.com\/blog\/#\/schema\/person\/315029c4b426985f03b8bd253b105e0d","name":"Marianela Olivares","image":{"@type":"ImageObject","inLanguage":"es","@id":"https:\/\/secure.gravatar.com\/avatar\/cfb1f80870417c7db75c28fbc92a95418b4e3a1e6749ede39931f4c3b9e28ea3?s=96&d=mm&r=g","url":"https:\/\/secure.gravatar.com\/avatar\/cfb1f80870417c7db75c28fbc92a95418b4e3a1e6749ede39931f4c3b9e28ea3?s=96&d=mm&r=g","contentUrl":"https:\/\/secure.gravatar.com\/avatar\/cfb1f80870417c7db75c28fbc92a95418b4e3a1e6749ede39931f4c3b9e28ea3?s=96&d=mm&r=g","caption":"Marianela Olivares"},"url":"https:\/\/hosteleo.com\/blog\/author\/marianela-olivares\/"}]}},"amp_enabled":true,"_links":{"self":[{"href":"https:\/\/hosteleo.com\/blog\/wp-json\/wp\/v2\/posts\/2793","targetHints":{"allow":["GET"]}}],"collection":[{"href":"https:\/\/hosteleo.com\/blog\/wp-json\/wp\/v2\/posts"}],"about":[{"href":"https:\/\/hosteleo.com\/blog\/wp-json\/wp\/v2\/types\/post"}],"author":[{"embeddable":true,"href":"https:\/\/hosteleo.com\/blog\/wp-json\/wp\/v2\/users\/5"}],"replies":[{"embeddable":true,"href":"https:\/\/hosteleo.com\/blog\/wp-json\/wp\/v2\/comments?post=2793"}],"version-history":[{"count":12,"href":"https:\/\/hosteleo.com\/blog\/wp-json\/wp\/v2\/posts\/2793\/revisions"}],"predecessor-version":[{"id":2822,"href":"https:\/\/hosteleo.com\/blog\/wp-json\/wp\/v2\/posts\/2793\/revisions\/2822"}],"wp:featuredmedia":[{"embeddable":true,"href":"https:\/\/hosteleo.com\/blog\/wp-json\/wp\/v2\/media\/2795"}],"wp:attachment":[{"href":"https:\/\/hosteleo.com\/blog\/wp-json\/wp\/v2\/media?parent=2793"}],"wp:term":[{"taxonomy":"category","embeddable":true,"href":"https:\/\/hosteleo.com\/blog\/wp-json\/wp\/v2\/categories?post=2793"},{"taxonomy":"post_tag","embeddable":true,"href":"https:\/\/hosteleo.com\/blog\/wp-json\/wp\/v2\/tags?post=2793"}],"curies":[{"name":"wp","href":"https:\/\/api.w.org\/{rel}","templated":true}]}}