{"id":2908,"date":"2020-06-06T10:31:41","date_gmt":"2020-06-06T10:31:41","guid":{"rendered":"https:\/\/hosteleo.com\/blog\/?p=2908"},"modified":"2020-06-10T07:01:01","modified_gmt":"2020-06-10T07:01:01","slug":"las-discotecas-podran-abrir-en-fase-3","status":"publish","type":"post","link":"https:\/\/hosteleo.com\/blog\/las-discotecas-podran-abrir-en-fase-3\/","title":{"rendered":"Las discotecas podr\u00e1n abrir en fase 3 de la desescalada"},"content":{"rendered":"\n<p>Las discotecas podr\u00e1n abrir en fase 3 de la desescalada. La publicaci\u00f3n del \u00faltimo <a href=\"https:\/\/www.boe.es\/boe\/dias\/2020\/06\/06\/pdfs\/BOE-A-2020-5795.pdf\"><strong>BOE de fecha 6 junio de 2020  de la Orden SND\/507\/2020<\/strong><\/a>, de 6 de junio, por la que se modifican diversas \u00f3rdenes con el fin de flexibilizar determinadas restricciones de \u00e1mbito nacional y establecer las unidades territoriales que progresan a las fases 2 y 3 del Plan para<a href=\"https:\/\/hosteleo.com\/blog\/que-es-la-nueva-normalidad-y-como-nos-va-a-afectar\/\"><strong> la transici\u00f3n hacia una nueva normalidad<\/strong>.<\/a><\/p>\n\n\n\n<p>De esta manera la publicaci\u00f3n de este nueva orden arroja nuevas novedades sobre la flexibilizaci\u00f3n de determinadas restricciones de fase 2 y fase 3 para la hosteler\u00eda y el ocio nocturno:<\/p>\n\n\n\n<h2 class=\"wp-block-heading\">Las claves de la apertura de discotecas en fase 3 de la desescalada<\/h2>\n\n\n\n<p>Se introducen las siguientes modificaciones en la Orden SND\/458\/2020, de 30 de mayo, para la flexibilizaci\u00f3n de determinadas restricciones de \u00e1mbito nacional establecidas tras la declaraci\u00f3n del estado de alarma en aplicaci\u00f3n de la fase 3 del Plan para la transici\u00f3n hacia una nueva normalidad:<\/p>\n\n\n\n<p><strong>Uno. Se modifica el apartado 1 y se a\u00f1ade un apartado 6 en el art\u00edculo 18 con la siguiente redacci\u00f3n:<\/strong><\/p>\n\n\n\n<p>\u00ab1. Podr\u00e1 procederse a la apertura al p\u00fablico de los establecimientos de hosteler\u00eda y restauraci\u00f3n para consumo en el local siempre que no se supere el cincuenta por ciento de su aforo y se cumplan las condiciones previstas en este cap\u00edtulo.\u00bb<\/p>\n\n\n\n<blockquote class=\"wp-block-quote is-layout-flow wp-block-quote-is-layout-flow\"><p><strong>Podr\u00e1 procederse a la reapertura al p\u00fablico de locales de discotecas y bares de ocio nocturno siempre que no se supere un tercio de su aforo y se cumplan las condiciones previstas en este cap\u00edtulo<\/strong><\/p><\/blockquote>\n\n\n\n<p>En todo caso, podr\u00e1 procederse a la apertura al p\u00fablico de las terrazas al aire libre de estos establecimientos en las mismas condiciones y con los mismos requisitos previstos en los apartados 4 y 5.<\/p>\n\n\n\n<blockquote class=\"wp-block-quote is-layout-flow wp-block-quote-is-layout-flow\"><p><strong>Cuando existiera en el local un espacio destinado a pista de baile o similar, el mismo podr\u00e1 ser utilizado para instalar mesas o agrupaciones de mesas<\/strong>,<strong> no pudiendo dedicarse dicho espacio a su uso habitual.\u00bb<\/strong><\/p><\/blockquote>\n\n\n\n<figure class=\"wp-block-image size-large\"><img loading=\"lazy\" decoding=\"async\" width=\"1024\" height=\"683\" src=\"https:\/\/hosteleo.com\/blog\/wp-content\/uploads\/2020\/06\/emmanuel-5WrxWltrCTg-unsplash-1024x683.jpg\" alt=\"\" class=\"wp-image-2910\" srcset=\"https:\/\/hosteleo.com\/blog\/wp-content\/uploads\/2020\/06\/emmanuel-5WrxWltrCTg-unsplash-1024x683.jpg 1024w, https:\/\/hosteleo.com\/blog\/wp-content\/uploads\/2020\/06\/emmanuel-5WrxWltrCTg-unsplash-300x200.jpg 300w, https:\/\/hosteleo.com\/blog\/wp-content\/uploads\/2020\/06\/emmanuel-5WrxWltrCTg-unsplash-768x512.jpg 768w, https:\/\/hosteleo.com\/blog\/wp-content\/uploads\/2020\/06\/emmanuel-5WrxWltrCTg-unsplash-1536x1024.jpg 1536w, https:\/\/hosteleo.com\/blog\/wp-content\/uploads\/2020\/06\/emmanuel-5WrxWltrCTg-unsplash-2048x1365.jpg 2048w, https:\/\/hosteleo.com\/blog\/wp-content\/uploads\/2020\/06\/emmanuel-5WrxWltrCTg-unsplash-810x540.jpg 810w, https:\/\/hosteleo.com\/blog\/wp-content\/uploads\/2020\/06\/emmanuel-5WrxWltrCTg-unsplash-1140x760.jpg 1140w\" sizes=\"auto, (max-width: 1024px) 100vw, 1024px\" \/><figcaption>Las discotecas podr\u00e1n abrir en fase 3 de la desescalada<\/figcaption><\/figure>\n\n\n\n<h3 class=\"wp-block-heading\">Se podr\u00e1n abrir respetando la medidas de prevenci\u00f3n e higiene<\/h3>\n\n\n\n<p><strong>Dos<\/strong>. <strong>Se modifica el p\u00e1rrafo primero del art\u00edculo 19 que queda redactado como sigue<\/strong>:<\/p>\n\n\n\n<blockquote class=\"wp-block-quote is-layout-flow wp-block-quote-is-layout-flow\"><p>En la prestaci\u00f3n del servicio en los locales de hosteler\u00eda y restauraci\u00f3n, discotecas y bares de ocio nocturno a los que se refiere el art\u00edculo anterior, deber\u00e1n respetarse las siguientes medidas de higiene y prevenci\u00f3n<\/p><\/blockquote>\n\n\n\n<hr class=\"wp-block-separator is-style-wide\"\/>\n\n\n\n<h4 class=\"wp-block-heading\"><strong><span><i>En resumen, las discotecas podr\u00e1n abrir en fase 3, con un aforo de un tercio, respetando los clientes la distancia social, o ir con mascarilla, y sin pista de baile. Tendr\u00e1n que ocupar la zona de baile con mesas para que sea m\u00e1s ordenada la gesti\u00f3n del aforo, y de los clientes que acudan.<\/i><\/span><\/strong><\/h4>\n\n\n\n<hr class=\"wp-block-separator is-style-wide\"\/>\n\n\n\n<p>Desde esta manera todo la presi\u00f3n que la patronal nacional de ocio nocturno <a href=\"https:\/\/www.spain-nightlife.es\">&#8220;Spain Nightlife&#8221; <\/a>ha estado realizando en favor de sus asociados parece que ha ido dando resultado, y se va a poder abrir, aunque evidentemente las normas sean muy restrictivas.<\/p>\n\n\n\n<figure class=\"wp-block-embed-wordpress wp-block-embed is-type-wp-embed is-provider-blog-de-empleo-en-hosteleria-y-turismo-hosteleo\"><div class=\"wp-block-embed__wrapper\">\n<blockquote class=\"wp-embedded-content\" data-secret=\"zppqP11Z2t\"><a href=\"https:\/\/hosteleo.wizzie.dev\/blog\/la-fase-3-y-ultima-prorroga-una-oportunidad-para-el-ocio-nocturno\/\">La fase 3 y la \u00faltima pr\u00f3rroga, una oportunidad para el ocio nocturno.<\/a><\/blockquote><iframe loading=\"lazy\" title=\"\u00abLa fase 3 y la \u00faltima pr\u00f3rroga, una oportunidad para el ocio nocturno.\u00bb \u2014 Blog de Empleo en Hosteler\u00eda y Turismo.-Hosteleo\" class=\"wp-embedded-content\" sandbox=\"allow-scripts\" security=\"restricted\" style=\"position: absolute; clip: rect(1px, 1px, 1px, 1px);\" src=\"https:\/\/hosteleo.wizzie.dev\/blog\/la-fase-3-y-ultima-prorroga-una-oportunidad-para-el-ocio-nocturno\/embed\/#?secret=zppqP11Z2t\" data-secret=\"zppqP11Z2t\" width=\"600\" height=\"338\" frameborder=\"0\" marginwidth=\"0\" marginheight=\"0\" scrolling=\"no\"><\/iframe>\n<\/div><\/figure>\n\n\n\n<p>Anteriormente<a href=\"https:\/\/hosteleo.com\/blog\/bares-musicales-y-discotecas-no-podran-abrir-en-la-fase-3\/\"> la administraci\u00f3n neg\u00f3 apertura en fase 3 a este tipo de negocios de ocio nocturno<\/a>, tal y c\u00f3mo os informamos. Pese a tener el sector<strong><a href=\"https:\/\/hosteleo.com\/blog\/las-discotecas-se-protegen-contra-e-covid-19\/\"> una preparaci\u00f3n exahustiva de las medidas de seguridad y protecci\u00f3n para clientes<\/a><\/strong>.<\/p>\n\n\n\n<p>Y por \u00faltimo os recordamos que la <strong>Asociaci\u00f3n Internacional de Ocio Nocturno <\/strong>y la <strong>Consultora de Hosteler\u00eda Linkers<\/strong> desarrollaron<strong> el primer manual internacional de ocio nocturno ante el Covid-19<\/strong>, que ya pon\u00eda de relieve todos estos aspectos que ahora se regulan mediante la publicaci\u00f3n en el BOE de fecha 6 junio de 2020 de la Orden SND\/507\/2020.<\/p>\n\n\n\n<figure class=\"wp-block-embed-wordpress wp-block-embed is-type-wp-embed is-provider-blog-de-empleo-en-hosteleria-y-turismo-hosteleo\"><div class=\"wp-block-embed__wrapper\">\n<blockquote class=\"wp-embedded-content\" data-secret=\"Y6pw8aTmhE\"><a href=\"https:\/\/hosteleo.wizzie.dev\/blog\/manual-internacional-covid-19-en-hosteleria-y-ocio-nocturno\/\">Linkers lanza el primer manual internacional contra la Covid-19 en hosteler\u00eda y ocio nocturno<\/a><\/blockquote><iframe loading=\"lazy\" title=\"\u00abLinkers lanza el primer manual internacional contra la Covid-19 en hosteler\u00eda y ocio nocturno\u00bb \u2014 Blog de Empleo en Hosteler\u00eda y Turismo.-Hosteleo\" class=\"wp-embedded-content\" sandbox=\"allow-scripts\" security=\"restricted\" style=\"position: absolute; clip: rect(1px, 1px, 1px, 1px);\" src=\"https:\/\/hosteleo.wizzie.dev\/blog\/manual-internacional-covid-19-en-hosteleria-y-ocio-nocturno\/embed\/#?secret=Y6pw8aTmhE\" data-secret=\"Y6pw8aTmhE\" width=\"600\" height=\"338\" frameborder=\"0\" marginwidth=\"0\" marginheight=\"0\" scrolling=\"no\"><\/iframe>\n<\/div><\/figure>\n","protected":false},"excerpt":{"rendered":"<p>Las discotecas podr\u00e1n abrir en fase 3 de la desescalada. La publicaci\u00f3n del \u00faltimo BOE de fecha 6 junio de 2020 de la Orden SND\/507\/2020, de 6 de junio, por la que se modifican diversas \u00f3rdenes con el fin de flexibilizar determinadas restricciones de \u00e1mbito nacional y establecer las unidades territoriales que progresan a las [&hellip;]<\/p>\n","protected":false},"author":6,"featured_media":2909,"comment_status":"open","ping_status":"open","sticky":false,"template":"","format":"standard","meta":{"_exactmetrics_skip_tracking":false,"_exactmetrics_sitenote_active":false,"_exactmetrics_sitenote_note":"","_exactmetrics_sitenote_category":0,"footnotes":""},"categories":[41],"tags":[381,293,314,447,178],"class_list":["post-2908","post","type-post","status-publish","format-standard","has-post-thumbnail","hentry","category-noticias-empleo-hosteleria-turismo","tag-abren","tag-desescalada","tag-discotecas","tag-fase-3","tag-ocio-nocturno"],"yoast_head":"<!-- This site is optimized with the Yoast SEO plugin v27.5 - https:\/\/yoast.com\/product\/yoast-seo-wordpress\/ -->\n<title>Las discotecas podr\u00e1n abrir en fase 3 de la desescalada - Hosteleo.com<\/title>\n<meta name=\"description\" content=\"Las discotecas podr\u00e1n abrir en fase 3 de la desescalada. La publicaci\u00f3n del \u00fatimo BOE de 6 de junio flexibiliza las normas para abrir las discotecas.\" \/>\n<meta name=\"robots\" content=\"index, follow, max-snippet:-1, max-image-preview:large, max-video-preview:-1\" \/>\n<link rel=\"canonical\" href=\"https:\/\/hosteleo.com\/blog\/las-discotecas-podran-abrir-en-fase-3\/\" \/>\n<meta property=\"og:locale\" content=\"es_ES\" \/>\n<meta property=\"og:type\" content=\"article\" \/>\n<meta property=\"og:title\" content=\"Las discotecas podr\u00e1n abrir en fase 3 de la desescalada - Hosteleo.com\" \/>\n<meta property=\"og:description\" content=\"Las discotecas podr\u00e1n abrir en fase 3 de la desescalada. La publicaci\u00f3n del \u00fatimo BOE de 6 de junio flexibiliza las normas para abrir las discotecas.\" \/>\n<meta property=\"og:url\" content=\"https:\/\/hosteleo.com\/blog\/las-discotecas-podran-abrir-en-fase-3\/\" \/>\n<meta property=\"og:site_name\" content=\"Blog de Empleo en Hosteler\u00eda y Turismo - Hosteleo\" \/>\n<meta property=\"article:publisher\" content=\"https:\/\/www.facebook.com\/hosteleo\" \/>\n<meta property=\"article:published_time\" content=\"2020-06-06T10:31:41+00:00\" \/>\n<meta property=\"article:modified_time\" content=\"2020-06-10T07:01:01+00:00\" \/>\n<meta property=\"og:image\" content=\"https:\/\/hosteleo.com\/blog\/wp-content\/uploads\/2020\/06\/allie-dueQYg0FTkw-unsplash-scaled.jpg\" \/>\n\t<meta property=\"og:image:width\" content=\"2560\" \/>\n\t<meta property=\"og:image:height\" content=\"1707\" \/>\n\t<meta property=\"og:image:type\" content=\"image\/jpeg\" \/>\n<meta name=\"author\" content=\"Eledina Gomez\" \/>\n<meta name=\"twitter:card\" content=\"summary_large_image\" \/>\n<meta name=\"twitter:creator\" content=\"@hosteleo\" \/>\n<meta name=\"twitter:site\" content=\"@hosteleo\" \/>\n<meta name=\"twitter:label1\" content=\"Escrito por\" \/>\n\t<meta name=\"twitter:data1\" content=\"Eledina Gomez\" \/>\n\t<meta name=\"twitter:label2\" content=\"Tiempo de lectura\" \/>\n\t<meta name=\"twitter:data2\" content=\"3 minutos\" \/>\n<script type=\"application\/ld+json\" class=\"yoast-schema-graph\">{\"@context\":\"https:\\\/\\\/schema.org\",\"@graph\":[{\"@type\":\"Article\",\"@id\":\"https:\\\/\\\/hosteleo.com\\\/blog\\\/las-discotecas-podran-abrir-en-fase-3\\\/#article\",\"isPartOf\":{\"@id\":\"https:\\\/\\\/hosteleo.com\\\/blog\\\/las-discotecas-podran-abrir-en-fase-3\\\/\"},\"author\":{\"name\":\"Eledina Gomez\",\"@id\":\"https:\\\/\\\/hosteleo.com\\\/blog\\\/#\\\/schema\\\/person\\\/600fb15e2a2e68e9ee55bce0d59642fe\"},\"headline\":\"Las discotecas podr\u00e1n abrir en fase 3 de la desescalada\",\"datePublished\":\"2020-06-06T10:31:41+00:00\",\"dateModified\":\"2020-06-10T07:01:01+00:00\",\"mainEntityOfPage\":{\"@id\":\"https:\\\/\\\/hosteleo.com\\\/blog\\\/las-discotecas-podran-abrir-en-fase-3\\\/\"},\"wordCount\":626,\"commentCount\":3,\"publisher\":{\"@id\":\"https:\\\/\\\/hosteleo.com\\\/blog\\\/#organization\"},\"image\":{\"@id\":\"https:\\\/\\\/hosteleo.com\\\/blog\\\/las-discotecas-podran-abrir-en-fase-3\\\/#primaryimage\"},\"thumbnailUrl\":\"https:\\\/\\\/hosteleo.com\\\/blog\\\/wp-content\\\/uploads\\\/2020\\\/06\\\/allie-dueQYg0FTkw-unsplash-scaled.jpg\",\"keywords\":[\"abren\",\"desescalada\",\"discotecas\",\"fase 3\",\"ocio nocturno\"],\"articleSection\":[\"Noticias de Empleo en Hosteler\u00eda y Turismo\"],\"inLanguage\":\"es\",\"potentialAction\":[{\"@type\":\"CommentAction\",\"name\":\"Comment\",\"target\":[\"https:\\\/\\\/hosteleo.com\\\/blog\\\/las-discotecas-podran-abrir-en-fase-3\\\/#respond\"]}]},{\"@type\":\"WebPage\",\"@id\":\"https:\\\/\\\/hosteleo.com\\\/blog\\\/las-discotecas-podran-abrir-en-fase-3\\\/\",\"url\":\"https:\\\/\\\/hosteleo.com\\\/blog\\\/las-discotecas-podran-abrir-en-fase-3\\\/\",\"name\":\"Las discotecas podr\u00e1n abrir en fase 3 de la desescalada - Hosteleo.com\",\"isPartOf\":{\"@id\":\"https:\\\/\\\/hosteleo.com\\\/blog\\\/#website\"},\"primaryImageOfPage\":{\"@id\":\"https:\\\/\\\/hosteleo.com\\\/blog\\\/las-discotecas-podran-abrir-en-fase-3\\\/#primaryimage\"},\"image\":{\"@id\":\"https:\\\/\\\/hosteleo.com\\\/blog\\\/las-discotecas-podran-abrir-en-fase-3\\\/#primaryimage\"},\"thumbnailUrl\":\"https:\\\/\\\/hosteleo.com\\\/blog\\\/wp-content\\\/uploads\\\/2020\\\/06\\\/allie-dueQYg0FTkw-unsplash-scaled.jpg\",\"datePublished\":\"2020-06-06T10:31:41+00:00\",\"dateModified\":\"2020-06-10T07:01:01+00:00\",\"description\":\"Las discotecas podr\u00e1n abrir en fase 3 de la desescalada. La publicaci\u00f3n del \u00fatimo BOE de 6 de junio flexibiliza las normas para abrir las discotecas.\",\"breadcrumb\":{\"@id\":\"https:\\\/\\\/hosteleo.com\\\/blog\\\/las-discotecas-podran-abrir-en-fase-3\\\/#breadcrumb\"},\"inLanguage\":\"es\",\"potentialAction\":[{\"@type\":\"ReadAction\",\"target\":[\"https:\\\/\\\/hosteleo.com\\\/blog\\\/las-discotecas-podran-abrir-en-fase-3\\\/\"]}]},{\"@type\":\"ImageObject\",\"inLanguage\":\"es\",\"@id\":\"https:\\\/\\\/hosteleo.com\\\/blog\\\/las-discotecas-podran-abrir-en-fase-3\\\/#primaryimage\",\"url\":\"https:\\\/\\\/hosteleo.com\\\/blog\\\/wp-content\\\/uploads\\\/2020\\\/06\\\/allie-dueQYg0FTkw-unsplash-scaled.jpg\",\"contentUrl\":\"https:\\\/\\\/hosteleo.com\\\/blog\\\/wp-content\\\/uploads\\\/2020\\\/06\\\/allie-dueQYg0FTkw-unsplash-scaled.jpg\",\"width\":2560,\"height\":1707,\"caption\":\"Las discotecas podr\u00e1n abrir en fase 3 de la desescalada\"},{\"@type\":\"BreadcrumbList\",\"@id\":\"https:\\\/\\\/hosteleo.com\\\/blog\\\/las-discotecas-podran-abrir-en-fase-3\\\/#breadcrumb\",\"itemListElement\":[{\"@type\":\"ListItem\",\"position\":1,\"name\":\"Home\",\"item\":\"https:\\\/\\\/hosteleo.com\\\/blog\\\/\"},{\"@type\":\"ListItem\",\"position\":2,\"name\":\"Las discotecas podr\u00e1n abrir en fase 3 de la desescalada\"}]},{\"@type\":\"WebSite\",\"@id\":\"https:\\\/\\\/hosteleo.com\\\/blog\\\/#website\",\"url\":\"https:\\\/\\\/hosteleo.com\\\/blog\\\/\",\"name\":\"Blog de Empleo en Hosteler\u00eda y Turismo - Hosteleo\",\"description\":\"Tu blog de Empleo en Hosteler\u00eda y Turismo\",\"publisher\":{\"@id\":\"https:\\\/\\\/hosteleo.com\\\/blog\\\/#organization\"},\"potentialAction\":[{\"@type\":\"SearchAction\",\"target\":{\"@type\":\"EntryPoint\",\"urlTemplate\":\"https:\\\/\\\/hosteleo.com\\\/blog\\\/?s={search_term_string}\"},\"query-input\":{\"@type\":\"PropertyValueSpecification\",\"valueRequired\":true,\"valueName\":\"search_term_string\"}}],\"inLanguage\":\"es\"},{\"@type\":\"Organization\",\"@id\":\"https:\\\/\\\/hosteleo.com\\\/blog\\\/#organization\",\"name\":\"Hosteleo\",\"url\":\"https:\\\/\\\/hosteleo.com\\\/blog\\\/\",\"logo\":{\"@type\":\"ImageObject\",\"inLanguage\":\"es\",\"@id\":\"https:\\\/\\\/hosteleo.com\\\/blog\\\/#\\\/schema\\\/logo\\\/image\\\/\",\"url\":\"https:\\\/\\\/hosteleo.wizzie.dev\\\/blog\\\/wp-content\\\/uploads\\\/2020\\\/05\\\/logo-hosteleo.png\",\"contentUrl\":\"https:\\\/\\\/hosteleo.wizzie.dev\\\/blog\\\/wp-content\\\/uploads\\\/2020\\\/05\\\/logo-hosteleo.png\",\"width\":475,\"height\":76,\"caption\":\"Hosteleo\"},\"image\":{\"@id\":\"https:\\\/\\\/hosteleo.com\\\/blog\\\/#\\\/schema\\\/logo\\\/image\\\/\"},\"sameAs\":[\"https:\\\/\\\/www.facebook.com\\\/hosteleo\",\"https:\\\/\\\/x.com\\\/hosteleo\",\"https:\\\/\\\/www.instagram.com\\\/hosteleo\\\/\",\"https:\\\/\\\/es.linkedin.com\\\/company\\\/hosteleo-com\"]},{\"@type\":\"Person\",\"@id\":\"https:\\\/\\\/hosteleo.com\\\/blog\\\/#\\\/schema\\\/person\\\/600fb15e2a2e68e9ee55bce0d59642fe\",\"name\":\"Eledina Gomez\",\"image\":{\"@type\":\"ImageObject\",\"inLanguage\":\"es\",\"@id\":\"https:\\\/\\\/secure.gravatar.com\\\/avatar\\\/50ec64e442282d69aff262ccc4c71977d059729c85579ba8dbf52c74ba9e991a?s=96&d=mm&r=g\",\"url\":\"https:\\\/\\\/secure.gravatar.com\\\/avatar\\\/50ec64e442282d69aff262ccc4c71977d059729c85579ba8dbf52c74ba9e991a?s=96&d=mm&r=g\",\"contentUrl\":\"https:\\\/\\\/secure.gravatar.com\\\/avatar\\\/50ec64e442282d69aff262ccc4c71977d059729c85579ba8dbf52c74ba9e991a?s=96&d=mm&r=g\",\"caption\":\"Eledina Gomez\"},\"url\":\"https:\\\/\\\/hosteleo.com\\\/blog\\\/author\\\/eledina-gomez\\\/\"}]}<\/script>\n<!-- \/ Yoast SEO plugin. -->","yoast_head_json":{"title":"Las discotecas podr\u00e1n abrir en fase 3 de la desescalada - Hosteleo.com","description":"Las discotecas podr\u00e1n abrir en fase 3 de la desescalada. La publicaci\u00f3n del \u00fatimo BOE de 6 de junio flexibiliza las normas para abrir las discotecas.","robots":{"index":"index","follow":"follow","max-snippet":"max-snippet:-1","max-image-preview":"max-image-preview:large","max-video-preview":"max-video-preview:-1"},"canonical":"https:\/\/hosteleo.com\/blog\/las-discotecas-podran-abrir-en-fase-3\/","og_locale":"es_ES","og_type":"article","og_title":"Las discotecas podr\u00e1n abrir en fase 3 de la desescalada - Hosteleo.com","og_description":"Las discotecas podr\u00e1n abrir en fase 3 de la desescalada. La publicaci\u00f3n del \u00fatimo BOE de 6 de junio flexibiliza las normas para abrir las discotecas.","og_url":"https:\/\/hosteleo.com\/blog\/las-discotecas-podran-abrir-en-fase-3\/","og_site_name":"Blog de Empleo en Hosteler\u00eda y Turismo - Hosteleo","article_publisher":"https:\/\/www.facebook.com\/hosteleo","article_published_time":"2020-06-06T10:31:41+00:00","article_modified_time":"2020-06-10T07:01:01+00:00","og_image":[{"width":2560,"height":1707,"url":"https:\/\/hosteleo.com\/blog\/wp-content\/uploads\/2020\/06\/allie-dueQYg0FTkw-unsplash-scaled.jpg","type":"image\/jpeg"}],"author":"Eledina Gomez","twitter_card":"summary_large_image","twitter_creator":"@hosteleo","twitter_site":"@hosteleo","twitter_misc":{"Escrito por":"Eledina Gomez","Tiempo de lectura":"3 minutos"},"schema":{"@context":"https:\/\/schema.org","@graph":[{"@type":"Article","@id":"https:\/\/hosteleo.com\/blog\/las-discotecas-podran-abrir-en-fase-3\/#article","isPartOf":{"@id":"https:\/\/hosteleo.com\/blog\/las-discotecas-podran-abrir-en-fase-3\/"},"author":{"name":"Eledina Gomez","@id":"https:\/\/hosteleo.com\/blog\/#\/schema\/person\/600fb15e2a2e68e9ee55bce0d59642fe"},"headline":"Las discotecas podr\u00e1n abrir en fase 3 de la desescalada","datePublished":"2020-06-06T10:31:41+00:00","dateModified":"2020-06-10T07:01:01+00:00","mainEntityOfPage":{"@id":"https:\/\/hosteleo.com\/blog\/las-discotecas-podran-abrir-en-fase-3\/"},"wordCount":626,"commentCount":3,"publisher":{"@id":"https:\/\/hosteleo.com\/blog\/#organization"},"image":{"@id":"https:\/\/hosteleo.com\/blog\/las-discotecas-podran-abrir-en-fase-3\/#primaryimage"},"thumbnailUrl":"https:\/\/hosteleo.com\/blog\/wp-content\/uploads\/2020\/06\/allie-dueQYg0FTkw-unsplash-scaled.jpg","keywords":["abren","desescalada","discotecas","fase 3","ocio nocturno"],"articleSection":["Noticias de Empleo en Hosteler\u00eda y Turismo"],"inLanguage":"es","potentialAction":[{"@type":"CommentAction","name":"Comment","target":["https:\/\/hosteleo.com\/blog\/las-discotecas-podran-abrir-en-fase-3\/#respond"]}]},{"@type":"WebPage","@id":"https:\/\/hosteleo.com\/blog\/las-discotecas-podran-abrir-en-fase-3\/","url":"https:\/\/hosteleo.com\/blog\/las-discotecas-podran-abrir-en-fase-3\/","name":"Las discotecas podr\u00e1n abrir en fase 3 de la desescalada - Hosteleo.com","isPartOf":{"@id":"https:\/\/hosteleo.com\/blog\/#website"},"primaryImageOfPage":{"@id":"https:\/\/hosteleo.com\/blog\/las-discotecas-podran-abrir-en-fase-3\/#primaryimage"},"image":{"@id":"https:\/\/hosteleo.com\/blog\/las-discotecas-podran-abrir-en-fase-3\/#primaryimage"},"thumbnailUrl":"https:\/\/hosteleo.com\/blog\/wp-content\/uploads\/2020\/06\/allie-dueQYg0FTkw-unsplash-scaled.jpg","datePublished":"2020-06-06T10:31:41+00:00","dateModified":"2020-06-10T07:01:01+00:00","description":"Las discotecas podr\u00e1n abrir en fase 3 de la desescalada. La publicaci\u00f3n del \u00fatimo BOE de 6 de junio flexibiliza las normas para abrir las discotecas.","breadcrumb":{"@id":"https:\/\/hosteleo.com\/blog\/las-discotecas-podran-abrir-en-fase-3\/#breadcrumb"},"inLanguage":"es","potentialAction":[{"@type":"ReadAction","target":["https:\/\/hosteleo.com\/blog\/las-discotecas-podran-abrir-en-fase-3\/"]}]},{"@type":"ImageObject","inLanguage":"es","@id":"https:\/\/hosteleo.com\/blog\/las-discotecas-podran-abrir-en-fase-3\/#primaryimage","url":"https:\/\/hosteleo.com\/blog\/wp-content\/uploads\/2020\/06\/allie-dueQYg0FTkw-unsplash-scaled.jpg","contentUrl":"https:\/\/hosteleo.com\/blog\/wp-content\/uploads\/2020\/06\/allie-dueQYg0FTkw-unsplash-scaled.jpg","width":2560,"height":1707,"caption":"Las discotecas podr\u00e1n abrir en fase 3 de la desescalada"},{"@type":"BreadcrumbList","@id":"https:\/\/hosteleo.com\/blog\/las-discotecas-podran-abrir-en-fase-3\/#breadcrumb","itemListElement":[{"@type":"ListItem","position":1,"name":"Home","item":"https:\/\/hosteleo.com\/blog\/"},{"@type":"ListItem","position":2,"name":"Las discotecas podr\u00e1n abrir en fase 3 de la desescalada"}]},{"@type":"WebSite","@id":"https:\/\/hosteleo.com\/blog\/#website","url":"https:\/\/hosteleo.com\/blog\/","name":"Blog de Empleo en Hosteler\u00eda y Turismo - Hosteleo","description":"Tu blog de Empleo en Hosteler\u00eda y Turismo","publisher":{"@id":"https:\/\/hosteleo.com\/blog\/#organization"},"potentialAction":[{"@type":"SearchAction","target":{"@type":"EntryPoint","urlTemplate":"https:\/\/hosteleo.com\/blog\/?s={search_term_string}"},"query-input":{"@type":"PropertyValueSpecification","valueRequired":true,"valueName":"search_term_string"}}],"inLanguage":"es"},{"@type":"Organization","@id":"https:\/\/hosteleo.com\/blog\/#organization","name":"Hosteleo","url":"https:\/\/hosteleo.com\/blog\/","logo":{"@type":"ImageObject","inLanguage":"es","@id":"https:\/\/hosteleo.com\/blog\/#\/schema\/logo\/image\/","url":"https:\/\/hosteleo.wizzie.dev\/blog\/wp-content\/uploads\/2020\/05\/logo-hosteleo.png","contentUrl":"https:\/\/hosteleo.wizzie.dev\/blog\/wp-content\/uploads\/2020\/05\/logo-hosteleo.png","width":475,"height":76,"caption":"Hosteleo"},"image":{"@id":"https:\/\/hosteleo.com\/blog\/#\/schema\/logo\/image\/"},"sameAs":["https:\/\/www.facebook.com\/hosteleo","https:\/\/x.com\/hosteleo","https:\/\/www.instagram.com\/hosteleo\/","https:\/\/es.linkedin.com\/company\/hosteleo-com"]},{"@type":"Person","@id":"https:\/\/hosteleo.com\/blog\/#\/schema\/person\/600fb15e2a2e68e9ee55bce0d59642fe","name":"Eledina Gomez","image":{"@type":"ImageObject","inLanguage":"es","@id":"https:\/\/secure.gravatar.com\/avatar\/50ec64e442282d69aff262ccc4c71977d059729c85579ba8dbf52c74ba9e991a?s=96&d=mm&r=g","url":"https:\/\/secure.gravatar.com\/avatar\/50ec64e442282d69aff262ccc4c71977d059729c85579ba8dbf52c74ba9e991a?s=96&d=mm&r=g","contentUrl":"https:\/\/secure.gravatar.com\/avatar\/50ec64e442282d69aff262ccc4c71977d059729c85579ba8dbf52c74ba9e991a?s=96&d=mm&r=g","caption":"Eledina Gomez"},"url":"https:\/\/hosteleo.com\/blog\/author\/eledina-gomez\/"}]}},"amp_enabled":true,"_links":{"self":[{"href":"https:\/\/hosteleo.com\/blog\/wp-json\/wp\/v2\/posts\/2908","targetHints":{"allow":["GET"]}}],"collection":[{"href":"https:\/\/hosteleo.com\/blog\/wp-json\/wp\/v2\/posts"}],"about":[{"href":"https:\/\/hosteleo.com\/blog\/wp-json\/wp\/v2\/types\/post"}],"author":[{"embeddable":true,"href":"https:\/\/hosteleo.com\/blog\/wp-json\/wp\/v2\/users\/6"}],"replies":[{"embeddable":true,"href":"https:\/\/hosteleo.com\/blog\/wp-json\/wp\/v2\/comments?post=2908"}],"version-history":[{"count":11,"href":"https:\/\/hosteleo.com\/blog\/wp-json\/wp\/v2\/posts\/2908\/revisions"}],"predecessor-version":[{"id":2955,"href":"https:\/\/hosteleo.com\/blog\/wp-json\/wp\/v2\/posts\/2908\/revisions\/2955"}],"wp:featuredmedia":[{"embeddable":true,"href":"https:\/\/hosteleo.com\/blog\/wp-json\/wp\/v2\/media\/2909"}],"wp:attachment":[{"href":"https:\/\/hosteleo.com\/blog\/wp-json\/wp\/v2\/media?parent=2908"}],"wp:term":[{"taxonomy":"category","embeddable":true,"href":"https:\/\/hosteleo.com\/blog\/wp-json\/wp\/v2\/categories?post=2908"},{"taxonomy":"post_tag","embeddable":true,"href":"https:\/\/hosteleo.com\/blog\/wp-json\/wp\/v2\/tags?post=2908"}],"curies":[{"name":"wp","href":"https:\/\/api.w.org\/{rel}","templated":true}]}}