{"id":3246,"date":"2020-06-25T20:35:06","date_gmt":"2020-06-25T20:35:06","guid":{"rendered":"https:\/\/hosteleo.com\/blog\/?p=3246"},"modified":"2020-06-29T14:43:09","modified_gmt":"2020-06-29T14:43:09","slug":"el-gobierno-extiende-los-erte-hasta-septiembre","status":"publish","type":"post","link":"https:\/\/hosteleo.com\/blog\/el-gobierno-extiende-los-erte-hasta-septiembre\/","title":{"rendered":"El Gobierno extiende los ERTE hasta septiembre"},"content":{"rendered":"\n<p>Despu\u00e9s de semanas de dimes y diretes, y negociaciones entre las diferentes partes, <strong>el Gobierno extiende los ERTE hasta Septiembre<\/strong>, con el apoyo de los agentes sociales. <\/p>\n\n\n\n<p>Con este acuerdo la hosteler\u00eda espa\u00f1ola y el sector tur\u00edstico pueden respirar,<a href=\"https:\/\/hosteleo.com\/blog\/los-ertes-en-hosteleria\/\"> <strong>ya que los<\/strong> <strong>ERTE para los restaurantes y hoteles<\/strong><\/a>, son a d\u00eda de hoy un salvavidas para poder pasar el verano, y llegar vivos al oto\u00f1o.<\/p>\n\n\n\n<p>Por fin parece que las <strong>empresas, empresarios y trabajadores, encuentran respuesta a su demandas sobre la ampliaci\u00f3n de los ERTES<\/strong>. Y las constantes negativas del Gobierno a ampliar los ERTE, han chocado con el incisivo trabajo de sindicatos y patronal, que esta vez yendo de la mano, han conseguido acercar posturas con el <a href=\"http:\/\/www.mitramiss.gob.es\"><strong>Ministerio de Trabajo de Espa\u00f1a<\/strong><\/a>, y apoyar este extensi\u00f3n de los ERTE.<\/p>\n\n\n\n<p>Si bien, <strong>hasta que ma\u00f1ana d\u00eda 26 de junio, no se apruebe la medida oficialmente <\/strong>, el Consejo de Ministros, si que podemos anticipar algunas cuestiones.<\/p>\n\n\n\n<h2 class=\"wp-block-heading\"><strong>Las claves de la extensi\u00f3n del Gobierno de los ERTE hasta el 30 de septiembre <\/strong><\/h2>\n\n\n\n<h4 class=\"wp-block-heading\">1\u00ba En los ERTE de fuerza mayor, se amplia la exoneraci\u00f3n de pagos de seguros sociales <\/h4>\n\n\n\n<p>Hasta el 70% en julio, 60% en agosto y 35% en septiembre. Siempre que tengan menos de 50 trabajadores, sino ser\u00e1 del 40% en julio y agosto, y 25% en septiembre.<\/p>\n\n\n\n<figure class=\"wp-block-image size-large\"><img loading=\"lazy\" decoding=\"async\" width=\"1024\" height=\"683\" src=\"https:\/\/hosteleo.com\/blog\/wp-content\/uploads\/2020\/06\/a-r-t-paola-gJzifKQrTS8-unsplash-1024x683.jpg\" alt=\"\" class=\"wp-image-3249\" srcset=\"https:\/\/hosteleo.com\/blog\/wp-content\/uploads\/2020\/06\/a-r-t-paola-gJzifKQrTS8-unsplash-1024x683.jpg 1024w, https:\/\/hosteleo.com\/blog\/wp-content\/uploads\/2020\/06\/a-r-t-paola-gJzifKQrTS8-unsplash-300x200.jpg 300w, https:\/\/hosteleo.com\/blog\/wp-content\/uploads\/2020\/06\/a-r-t-paola-gJzifKQrTS8-unsplash-768x512.jpg 768w, https:\/\/hosteleo.com\/blog\/wp-content\/uploads\/2020\/06\/a-r-t-paola-gJzifKQrTS8-unsplash-1536x1024.jpg 1536w, https:\/\/hosteleo.com\/blog\/wp-content\/uploads\/2020\/06\/a-r-t-paola-gJzifKQrTS8-unsplash-2048x1365.jpg 2048w, https:\/\/hosteleo.com\/blog\/wp-content\/uploads\/2020\/06\/a-r-t-paola-gJzifKQrTS8-unsplash-810x540.jpg 810w, https:\/\/hosteleo.com\/blog\/wp-content\/uploads\/2020\/06\/a-r-t-paola-gJzifKQrTS8-unsplash-1140x760.jpg 1140w\" sizes=\"auto, (max-width: 1024px) 100vw, 1024px\" \/><figcaption>El Gobierno extiende los ERTE hasta septiembre<\/figcaption><\/figure>\n\n\n\n<h4 class=\"wp-block-heading\">2\u00ba En los ERTE por causas objetivas o parciales, las exoneraciones ser\u00e1n id\u00e9nticas que en los ERTE por fuerza mayor.<\/h4>\n\n\n\n<p>Hay que recordar que los que son parciales, significa que ya hay alg\u00fan trabajador incorporado. Y los objetivos se refiere a aquellos ERTE conocidos como ETOP, que son por causas organizativas, econ\u00f3micas o de producci\u00f3n.<\/p>\n\n\n\n<p>Muy importante la incorporaci\u00f3n de si hubiera rebrotes, y la empresa ya estuviera activa, <strong>podr\u00e1 acogerse a un ERTE de fuerza mayo<\/strong>r. Pero con otra graduaci\u00f3n de exoneraci\u00f3n, en este caso del 80% de los seguros sociales en empresas de menos de 50 trabajadores, y del 60% para empresas de m\u00e1s de 50 trabajadores.<\/p>\n\n\n\n<h4 class=\"wp-block-heading\">3\u00ba De cara a los trabajadores, seguir\u00e1 sin contar estos meses como paro<\/h4>\n\n\n\n<p>Y  ser\u00e1 para todos los trabajadores de la empresa sin distinci\u00f3n de fecha de incorporaci\u00f3n m\u00ednima.<\/p>\n\n\n\n<h4 class=\"wp-block-heading\">4\u00ba Y en relaci\u00f3n a la ETTs, o empresas de trabajo temporal. <\/h4>\n\n\n\n<p>El Gobierno les da algo de ox\u00edgeno al permitir que<strong> las empresas puedan contratar trabajadores externos siempre y cuando para esa tarea o funci\u00f3n a desarrollar, su plantilla no pueda o no sepa hacerlo por formaci\u00f3n, conocimiento o experiencia<\/strong>. <\/p>\n\n\n\n<p>Esperemos a verlo ma\u00f1ana <strong>publicado en el BOE para ver con m\u00e1s detalle las caracter\u00edsticas, consideraciones y requerimientos <\/strong>para que las empresas puedan seguir en ERTE hasta el 30 de septiembre. Pero que duda cabe que es un bal\u00f3n de ox\u00edgeno para el sector hostelero y tur\u00edstico, ya que esta temporada estival va a ser dura y an\u00f3mala.<\/p>\n\n\n\n<p>Y con <strong>el acuerdo anunciado hace breves horas por el Ministro de Seguridad Social Jos\u00e9 Luis Escriv\u00e1<\/strong>, sobre<a href=\"https:\/\/hosteleo.com\/blog\/ampliada-hasta-septiembre-la-prestacion-para-los-autonomos\/\"><strong> la ampliaci\u00f3n de la prestaci\u00f3n extraordinaria para los aut\u00f3nomos<\/strong>,<\/a> se cierra una semana clave para la recuperaci\u00f3n econ\u00f3mica de nuestras empresas, y el sostenimiento del empleo.<\/p>\n\n\n\n<p>Si te ha parecido interesante &#8220;<strong>el Gobierno extiende los ERTE hasta Septiembre, con el apoyo de los agentes sociales<\/strong>&#8221; revisa:<\/p>\n\n\n\n<ul class=\"wp-block-list\"><li><strong><a href=\"https:\/\/hosteleo.com\/blog\/la-empresa-decide-si-continua-en-erte-de-fuerza-mayor-hasta-el-30-de-junio\/\">La empresa decide si continua en ERTE de fuerza mayor hasta el 30 de junio<\/a><\/strong><\/li><li><strong><a href=\"https:\/\/hosteleo.com\/blog\/el-sepe-publica-la-guia-de-errores-en-los-erte\/\">El SEPE publica los errores de los ERTE<\/a><\/strong><\/li><li><strong><a href=\"https:\/\/hosteleo.com\/blog\/llegan-los-ertes-flexibles\/\">Llegan los ERTE flexibles para las empresas espa\u00f1olas<\/a> <\/strong><\/li><li><a href=\"https:\/\/hosteleo.com\/blog\/guia-definitiva-sobre-los-ertes-en-hosteleria\/\"><strong>Gu\u00eda definitiva de los ERTES en hosteler\u00eda<\/strong><\/a><\/li><\/ul>\n\n\n\n<p><\/p>\n","protected":false},"excerpt":{"rendered":"<p>Despu\u00e9s de semanas de dimes y diretes, y negociaciones entre las diferentes partes, el Gobierno extiende los ERTE hasta Septiembre, con el apoyo de los agentes sociales. Con este acuerdo la hosteler\u00eda espa\u00f1ola y el sector tur\u00edstico pueden respirar, ya que los ERTE para los restaurantes y hoteles, son a d\u00eda de hoy un salvavidas [&hellip;]<\/p>\n","protected":false},"author":2,"featured_media":3248,"comment_status":"open","ping_status":"open","sticky":false,"template":"","format":"standard","meta":{"_exactmetrics_skip_tracking":false,"_exactmetrics_sitenote_active":false,"_exactmetrics_sitenote_note":"","_exactmetrics_sitenote_category":0,"footnotes":""},"categories":[41],"tags":[495,234,224,309,130,494,47],"class_list":["post-3246","post","type-post","status-publish","format-standard","has-post-thumbnail","hentry","category-noticias-empleo-hosteleria-turismo","tag-ampliacion-erte","tag-covid-19","tag-erte","tag-gobierno","tag-hosteleria-2","tag-septiembre","tag-turismo"],"yoast_head":"<!-- This site is optimized with the Yoast SEO plugin v27.5 - https:\/\/yoast.com\/product\/yoast-seo-wordpress\/ -->\n<title>El Gobierno extiende los ERTE hasta septiembre - Hosteleo.com<\/title>\n<meta name=\"description\" content=\"El Gobierno extiende los ERTE hasta Septiembre, con el apoyo de los agentes sociales. Por f\u00edn hay acuerdo para que las empresas puedan extender los ERTE.\" \/>\n<meta name=\"robots\" content=\"index, follow, max-snippet:-1, max-image-preview:large, max-video-preview:-1\" \/>\n<link rel=\"canonical\" href=\"https:\/\/hosteleo.com\/blog\/el-gobierno-extiende-los-erte-hasta-septiembre\/\" \/>\n<meta property=\"og:locale\" content=\"es_ES\" \/>\n<meta property=\"og:type\" content=\"article\" \/>\n<meta property=\"og:title\" content=\"El Gobierno extiende los ERTE hasta septiembre - Hosteleo.com\" \/>\n<meta property=\"og:description\" content=\"El Gobierno extiende los ERTE hasta Septiembre, con el apoyo de los agentes sociales. Por f\u00edn hay acuerdo para que las empresas puedan extender los ERTE.\" \/>\n<meta property=\"og:url\" content=\"https:\/\/hosteleo.com\/blog\/el-gobierno-extiende-los-erte-hasta-septiembre\/\" \/>\n<meta property=\"og:site_name\" content=\"Blog de Empleo en Hosteler\u00eda y Turismo - Hosteleo\" \/>\n<meta property=\"article:publisher\" content=\"https:\/\/www.facebook.com\/hosteleo\" \/>\n<meta property=\"article:published_time\" content=\"2020-06-25T20:35:06+00:00\" \/>\n<meta property=\"article:modified_time\" content=\"2020-06-29T14:43:09+00:00\" \/>\n<meta property=\"og:image\" content=\"https:\/\/hosteleo.com\/blog\/wp-content\/uploads\/2020\/06\/mika-baumeister-UmDJFS1eDS0-unsplash-scaled.jpg\" \/>\n\t<meta property=\"og:image:width\" content=\"2560\" \/>\n\t<meta property=\"og:image:height\" content=\"1710\" \/>\n\t<meta property=\"og:image:type\" content=\"image\/jpeg\" \/>\n<meta name=\"author\" content=\"Luis P\u00e9rez\" \/>\n<meta name=\"twitter:card\" content=\"summary_large_image\" \/>\n<meta name=\"twitter:creator\" content=\"@hosteleo\" \/>\n<meta name=\"twitter:site\" content=\"@hosteleo\" \/>\n<meta name=\"twitter:label1\" content=\"Escrito por\" \/>\n\t<meta name=\"twitter:data1\" content=\"Luis P\u00e9rez\" \/>\n\t<meta name=\"twitter:label2\" content=\"Tiempo de lectura\" \/>\n\t<meta name=\"twitter:data2\" content=\"3 minutos\" \/>\n<script type=\"application\/ld+json\" class=\"yoast-schema-graph\">{\"@context\":\"https:\\\/\\\/schema.org\",\"@graph\":[{\"@type\":\"Article\",\"@id\":\"https:\\\/\\\/hosteleo.com\\\/blog\\\/el-gobierno-extiende-los-erte-hasta-septiembre\\\/#article\",\"isPartOf\":{\"@id\":\"https:\\\/\\\/hosteleo.com\\\/blog\\\/el-gobierno-extiende-los-erte-hasta-septiembre\\\/\"},\"author\":{\"name\":\"Luis P\u00e9rez\",\"@id\":\"https:\\\/\\\/hosteleo.com\\\/blog\\\/#\\\/schema\\\/person\\\/eef8bb67e661dbf50088c7f37406a84b\"},\"headline\":\"El Gobierno extiende los ERTE hasta septiembre\",\"datePublished\":\"2020-06-25T20:35:06+00:00\",\"dateModified\":\"2020-06-29T14:43:09+00:00\",\"mainEntityOfPage\":{\"@id\":\"https:\\\/\\\/hosteleo.com\\\/blog\\\/el-gobierno-extiende-los-erte-hasta-septiembre\\\/\"},\"wordCount\":606,\"commentCount\":17,\"publisher\":{\"@id\":\"https:\\\/\\\/hosteleo.com\\\/blog\\\/#organization\"},\"image\":{\"@id\":\"https:\\\/\\\/hosteleo.com\\\/blog\\\/el-gobierno-extiende-los-erte-hasta-septiembre\\\/#primaryimage\"},\"thumbnailUrl\":\"https:\\\/\\\/hosteleo.com\\\/blog\\\/wp-content\\\/uploads\\\/2020\\\/06\\\/mika-baumeister-UmDJFS1eDS0-unsplash-scaled.jpg\",\"keywords\":[\"ampliaci\u00f3n ERTE\",\"Covid-19\",\"erte\",\"Gobierno\",\"hosteleria\",\"septiembre\",\"turismo\"],\"articleSection\":[\"Noticias de Empleo en Hosteler\u00eda y Turismo\"],\"inLanguage\":\"es\",\"potentialAction\":[{\"@type\":\"CommentAction\",\"name\":\"Comment\",\"target\":[\"https:\\\/\\\/hosteleo.com\\\/blog\\\/el-gobierno-extiende-los-erte-hasta-septiembre\\\/#respond\"]}]},{\"@type\":\"WebPage\",\"@id\":\"https:\\\/\\\/hosteleo.com\\\/blog\\\/el-gobierno-extiende-los-erte-hasta-septiembre\\\/\",\"url\":\"https:\\\/\\\/hosteleo.com\\\/blog\\\/el-gobierno-extiende-los-erte-hasta-septiembre\\\/\",\"name\":\"El Gobierno extiende los ERTE hasta septiembre - Hosteleo.com\",\"isPartOf\":{\"@id\":\"https:\\\/\\\/hosteleo.com\\\/blog\\\/#website\"},\"primaryImageOfPage\":{\"@id\":\"https:\\\/\\\/hosteleo.com\\\/blog\\\/el-gobierno-extiende-los-erte-hasta-septiembre\\\/#primaryimage\"},\"image\":{\"@id\":\"https:\\\/\\\/hosteleo.com\\\/blog\\\/el-gobierno-extiende-los-erte-hasta-septiembre\\\/#primaryimage\"},\"thumbnailUrl\":\"https:\\\/\\\/hosteleo.com\\\/blog\\\/wp-content\\\/uploads\\\/2020\\\/06\\\/mika-baumeister-UmDJFS1eDS0-unsplash-scaled.jpg\",\"datePublished\":\"2020-06-25T20:35:06+00:00\",\"dateModified\":\"2020-06-29T14:43:09+00:00\",\"description\":\"El Gobierno extiende los ERTE hasta Septiembre, con el apoyo de los agentes sociales. Por f\u00edn hay acuerdo para que las empresas puedan extender los ERTE.\",\"breadcrumb\":{\"@id\":\"https:\\\/\\\/hosteleo.com\\\/blog\\\/el-gobierno-extiende-los-erte-hasta-septiembre\\\/#breadcrumb\"},\"inLanguage\":\"es\",\"potentialAction\":[{\"@type\":\"ReadAction\",\"target\":[\"https:\\\/\\\/hosteleo.com\\\/blog\\\/el-gobierno-extiende-los-erte-hasta-septiembre\\\/\"]}]},{\"@type\":\"ImageObject\",\"inLanguage\":\"es\",\"@id\":\"https:\\\/\\\/hosteleo.com\\\/blog\\\/el-gobierno-extiende-los-erte-hasta-septiembre\\\/#primaryimage\",\"url\":\"https:\\\/\\\/hosteleo.com\\\/blog\\\/wp-content\\\/uploads\\\/2020\\\/06\\\/mika-baumeister-UmDJFS1eDS0-unsplash-scaled.jpg\",\"contentUrl\":\"https:\\\/\\\/hosteleo.com\\\/blog\\\/wp-content\\\/uploads\\\/2020\\\/06\\\/mika-baumeister-UmDJFS1eDS0-unsplash-scaled.jpg\",\"width\":2560,\"height\":1710,\"caption\":\"El Gobierno extiende los ERTE hasta septiembre\"},{\"@type\":\"BreadcrumbList\",\"@id\":\"https:\\\/\\\/hosteleo.com\\\/blog\\\/el-gobierno-extiende-los-erte-hasta-septiembre\\\/#breadcrumb\",\"itemListElement\":[{\"@type\":\"ListItem\",\"position\":1,\"name\":\"Home\",\"item\":\"https:\\\/\\\/hosteleo.com\\\/blog\\\/\"},{\"@type\":\"ListItem\",\"position\":2,\"name\":\"El Gobierno extiende los ERTE hasta septiembre\"}]},{\"@type\":\"WebSite\",\"@id\":\"https:\\\/\\\/hosteleo.com\\\/blog\\\/#website\",\"url\":\"https:\\\/\\\/hosteleo.com\\\/blog\\\/\",\"name\":\"Blog de Empleo en Hosteler\u00eda y Turismo - Hosteleo\",\"description\":\"Tu blog de Empleo en Hosteler\u00eda y Turismo\",\"publisher\":{\"@id\":\"https:\\\/\\\/hosteleo.com\\\/blog\\\/#organization\"},\"potentialAction\":[{\"@type\":\"SearchAction\",\"target\":{\"@type\":\"EntryPoint\",\"urlTemplate\":\"https:\\\/\\\/hosteleo.com\\\/blog\\\/?s={search_term_string}\"},\"query-input\":{\"@type\":\"PropertyValueSpecification\",\"valueRequired\":true,\"valueName\":\"search_term_string\"}}],\"inLanguage\":\"es\"},{\"@type\":\"Organization\",\"@id\":\"https:\\\/\\\/hosteleo.com\\\/blog\\\/#organization\",\"name\":\"Hosteleo\",\"url\":\"https:\\\/\\\/hosteleo.com\\\/blog\\\/\",\"logo\":{\"@type\":\"ImageObject\",\"inLanguage\":\"es\",\"@id\":\"https:\\\/\\\/hosteleo.com\\\/blog\\\/#\\\/schema\\\/logo\\\/image\\\/\",\"url\":\"https:\\\/\\\/hosteleo.wizzie.dev\\\/blog\\\/wp-content\\\/uploads\\\/2020\\\/05\\\/logo-hosteleo.png\",\"contentUrl\":\"https:\\\/\\\/hosteleo.wizzie.dev\\\/blog\\\/wp-content\\\/uploads\\\/2020\\\/05\\\/logo-hosteleo.png\",\"width\":475,\"height\":76,\"caption\":\"Hosteleo\"},\"image\":{\"@id\":\"https:\\\/\\\/hosteleo.com\\\/blog\\\/#\\\/schema\\\/logo\\\/image\\\/\"},\"sameAs\":[\"https:\\\/\\\/www.facebook.com\\\/hosteleo\",\"https:\\\/\\\/x.com\\\/hosteleo\",\"https:\\\/\\\/www.instagram.com\\\/hosteleo\\\/\",\"https:\\\/\\\/es.linkedin.com\\\/company\\\/hosteleo-com\"]},{\"@type\":\"Person\",\"@id\":\"https:\\\/\\\/hosteleo.com\\\/blog\\\/#\\\/schema\\\/person\\\/eef8bb67e661dbf50088c7f37406a84b\",\"name\":\"Luis P\u00e9rez\",\"image\":{\"@type\":\"ImageObject\",\"inLanguage\":\"es\",\"@id\":\"https:\\\/\\\/secure.gravatar.com\\\/avatar\\\/3949b0f4521059dd33be21948b1d539ec03a1b1069b5df3ea7e3f43d4a8b2d4d?s=96&d=mm&r=g\",\"url\":\"https:\\\/\\\/secure.gravatar.com\\\/avatar\\\/3949b0f4521059dd33be21948b1d539ec03a1b1069b5df3ea7e3f43d4a8b2d4d?s=96&d=mm&r=g\",\"contentUrl\":\"https:\\\/\\\/secure.gravatar.com\\\/avatar\\\/3949b0f4521059dd33be21948b1d539ec03a1b1069b5df3ea7e3f43d4a8b2d4d?s=96&d=mm&r=g\",\"caption\":\"Luis P\u00e9rez\"},\"url\":\"https:\\\/\\\/hosteleo.com\\\/blog\\\/author\\\/davidbglinkers-es\\\/\"}]}<\/script>\n<!-- \/ Yoast SEO plugin. -->","yoast_head_json":{"title":"El Gobierno extiende los ERTE hasta septiembre - Hosteleo.com","description":"El Gobierno extiende los ERTE hasta Septiembre, con el apoyo de los agentes sociales. Por f\u00edn hay acuerdo para que las empresas puedan extender los ERTE.","robots":{"index":"index","follow":"follow","max-snippet":"max-snippet:-1","max-image-preview":"max-image-preview:large","max-video-preview":"max-video-preview:-1"},"canonical":"https:\/\/hosteleo.com\/blog\/el-gobierno-extiende-los-erte-hasta-septiembre\/","og_locale":"es_ES","og_type":"article","og_title":"El Gobierno extiende los ERTE hasta septiembre - Hosteleo.com","og_description":"El Gobierno extiende los ERTE hasta Septiembre, con el apoyo de los agentes sociales. Por f\u00edn hay acuerdo para que las empresas puedan extender los ERTE.","og_url":"https:\/\/hosteleo.com\/blog\/el-gobierno-extiende-los-erte-hasta-septiembre\/","og_site_name":"Blog de Empleo en Hosteler\u00eda y Turismo - Hosteleo","article_publisher":"https:\/\/www.facebook.com\/hosteleo","article_published_time":"2020-06-25T20:35:06+00:00","article_modified_time":"2020-06-29T14:43:09+00:00","og_image":[{"width":2560,"height":1710,"url":"https:\/\/hosteleo.com\/blog\/wp-content\/uploads\/2020\/06\/mika-baumeister-UmDJFS1eDS0-unsplash-scaled.jpg","type":"image\/jpeg"}],"author":"Luis P\u00e9rez","twitter_card":"summary_large_image","twitter_creator":"@hosteleo","twitter_site":"@hosteleo","twitter_misc":{"Escrito por":"Luis P\u00e9rez","Tiempo de lectura":"3 minutos"},"schema":{"@context":"https:\/\/schema.org","@graph":[{"@type":"Article","@id":"https:\/\/hosteleo.com\/blog\/el-gobierno-extiende-los-erte-hasta-septiembre\/#article","isPartOf":{"@id":"https:\/\/hosteleo.com\/blog\/el-gobierno-extiende-los-erte-hasta-septiembre\/"},"author":{"name":"Luis P\u00e9rez","@id":"https:\/\/hosteleo.com\/blog\/#\/schema\/person\/eef8bb67e661dbf50088c7f37406a84b"},"headline":"El Gobierno extiende los ERTE hasta septiembre","datePublished":"2020-06-25T20:35:06+00:00","dateModified":"2020-06-29T14:43:09+00:00","mainEntityOfPage":{"@id":"https:\/\/hosteleo.com\/blog\/el-gobierno-extiende-los-erte-hasta-septiembre\/"},"wordCount":606,"commentCount":17,"publisher":{"@id":"https:\/\/hosteleo.com\/blog\/#organization"},"image":{"@id":"https:\/\/hosteleo.com\/blog\/el-gobierno-extiende-los-erte-hasta-septiembre\/#primaryimage"},"thumbnailUrl":"https:\/\/hosteleo.com\/blog\/wp-content\/uploads\/2020\/06\/mika-baumeister-UmDJFS1eDS0-unsplash-scaled.jpg","keywords":["ampliaci\u00f3n ERTE","Covid-19","erte","Gobierno","hosteleria","septiembre","turismo"],"articleSection":["Noticias de Empleo en Hosteler\u00eda y Turismo"],"inLanguage":"es","potentialAction":[{"@type":"CommentAction","name":"Comment","target":["https:\/\/hosteleo.com\/blog\/el-gobierno-extiende-los-erte-hasta-septiembre\/#respond"]}]},{"@type":"WebPage","@id":"https:\/\/hosteleo.com\/blog\/el-gobierno-extiende-los-erte-hasta-septiembre\/","url":"https:\/\/hosteleo.com\/blog\/el-gobierno-extiende-los-erte-hasta-septiembre\/","name":"El Gobierno extiende los ERTE hasta septiembre - Hosteleo.com","isPartOf":{"@id":"https:\/\/hosteleo.com\/blog\/#website"},"primaryImageOfPage":{"@id":"https:\/\/hosteleo.com\/blog\/el-gobierno-extiende-los-erte-hasta-septiembre\/#primaryimage"},"image":{"@id":"https:\/\/hosteleo.com\/blog\/el-gobierno-extiende-los-erte-hasta-septiembre\/#primaryimage"},"thumbnailUrl":"https:\/\/hosteleo.com\/blog\/wp-content\/uploads\/2020\/06\/mika-baumeister-UmDJFS1eDS0-unsplash-scaled.jpg","datePublished":"2020-06-25T20:35:06+00:00","dateModified":"2020-06-29T14:43:09+00:00","description":"El Gobierno extiende los ERTE hasta Septiembre, con el apoyo de los agentes sociales. Por f\u00edn hay acuerdo para que las empresas puedan extender los ERTE.","breadcrumb":{"@id":"https:\/\/hosteleo.com\/blog\/el-gobierno-extiende-los-erte-hasta-septiembre\/#breadcrumb"},"inLanguage":"es","potentialAction":[{"@type":"ReadAction","target":["https:\/\/hosteleo.com\/blog\/el-gobierno-extiende-los-erte-hasta-septiembre\/"]}]},{"@type":"ImageObject","inLanguage":"es","@id":"https:\/\/hosteleo.com\/blog\/el-gobierno-extiende-los-erte-hasta-septiembre\/#primaryimage","url":"https:\/\/hosteleo.com\/blog\/wp-content\/uploads\/2020\/06\/mika-baumeister-UmDJFS1eDS0-unsplash-scaled.jpg","contentUrl":"https:\/\/hosteleo.com\/blog\/wp-content\/uploads\/2020\/06\/mika-baumeister-UmDJFS1eDS0-unsplash-scaled.jpg","width":2560,"height":1710,"caption":"El Gobierno extiende los ERTE hasta septiembre"},{"@type":"BreadcrumbList","@id":"https:\/\/hosteleo.com\/blog\/el-gobierno-extiende-los-erte-hasta-septiembre\/#breadcrumb","itemListElement":[{"@type":"ListItem","position":1,"name":"Home","item":"https:\/\/hosteleo.com\/blog\/"},{"@type":"ListItem","position":2,"name":"El Gobierno extiende los ERTE hasta septiembre"}]},{"@type":"WebSite","@id":"https:\/\/hosteleo.com\/blog\/#website","url":"https:\/\/hosteleo.com\/blog\/","name":"Blog de Empleo en Hosteler\u00eda y Turismo - Hosteleo","description":"Tu blog de Empleo en Hosteler\u00eda y Turismo","publisher":{"@id":"https:\/\/hosteleo.com\/blog\/#organization"},"potentialAction":[{"@type":"SearchAction","target":{"@type":"EntryPoint","urlTemplate":"https:\/\/hosteleo.com\/blog\/?s={search_term_string}"},"query-input":{"@type":"PropertyValueSpecification","valueRequired":true,"valueName":"search_term_string"}}],"inLanguage":"es"},{"@type":"Organization","@id":"https:\/\/hosteleo.com\/blog\/#organization","name":"Hosteleo","url":"https:\/\/hosteleo.com\/blog\/","logo":{"@type":"ImageObject","inLanguage":"es","@id":"https:\/\/hosteleo.com\/blog\/#\/schema\/logo\/image\/","url":"https:\/\/hosteleo.wizzie.dev\/blog\/wp-content\/uploads\/2020\/05\/logo-hosteleo.png","contentUrl":"https:\/\/hosteleo.wizzie.dev\/blog\/wp-content\/uploads\/2020\/05\/logo-hosteleo.png","width":475,"height":76,"caption":"Hosteleo"},"image":{"@id":"https:\/\/hosteleo.com\/blog\/#\/schema\/logo\/image\/"},"sameAs":["https:\/\/www.facebook.com\/hosteleo","https:\/\/x.com\/hosteleo","https:\/\/www.instagram.com\/hosteleo\/","https:\/\/es.linkedin.com\/company\/hosteleo-com"]},{"@type":"Person","@id":"https:\/\/hosteleo.com\/blog\/#\/schema\/person\/eef8bb67e661dbf50088c7f37406a84b","name":"Luis P\u00e9rez","image":{"@type":"ImageObject","inLanguage":"es","@id":"https:\/\/secure.gravatar.com\/avatar\/3949b0f4521059dd33be21948b1d539ec03a1b1069b5df3ea7e3f43d4a8b2d4d?s=96&d=mm&r=g","url":"https:\/\/secure.gravatar.com\/avatar\/3949b0f4521059dd33be21948b1d539ec03a1b1069b5df3ea7e3f43d4a8b2d4d?s=96&d=mm&r=g","contentUrl":"https:\/\/secure.gravatar.com\/avatar\/3949b0f4521059dd33be21948b1d539ec03a1b1069b5df3ea7e3f43d4a8b2d4d?s=96&d=mm&r=g","caption":"Luis P\u00e9rez"},"url":"https:\/\/hosteleo.com\/blog\/author\/davidbglinkers-es\/"}]}},"amp_enabled":true,"_links":{"self":[{"href":"https:\/\/hosteleo.com\/blog\/wp-json\/wp\/v2\/posts\/3246","targetHints":{"allow":["GET"]}}],"collection":[{"href":"https:\/\/hosteleo.com\/blog\/wp-json\/wp\/v2\/posts"}],"about":[{"href":"https:\/\/hosteleo.com\/blog\/wp-json\/wp\/v2\/types\/post"}],"author":[{"embeddable":true,"href":"https:\/\/hosteleo.com\/blog\/wp-json\/wp\/v2\/users\/2"}],"replies":[{"embeddable":true,"href":"https:\/\/hosteleo.com\/blog\/wp-json\/wp\/v2\/comments?post=3246"}],"version-history":[{"count":5,"href":"https:\/\/hosteleo.com\/blog\/wp-json\/wp\/v2\/posts\/3246\/revisions"}],"predecessor-version":[{"id":3265,"href":"https:\/\/hosteleo.com\/blog\/wp-json\/wp\/v2\/posts\/3246\/revisions\/3265"}],"wp:featuredmedia":[{"embeddable":true,"href":"https:\/\/hosteleo.com\/blog\/wp-json\/wp\/v2\/media\/3248"}],"wp:attachment":[{"href":"https:\/\/hosteleo.com\/blog\/wp-json\/wp\/v2\/media?parent=3246"}],"wp:term":[{"taxonomy":"category","embeddable":true,"href":"https:\/\/hosteleo.com\/blog\/wp-json\/wp\/v2\/categories?post=3246"},{"taxonomy":"post_tag","embeddable":true,"href":"https:\/\/hosteleo.com\/blog\/wp-json\/wp\/v2\/tags?post=3246"}],"curies":[{"name":"wp","href":"https:\/\/api.w.org\/{rel}","templated":true}]}}