{"id":4044,"date":"2020-10-20T21:32:04","date_gmt":"2020-10-20T21:32:04","guid":{"rendered":"https:\/\/hosteleo.com\/blog\/?p=4044"},"modified":"2020-10-20T21:35:20","modified_gmt":"2020-10-20T21:35:20","slug":"toque-de-queda-como-afecta-a-la-hosteleria-en-espana","status":"publish","type":"post","link":"https:\/\/hosteleo.com\/blog\/toque-de-queda-como-afecta-a-la-hosteleria-en-espana\/","title":{"rendered":"Toque de queda, c\u00f3mo afecta a la hosteler\u00eda en Espa\u00f1a"},"content":{"rendered":"\n<p>La crisis sanitaria del Covid-19 sigue adelante, con una nueva ola que ya ha llegado. Las <strong>administraciones p\u00fablicas buscan soluciones para doblegar la curva<\/strong>, y minimizar los da\u00f1os. El toque de queda, <strong>c\u00f3mo afecta a la hosteler\u00eda en Espa\u00f1a, es sin duda el tema a tratar estos d\u00edas.<\/strong><\/p>\n\n\n\n<h2 class=\"wp-block-heading\">\u00bfQu\u00e9 es un toque de queda?<\/h2>\n\n\n\n<p>El toque de queda es la restricci\u00f3n a cualquier ciudadano para poder circular o estar en las calles de manera libre. Una libertad de circulaci\u00f3n que no necesita de una justificaci\u00f3n gubernamental.<strong> Es usual cuando se decreta el estado de alarma establecer un horario de inicio y finalizaci\u00f3n de esta acci\u00f3n<\/strong>, que limita el <strong>derecho fundamental de la libre circulaci\u00f3n de las personas<\/strong>.<\/p>\n\n\n\n<figure class=\"wp-block-image size-large\"><img loading=\"lazy\" decoding=\"async\" width=\"1024\" height=\"684\" src=\"https:\/\/hosteleo.com\/blog\/wp-content\/uploads\/2020\/10\/ricky-kharawala-3qMOyoqI-JM-unsplash-1024x684.jpg\" alt=\"\" class=\"wp-image-4052\" srcset=\"https:\/\/hosteleo.com\/blog\/wp-content\/uploads\/2020\/10\/ricky-kharawala-3qMOyoqI-JM-unsplash-1024x684.jpg 1024w, https:\/\/hosteleo.com\/blog\/wp-content\/uploads\/2020\/10\/ricky-kharawala-3qMOyoqI-JM-unsplash-300x200.jpg 300w, https:\/\/hosteleo.com\/blog\/wp-content\/uploads\/2020\/10\/ricky-kharawala-3qMOyoqI-JM-unsplash-768x513.jpg 768w, https:\/\/hosteleo.com\/blog\/wp-content\/uploads\/2020\/10\/ricky-kharawala-3qMOyoqI-JM-unsplash-1536x1025.jpg 1536w, https:\/\/hosteleo.com\/blog\/wp-content\/uploads\/2020\/10\/ricky-kharawala-3qMOyoqI-JM-unsplash-2048x1367.jpg 2048w, https:\/\/hosteleo.com\/blog\/wp-content\/uploads\/2020\/10\/ricky-kharawala-3qMOyoqI-JM-unsplash-810x541.jpg 810w, https:\/\/hosteleo.com\/blog\/wp-content\/uploads\/2020\/10\/ricky-kharawala-3qMOyoqI-JM-unsplash-1140x761.jpg 1140w\" sizes=\"auto, (max-width: 1024px) 100vw, 1024px\" \/><\/figure>\n\n\n\n<h2 class=\"wp-block-heading\">\u00bfQui\u00e9n puede aprobar el toque de queda?<\/h2>\n\n\n\n<p>El toque de queda necesita de una declaraci\u00f3n previa del estado de alarma por emergencia sanitaria. <strong>Esta declaraci\u00f3n de estado de alarma la aprueba el gobierno, tal y como se recoge en la LO 4\/1981.<\/strong><\/p>\n\n\n\n<figure class=\"wp-block-pullquote\"><blockquote><p>Donde refleja que el Gobierno aprueba esta situaci\u00f3n y el Congreso de los Diputados qui\u00e9n lo controla y puede prorrogarlo.<\/p><\/blockquote><\/figure>\n\n\n\n<p>Por ejemplo, el estado de alarma en la <strong><a href=\"https:\/\/www.comunidad.madrid\">Comunidad Aut\u00f3noma de Madrid <\/a><\/strong>puede ser instaurado a petici\u00f3n de la Presidenta de la Comunidad al Gobierno central; o por este \u00faltimo de manera unilateral. <strong>Siempre por un periodo m\u00e1ximo de 15 d\u00edas, que luego puede ser prorrogado con la aprobaci\u00f3n del Congreso de los Diputados.<\/strong><\/p>\n\n\n\n<p>Mediante la autorizaci\u00f3n expresa del Congreso de los Diputados, <strong>se establece podr\u00e1 el alcance y las condiciones vigentes durante la pr\u00f3rroga<\/strong>. <\/p>\n\n\n\n<h2 class=\"wp-block-heading\">\u00bfC\u00f3mo podr\u00eda afectar el toque de queda a la hosteler\u00eda en Espa\u00f1a?<\/h2>\n\n\n\n<p>Si por fin se decretara el toque de queda en Espa\u00f1a, <strong>por fin tendr\u00edamos unas normas homog\u00e9neas a todos los territorios, y no normas locales que crean confusi\u00f3n<\/strong> entre los ciudadanos, trabajadores y empresas.<\/p>\n\n\n\n<p>A d\u00eda de hoy nos encontramos con localidades que est\u00e1n confinadas, y otras que no, creando una<strong> escasa seguridad jur\u00eddica para las personas que tienen que desplazarse por diferentes motivos<\/strong>.<\/p>\n\n\n\n<p>Esta heterogeniedad de normas hace dif\u00edcil que los clientes de hosteler\u00eda piensen en desplazarse de manera habitual. <strong>Y m\u00e1s si cabe como en Madrid, se decret\u00f3 el cierre de los comercios y negocios de hosteler\u00eda a las 23h de la noche<\/strong>. Siendo tremendamente perjudicial para este tipo de industria que tiene una gran parte de su facturaci\u00f3n por las noches, y en fin de semana.<\/p>\n\n\n\n<figure class=\"wp-block-image size-large\"><img loading=\"lazy\" decoding=\"async\" width=\"1024\" height=\"683\" src=\"https:\/\/hosteleo.com\/blog\/wp-content\/uploads\/2020\/10\/augustine-wong-U-4iAhHmTvw-unsplash-1-1024x683.jpg\" alt=\"\" class=\"wp-image-4058\" srcset=\"https:\/\/hosteleo.com\/blog\/wp-content\/uploads\/2020\/10\/augustine-wong-U-4iAhHmTvw-unsplash-1-1024x683.jpg 1024w, https:\/\/hosteleo.com\/blog\/wp-content\/uploads\/2020\/10\/augustine-wong-U-4iAhHmTvw-unsplash-1-300x200.jpg 300w, https:\/\/hosteleo.com\/blog\/wp-content\/uploads\/2020\/10\/augustine-wong-U-4iAhHmTvw-unsplash-1-768x512.jpg 768w, https:\/\/hosteleo.com\/blog\/wp-content\/uploads\/2020\/10\/augustine-wong-U-4iAhHmTvw-unsplash-1-1536x1024.jpg 1536w, https:\/\/hosteleo.com\/blog\/wp-content\/uploads\/2020\/10\/augustine-wong-U-4iAhHmTvw-unsplash-1-2048x1365.jpg 2048w, https:\/\/hosteleo.com\/blog\/wp-content\/uploads\/2020\/10\/augustine-wong-U-4iAhHmTvw-unsplash-1-810x540.jpg 810w, https:\/\/hosteleo.com\/blog\/wp-content\/uploads\/2020\/10\/augustine-wong-U-4iAhHmTvw-unsplash-1-1140x760.jpg 1140w\" sizes=\"auto, (max-width: 1024px) 100vw, 1024px\" \/><figcaption><em>Toque de queda, c\u00f3mo afecta a la hosteler\u00eda en Espa\u00f1a<\/em><\/figcaption><\/figure>\n\n\n\n<p>Seg\u00fan informaciones que han ido apareciendo al cabo de d\u00eda, el toque de queda<strong> si al final llega a aplicarse tendr\u00e1 un inicio de horario de las 24h de la noche<\/strong>. Si fuera esta la hora de comienzo de la limitaci\u00f3n de circulaci\u00f3n de los ciudadanos, <strong>supondr\u00eda ganar por lo menos una hora m\u00e1s de facturaci\u00f3n de lo que ahora est\u00e1n establecido en Madrid.<\/strong><\/p>\n\n\n\n<p>Y tendr\u00e1 todav\u00eda m\u00e1s sentido<strong> la campa\u00f1a que est\u00e1n haciendo las organizaciones empresariales y empresarios hosteleros, para que los clientes vayan a cenar a las 20h de la noche,<\/strong> para de esta manera poder afrontar mejor esta situaci\u00f3n de cierre obligado a media noche en los restaurantes y bares.<\/p>\n\n\n\n<h2 class=\"wp-block-heading\">M\u00e1s informaci\u00f3n sobre estado de alarma y Covid-19<\/h2>\n\n\n\n<div class=\"wp-block-group\"><div class=\"wp-block-group__inner-container is-layout-flow wp-block-group-is-layout-flow\">\n<ul class=\"wp-block-list\"><li><strong><a href=\"https:\/\/hosteleo.com\/blog\/ultima-prorroga-del-estado-de-alarma-en-espana\/\">\u00daltima pr\u00f3rroga del estado de alarma en Espa\u00f1a<\/a><\/strong>.<\/li><li><strong><a href=\"https:\/\/hosteleo.com\/blog\/los-rebrotes-del-coronavirus-en-espana\/\">Los rebrotes del Covid-19 en la recuperaci\u00f3n de la hosteler\u00eda y el turismo<\/a><\/strong>.<\/li><li><strong><a href=\"https:\/\/hosteleo.com\/blog\/la-fase-3-y-ultima-prorroga-una-oportunidad-para-el-ocio-nocturno\/\">La fase 3 y la \u00faltima pr\u00f3rroga, una oportunidad para el ocio nocturno<\/a><\/strong>.<\/li><li><strong><a href=\"https:\/\/hosteleo.com\/blog\/las-novedades-para-restaurantes-y-hosteleria-en-la-fase-2-de-la-desescalada\/\">Novedades para restaurantes y hosteler\u00eda en la fase 2 de la desescalada<\/a><\/strong>.<\/li><\/ul>\n\n\n\n<p><\/p>\n<\/div><\/div>\n\n\n\n<p><\/p>\n","protected":false},"excerpt":{"rendered":"<p>La crisis sanitaria del Covid-19 sigue adelante, con una nueva ola que ya ha llegado. Las administraciones p\u00fablicas buscan soluciones para doblegar la curva, y minimizar los da\u00f1os. El toque de queda, c\u00f3mo afecta a la hosteler\u00eda en Espa\u00f1a, es sin duda el tema a tratar estos d\u00edas. \u00bfQu\u00e9 es un toque de queda? El [&hellip;]<\/p>\n","protected":false},"author":2,"featured_media":4051,"comment_status":"open","ping_status":"open","sticky":false,"template":"","format":"standard","meta":{"_exactmetrics_skip_tracking":false,"_exactmetrics_sitenote_active":false,"_exactmetrics_sitenote_note":"","_exactmetrics_sitenote_category":0,"footnotes":""},"categories":[41],"tags":[217,460,46,463,563,47],"class_list":["post-4044","post","type-post","status-publish","format-standard","has-post-thumbnail","hentry","category-noticias-empleo-hosteleria-turismo","tag-coronavirus","tag-estado-de-alarma","tag-hosteleria","tag-rebrote-coronavirus","tag-toque-de-queda","tag-turismo"],"yoast_head":"<!-- This site is optimized with the Yoast SEO plugin v27.5 - https:\/\/yoast.com\/product\/yoast-seo-wordpress\/ -->\n<title>Toque de queda, c\u00f3mo afecta a la hosteler\u00eda en Espa\u00f1a - Hosteleo.com<\/title>\n<meta name=\"description\" content=\"Toque de queda, c\u00f3mo afecta a la hosteler\u00eda en Espa\u00f1a. La crisis del Covid-19 sigue imparable, llega la segunda ola antes de lo previsto.\" \/>\n<meta name=\"robots\" content=\"index, follow, max-snippet:-1, max-image-preview:large, max-video-preview:-1\" \/>\n<link rel=\"canonical\" href=\"https:\/\/hosteleo.com\/blog\/toque-de-queda-como-afecta-a-la-hosteleria-en-espana\/\" \/>\n<meta property=\"og:locale\" content=\"es_ES\" \/>\n<meta property=\"og:type\" content=\"article\" \/>\n<meta property=\"og:title\" content=\"Toque de queda, c\u00f3mo afecta a la hosteler\u00eda en Espa\u00f1a - Hosteleo.com\" \/>\n<meta property=\"og:description\" content=\"Toque de queda, c\u00f3mo afecta a la hosteler\u00eda en Espa\u00f1a. La crisis del Covid-19 sigue imparable, llega la segunda ola antes de lo previsto.\" \/>\n<meta property=\"og:url\" content=\"https:\/\/hosteleo.com\/blog\/toque-de-queda-como-afecta-a-la-hosteleria-en-espana\/\" \/>\n<meta property=\"og:site_name\" content=\"Blog de Empleo en Hosteler\u00eda y Turismo - Hosteleo\" \/>\n<meta property=\"article:publisher\" content=\"https:\/\/www.facebook.com\/hosteleo\" \/>\n<meta property=\"article:published_time\" content=\"2020-10-20T21:32:04+00:00\" \/>\n<meta property=\"article:modified_time\" content=\"2020-10-20T21:35:20+00:00\" \/>\n<meta property=\"og:image\" content=\"https:\/\/hosteleo.com\/blog\/wp-content\/uploads\/2020\/10\/tim-wilgus-sadqDfFqsoU-unsplash-scaled.jpg\" \/>\n\t<meta property=\"og:image:width\" content=\"2560\" \/>\n\t<meta property=\"og:image:height\" content=\"1707\" \/>\n\t<meta property=\"og:image:type\" content=\"image\/jpeg\" \/>\n<meta name=\"author\" content=\"Luis P\u00e9rez\" \/>\n<meta name=\"twitter:card\" content=\"summary_large_image\" \/>\n<meta name=\"twitter:creator\" content=\"@hosteleo\" \/>\n<meta name=\"twitter:site\" content=\"@hosteleo\" \/>\n<meta name=\"twitter:label1\" content=\"Escrito por\" \/>\n\t<meta name=\"twitter:data1\" content=\"Luis P\u00e9rez\" \/>\n\t<meta name=\"twitter:label2\" content=\"Tiempo de lectura\" \/>\n\t<meta name=\"twitter:data2\" content=\"3 minutos\" \/>\n<script type=\"application\/ld+json\" class=\"yoast-schema-graph\">{\"@context\":\"https:\\\/\\\/schema.org\",\"@graph\":[{\"@type\":\"Article\",\"@id\":\"https:\\\/\\\/hosteleo.com\\\/blog\\\/toque-de-queda-como-afecta-a-la-hosteleria-en-espana\\\/#article\",\"isPartOf\":{\"@id\":\"https:\\\/\\\/hosteleo.com\\\/blog\\\/toque-de-queda-como-afecta-a-la-hosteleria-en-espana\\\/\"},\"author\":{\"name\":\"Luis P\u00e9rez\",\"@id\":\"https:\\\/\\\/hosteleo.com\\\/blog\\\/#\\\/schema\\\/person\\\/eef8bb67e661dbf50088c7f37406a84b\"},\"headline\":\"Toque de queda, c\u00f3mo afecta a la hosteler\u00eda en Espa\u00f1a\",\"datePublished\":\"2020-10-20T21:32:04+00:00\",\"dateModified\":\"2020-10-20T21:35:20+00:00\",\"mainEntityOfPage\":{\"@id\":\"https:\\\/\\\/hosteleo.com\\\/blog\\\/toque-de-queda-como-afecta-a-la-hosteleria-en-espana\\\/\"},\"wordCount\":645,\"commentCount\":5,\"publisher\":{\"@id\":\"https:\\\/\\\/hosteleo.com\\\/blog\\\/#organization\"},\"image\":{\"@id\":\"https:\\\/\\\/hosteleo.com\\\/blog\\\/toque-de-queda-como-afecta-a-la-hosteleria-en-espana\\\/#primaryimage\"},\"thumbnailUrl\":\"https:\\\/\\\/hosteleo.com\\\/blog\\\/wp-content\\\/uploads\\\/2020\\\/10\\\/tim-wilgus-sadqDfFqsoU-unsplash-scaled.jpg\",\"keywords\":[\"coronavirus\",\"estado de alarma\",\"hosteler\u00eda\",\"rebrote coronavirus\",\"toque de queda\",\"turismo\"],\"articleSection\":[\"Noticias de Empleo en Hosteler\u00eda y Turismo\"],\"inLanguage\":\"es\",\"potentialAction\":[{\"@type\":\"CommentAction\",\"name\":\"Comment\",\"target\":[\"https:\\\/\\\/hosteleo.com\\\/blog\\\/toque-de-queda-como-afecta-a-la-hosteleria-en-espana\\\/#respond\"]}]},{\"@type\":\"WebPage\",\"@id\":\"https:\\\/\\\/hosteleo.com\\\/blog\\\/toque-de-queda-como-afecta-a-la-hosteleria-en-espana\\\/\",\"url\":\"https:\\\/\\\/hosteleo.com\\\/blog\\\/toque-de-queda-como-afecta-a-la-hosteleria-en-espana\\\/\",\"name\":\"Toque de queda, c\u00f3mo afecta a la hosteler\u00eda en Espa\u00f1a - Hosteleo.com\",\"isPartOf\":{\"@id\":\"https:\\\/\\\/hosteleo.com\\\/blog\\\/#website\"},\"primaryImageOfPage\":{\"@id\":\"https:\\\/\\\/hosteleo.com\\\/blog\\\/toque-de-queda-como-afecta-a-la-hosteleria-en-espana\\\/#primaryimage\"},\"image\":{\"@id\":\"https:\\\/\\\/hosteleo.com\\\/blog\\\/toque-de-queda-como-afecta-a-la-hosteleria-en-espana\\\/#primaryimage\"},\"thumbnailUrl\":\"https:\\\/\\\/hosteleo.com\\\/blog\\\/wp-content\\\/uploads\\\/2020\\\/10\\\/tim-wilgus-sadqDfFqsoU-unsplash-scaled.jpg\",\"datePublished\":\"2020-10-20T21:32:04+00:00\",\"dateModified\":\"2020-10-20T21:35:20+00:00\",\"description\":\"Toque de queda, c\u00f3mo afecta a la hosteler\u00eda en Espa\u00f1a. La crisis del Covid-19 sigue imparable, llega la segunda ola antes de lo previsto.\",\"breadcrumb\":{\"@id\":\"https:\\\/\\\/hosteleo.com\\\/blog\\\/toque-de-queda-como-afecta-a-la-hosteleria-en-espana\\\/#breadcrumb\"},\"inLanguage\":\"es\",\"potentialAction\":[{\"@type\":\"ReadAction\",\"target\":[\"https:\\\/\\\/hosteleo.com\\\/blog\\\/toque-de-queda-como-afecta-a-la-hosteleria-en-espana\\\/\"]}]},{\"@type\":\"ImageObject\",\"inLanguage\":\"es\",\"@id\":\"https:\\\/\\\/hosteleo.com\\\/blog\\\/toque-de-queda-como-afecta-a-la-hosteleria-en-espana\\\/#primaryimage\",\"url\":\"https:\\\/\\\/hosteleo.com\\\/blog\\\/wp-content\\\/uploads\\\/2020\\\/10\\\/tim-wilgus-sadqDfFqsoU-unsplash-scaled.jpg\",\"contentUrl\":\"https:\\\/\\\/hosteleo.com\\\/blog\\\/wp-content\\\/uploads\\\/2020\\\/10\\\/tim-wilgus-sadqDfFqsoU-unsplash-scaled.jpg\",\"width\":2560,\"height\":1707,\"caption\":\"Toque de queda, c\u00f3mo afecta a la hosteler\u00eda en Espa\u00f1a\"},{\"@type\":\"BreadcrumbList\",\"@id\":\"https:\\\/\\\/hosteleo.com\\\/blog\\\/toque-de-queda-como-afecta-a-la-hosteleria-en-espana\\\/#breadcrumb\",\"itemListElement\":[{\"@type\":\"ListItem\",\"position\":1,\"name\":\"Home\",\"item\":\"https:\\\/\\\/hosteleo.com\\\/blog\\\/\"},{\"@type\":\"ListItem\",\"position\":2,\"name\":\"Toque de queda, c\u00f3mo afecta a la hosteler\u00eda en Espa\u00f1a\"}]},{\"@type\":\"WebSite\",\"@id\":\"https:\\\/\\\/hosteleo.com\\\/blog\\\/#website\",\"url\":\"https:\\\/\\\/hosteleo.com\\\/blog\\\/\",\"name\":\"Blog de Empleo en Hosteler\u00eda y Turismo - Hosteleo\",\"description\":\"Tu blog de Empleo en Hosteler\u00eda y Turismo\",\"publisher\":{\"@id\":\"https:\\\/\\\/hosteleo.com\\\/blog\\\/#organization\"},\"potentialAction\":[{\"@type\":\"SearchAction\",\"target\":{\"@type\":\"EntryPoint\",\"urlTemplate\":\"https:\\\/\\\/hosteleo.com\\\/blog\\\/?s={search_term_string}\"},\"query-input\":{\"@type\":\"PropertyValueSpecification\",\"valueRequired\":true,\"valueName\":\"search_term_string\"}}],\"inLanguage\":\"es\"},{\"@type\":\"Organization\",\"@id\":\"https:\\\/\\\/hosteleo.com\\\/blog\\\/#organization\",\"name\":\"Hosteleo\",\"url\":\"https:\\\/\\\/hosteleo.com\\\/blog\\\/\",\"logo\":{\"@type\":\"ImageObject\",\"inLanguage\":\"es\",\"@id\":\"https:\\\/\\\/hosteleo.com\\\/blog\\\/#\\\/schema\\\/logo\\\/image\\\/\",\"url\":\"https:\\\/\\\/hosteleo.wizzie.dev\\\/blog\\\/wp-content\\\/uploads\\\/2020\\\/05\\\/logo-hosteleo.png\",\"contentUrl\":\"https:\\\/\\\/hosteleo.wizzie.dev\\\/blog\\\/wp-content\\\/uploads\\\/2020\\\/05\\\/logo-hosteleo.png\",\"width\":475,\"height\":76,\"caption\":\"Hosteleo\"},\"image\":{\"@id\":\"https:\\\/\\\/hosteleo.com\\\/blog\\\/#\\\/schema\\\/logo\\\/image\\\/\"},\"sameAs\":[\"https:\\\/\\\/www.facebook.com\\\/hosteleo\",\"https:\\\/\\\/x.com\\\/hosteleo\",\"https:\\\/\\\/www.instagram.com\\\/hosteleo\\\/\",\"https:\\\/\\\/es.linkedin.com\\\/company\\\/hosteleo-com\"]},{\"@type\":\"Person\",\"@id\":\"https:\\\/\\\/hosteleo.com\\\/blog\\\/#\\\/schema\\\/person\\\/eef8bb67e661dbf50088c7f37406a84b\",\"name\":\"Luis P\u00e9rez\",\"image\":{\"@type\":\"ImageObject\",\"inLanguage\":\"es\",\"@id\":\"https:\\\/\\\/secure.gravatar.com\\\/avatar\\\/3949b0f4521059dd33be21948b1d539ec03a1b1069b5df3ea7e3f43d4a8b2d4d?s=96&d=mm&r=g\",\"url\":\"https:\\\/\\\/secure.gravatar.com\\\/avatar\\\/3949b0f4521059dd33be21948b1d539ec03a1b1069b5df3ea7e3f43d4a8b2d4d?s=96&d=mm&r=g\",\"contentUrl\":\"https:\\\/\\\/secure.gravatar.com\\\/avatar\\\/3949b0f4521059dd33be21948b1d539ec03a1b1069b5df3ea7e3f43d4a8b2d4d?s=96&d=mm&r=g\",\"caption\":\"Luis P\u00e9rez\"},\"url\":\"https:\\\/\\\/hosteleo.com\\\/blog\\\/author\\\/davidbglinkers-es\\\/\"}]}<\/script>\n<!-- \/ Yoast SEO plugin. -->","yoast_head_json":{"title":"Toque de queda, c\u00f3mo afecta a la hosteler\u00eda en Espa\u00f1a - Hosteleo.com","description":"Toque de queda, c\u00f3mo afecta a la hosteler\u00eda en Espa\u00f1a. La crisis del Covid-19 sigue imparable, llega la segunda ola antes de lo previsto.","robots":{"index":"index","follow":"follow","max-snippet":"max-snippet:-1","max-image-preview":"max-image-preview:large","max-video-preview":"max-video-preview:-1"},"canonical":"https:\/\/hosteleo.com\/blog\/toque-de-queda-como-afecta-a-la-hosteleria-en-espana\/","og_locale":"es_ES","og_type":"article","og_title":"Toque de queda, c\u00f3mo afecta a la hosteler\u00eda en Espa\u00f1a - Hosteleo.com","og_description":"Toque de queda, c\u00f3mo afecta a la hosteler\u00eda en Espa\u00f1a. La crisis del Covid-19 sigue imparable, llega la segunda ola antes de lo previsto.","og_url":"https:\/\/hosteleo.com\/blog\/toque-de-queda-como-afecta-a-la-hosteleria-en-espana\/","og_site_name":"Blog de Empleo en Hosteler\u00eda y Turismo - Hosteleo","article_publisher":"https:\/\/www.facebook.com\/hosteleo","article_published_time":"2020-10-20T21:32:04+00:00","article_modified_time":"2020-10-20T21:35:20+00:00","og_image":[{"width":2560,"height":1707,"url":"https:\/\/hosteleo.com\/blog\/wp-content\/uploads\/2020\/10\/tim-wilgus-sadqDfFqsoU-unsplash-scaled.jpg","type":"image\/jpeg"}],"author":"Luis P\u00e9rez","twitter_card":"summary_large_image","twitter_creator":"@hosteleo","twitter_site":"@hosteleo","twitter_misc":{"Escrito por":"Luis P\u00e9rez","Tiempo de lectura":"3 minutos"},"schema":{"@context":"https:\/\/schema.org","@graph":[{"@type":"Article","@id":"https:\/\/hosteleo.com\/blog\/toque-de-queda-como-afecta-a-la-hosteleria-en-espana\/#article","isPartOf":{"@id":"https:\/\/hosteleo.com\/blog\/toque-de-queda-como-afecta-a-la-hosteleria-en-espana\/"},"author":{"name":"Luis P\u00e9rez","@id":"https:\/\/hosteleo.com\/blog\/#\/schema\/person\/eef8bb67e661dbf50088c7f37406a84b"},"headline":"Toque de queda, c\u00f3mo afecta a la hosteler\u00eda en Espa\u00f1a","datePublished":"2020-10-20T21:32:04+00:00","dateModified":"2020-10-20T21:35:20+00:00","mainEntityOfPage":{"@id":"https:\/\/hosteleo.com\/blog\/toque-de-queda-como-afecta-a-la-hosteleria-en-espana\/"},"wordCount":645,"commentCount":5,"publisher":{"@id":"https:\/\/hosteleo.com\/blog\/#organization"},"image":{"@id":"https:\/\/hosteleo.com\/blog\/toque-de-queda-como-afecta-a-la-hosteleria-en-espana\/#primaryimage"},"thumbnailUrl":"https:\/\/hosteleo.com\/blog\/wp-content\/uploads\/2020\/10\/tim-wilgus-sadqDfFqsoU-unsplash-scaled.jpg","keywords":["coronavirus","estado de alarma","hosteler\u00eda","rebrote coronavirus","toque de queda","turismo"],"articleSection":["Noticias de Empleo en Hosteler\u00eda y Turismo"],"inLanguage":"es","potentialAction":[{"@type":"CommentAction","name":"Comment","target":["https:\/\/hosteleo.com\/blog\/toque-de-queda-como-afecta-a-la-hosteleria-en-espana\/#respond"]}]},{"@type":"WebPage","@id":"https:\/\/hosteleo.com\/blog\/toque-de-queda-como-afecta-a-la-hosteleria-en-espana\/","url":"https:\/\/hosteleo.com\/blog\/toque-de-queda-como-afecta-a-la-hosteleria-en-espana\/","name":"Toque de queda, c\u00f3mo afecta a la hosteler\u00eda en Espa\u00f1a - Hosteleo.com","isPartOf":{"@id":"https:\/\/hosteleo.com\/blog\/#website"},"primaryImageOfPage":{"@id":"https:\/\/hosteleo.com\/blog\/toque-de-queda-como-afecta-a-la-hosteleria-en-espana\/#primaryimage"},"image":{"@id":"https:\/\/hosteleo.com\/blog\/toque-de-queda-como-afecta-a-la-hosteleria-en-espana\/#primaryimage"},"thumbnailUrl":"https:\/\/hosteleo.com\/blog\/wp-content\/uploads\/2020\/10\/tim-wilgus-sadqDfFqsoU-unsplash-scaled.jpg","datePublished":"2020-10-20T21:32:04+00:00","dateModified":"2020-10-20T21:35:20+00:00","description":"Toque de queda, c\u00f3mo afecta a la hosteler\u00eda en Espa\u00f1a. La crisis del Covid-19 sigue imparable, llega la segunda ola antes de lo previsto.","breadcrumb":{"@id":"https:\/\/hosteleo.com\/blog\/toque-de-queda-como-afecta-a-la-hosteleria-en-espana\/#breadcrumb"},"inLanguage":"es","potentialAction":[{"@type":"ReadAction","target":["https:\/\/hosteleo.com\/blog\/toque-de-queda-como-afecta-a-la-hosteleria-en-espana\/"]}]},{"@type":"ImageObject","inLanguage":"es","@id":"https:\/\/hosteleo.com\/blog\/toque-de-queda-como-afecta-a-la-hosteleria-en-espana\/#primaryimage","url":"https:\/\/hosteleo.com\/blog\/wp-content\/uploads\/2020\/10\/tim-wilgus-sadqDfFqsoU-unsplash-scaled.jpg","contentUrl":"https:\/\/hosteleo.com\/blog\/wp-content\/uploads\/2020\/10\/tim-wilgus-sadqDfFqsoU-unsplash-scaled.jpg","width":2560,"height":1707,"caption":"Toque de queda, c\u00f3mo afecta a la hosteler\u00eda en Espa\u00f1a"},{"@type":"BreadcrumbList","@id":"https:\/\/hosteleo.com\/blog\/toque-de-queda-como-afecta-a-la-hosteleria-en-espana\/#breadcrumb","itemListElement":[{"@type":"ListItem","position":1,"name":"Home","item":"https:\/\/hosteleo.com\/blog\/"},{"@type":"ListItem","position":2,"name":"Toque de queda, c\u00f3mo afecta a la hosteler\u00eda en Espa\u00f1a"}]},{"@type":"WebSite","@id":"https:\/\/hosteleo.com\/blog\/#website","url":"https:\/\/hosteleo.com\/blog\/","name":"Blog de Empleo en Hosteler\u00eda y Turismo - Hosteleo","description":"Tu blog de Empleo en Hosteler\u00eda y Turismo","publisher":{"@id":"https:\/\/hosteleo.com\/blog\/#organization"},"potentialAction":[{"@type":"SearchAction","target":{"@type":"EntryPoint","urlTemplate":"https:\/\/hosteleo.com\/blog\/?s={search_term_string}"},"query-input":{"@type":"PropertyValueSpecification","valueRequired":true,"valueName":"search_term_string"}}],"inLanguage":"es"},{"@type":"Organization","@id":"https:\/\/hosteleo.com\/blog\/#organization","name":"Hosteleo","url":"https:\/\/hosteleo.com\/blog\/","logo":{"@type":"ImageObject","inLanguage":"es","@id":"https:\/\/hosteleo.com\/blog\/#\/schema\/logo\/image\/","url":"https:\/\/hosteleo.wizzie.dev\/blog\/wp-content\/uploads\/2020\/05\/logo-hosteleo.png","contentUrl":"https:\/\/hosteleo.wizzie.dev\/blog\/wp-content\/uploads\/2020\/05\/logo-hosteleo.png","width":475,"height":76,"caption":"Hosteleo"},"image":{"@id":"https:\/\/hosteleo.com\/blog\/#\/schema\/logo\/image\/"},"sameAs":["https:\/\/www.facebook.com\/hosteleo","https:\/\/x.com\/hosteleo","https:\/\/www.instagram.com\/hosteleo\/","https:\/\/es.linkedin.com\/company\/hosteleo-com"]},{"@type":"Person","@id":"https:\/\/hosteleo.com\/blog\/#\/schema\/person\/eef8bb67e661dbf50088c7f37406a84b","name":"Luis P\u00e9rez","image":{"@type":"ImageObject","inLanguage":"es","@id":"https:\/\/secure.gravatar.com\/avatar\/3949b0f4521059dd33be21948b1d539ec03a1b1069b5df3ea7e3f43d4a8b2d4d?s=96&d=mm&r=g","url":"https:\/\/secure.gravatar.com\/avatar\/3949b0f4521059dd33be21948b1d539ec03a1b1069b5df3ea7e3f43d4a8b2d4d?s=96&d=mm&r=g","contentUrl":"https:\/\/secure.gravatar.com\/avatar\/3949b0f4521059dd33be21948b1d539ec03a1b1069b5df3ea7e3f43d4a8b2d4d?s=96&d=mm&r=g","caption":"Luis P\u00e9rez"},"url":"https:\/\/hosteleo.com\/blog\/author\/davidbglinkers-es\/"}]}},"amp_enabled":true,"_links":{"self":[{"href":"https:\/\/hosteleo.com\/blog\/wp-json\/wp\/v2\/posts\/4044","targetHints":{"allow":["GET"]}}],"collection":[{"href":"https:\/\/hosteleo.com\/blog\/wp-json\/wp\/v2\/posts"}],"about":[{"href":"https:\/\/hosteleo.com\/blog\/wp-json\/wp\/v2\/types\/post"}],"author":[{"embeddable":true,"href":"https:\/\/hosteleo.com\/blog\/wp-json\/wp\/v2\/users\/2"}],"replies":[{"embeddable":true,"href":"https:\/\/hosteleo.com\/blog\/wp-json\/wp\/v2\/comments?post=4044"}],"version-history":[{"count":12,"href":"https:\/\/hosteleo.com\/blog\/wp-json\/wp\/v2\/posts\/4044\/revisions"}],"predecessor-version":[{"id":4061,"href":"https:\/\/hosteleo.com\/blog\/wp-json\/wp\/v2\/posts\/4044\/revisions\/4061"}],"wp:featuredmedia":[{"embeddable":true,"href":"https:\/\/hosteleo.com\/blog\/wp-json\/wp\/v2\/media\/4051"}],"wp:attachment":[{"href":"https:\/\/hosteleo.com\/blog\/wp-json\/wp\/v2\/media?parent=4044"}],"wp:term":[{"taxonomy":"category","embeddable":true,"href":"https:\/\/hosteleo.com\/blog\/wp-json\/wp\/v2\/categories?post=4044"},{"taxonomy":"post_tag","embeddable":true,"href":"https:\/\/hosteleo.com\/blog\/wp-json\/wp\/v2\/tags?post=4044"}],"curies":[{"name":"wp","href":"https:\/\/api.w.org\/{rel}","templated":true}]}}