{"id":4102,"date":"2020-10-25T10:23:44","date_gmt":"2020-10-25T10:23:44","guid":{"rendered":"https:\/\/hosteleo.com\/blog\/?p=4102"},"modified":"2020-10-25T10:26:52","modified_gmt":"2020-10-25T10:26:52","slug":"el-libro-azul-de-la-hosteleria-espanola","status":"publish","type":"post","link":"https:\/\/hosteleo.com\/blog\/el-libro-azul-de-la-hosteleria-espanola\/","title":{"rendered":"El libro azul de la Hosteler\u00eda espa\u00f1ola"},"content":{"rendered":"\n<p><strong><a href=\"http:\/\/www.hosteleo.com\">Hosteleo<\/a><\/strong> y <strong><a href=\"http:\/\/www.linkers.es\">Linkers<\/a><\/strong>, junto con el <strong><a href=\"http:\/\/worldgastronomy.org\">World Gastronomy Institute<\/a><\/strong> (WGI) y <strong><a href=\"http:\/\/www.amerc.es\">AMER<\/a><\/strong> (Asociaci\u00f3n Madrile\u00f1a de Empresarios de Hosteler\u00eda) lanzan la Convocatoria de Participaci\u00f3n en la iniciativa <strong>El libro azul de la Hosteler\u00eda<\/strong>. <\/p>\n\n\n\n<p>Un informe sectorial sobre <strong>la Hosteler\u00eda Espa\u00f1ola<\/strong>, cuyo elemento diferencial es que va a contener testimonios de los propios hosteleros, contando de primera mano sus casos y experiencias durante este inusual a\u00f1o 2020.<\/p>\n\n\n\n<p><strong>\u00abEl libro azul de la Hosteler\u00eda<\/strong>\u00bb es una obra colaborativa con edici\u00f3n online e impresi\u00f3n en papel (bajo demanda, con la editorial Bubok).<\/p>\n\n\n\n<figure class=\"wp-block-image size-large\"><img loading=\"lazy\" decoding=\"async\" width=\"724\" height=\"1024\" src=\"https:\/\/hosteleo.com\/blog\/wp-content\/uploads\/2020\/10\/PORTADA-libro-azul-1-724x1024.jpeg\" alt=\"\" class=\"wp-image-4108\" srcset=\"https:\/\/hosteleo.com\/blog\/wp-content\/uploads\/2020\/10\/PORTADA-libro-azul-1-724x1024.jpeg 724w, https:\/\/hosteleo.com\/blog\/wp-content\/uploads\/2020\/10\/PORTADA-libro-azul-1-212x300.jpeg 212w, https:\/\/hosteleo.com\/blog\/wp-content\/uploads\/2020\/10\/PORTADA-libro-azul-1-768x1086.jpeg 768w, https:\/\/hosteleo.com\/blog\/wp-content\/uploads\/2020\/10\/PORTADA-libro-azul-1-810x1146.jpeg 810w, https:\/\/hosteleo.com\/blog\/wp-content\/uploads\/2020\/10\/PORTADA-libro-azul-1.jpeg 905w\" sizes=\"auto, (max-width: 724px) 100vw, 724px\" \/><figcaption>El libro azul de la hosteler\u00eda espa\u00f1ola<\/figcaption><\/figure>\n\n\n\n<h2 class=\"wp-block-heading\">Co-edici\u00f3n de Hosteleo y Linkers en El libro azul de la Hosteler\u00eda<\/h2>\n\n\n\n<p>El libro <strong>est\u00e1 co-editado por el WGI, AMER y Linkers Hosteleo<\/strong>. El World Gastronomy Institute ha puesto en marcha esta iniciativa y se encarga de la Organizaci\u00f3n y Desarrrollo T\u00e9cnico, AMER coordina la participaci\u00f3n del sector hostelero y del contacto con las diferentes Asociaciones Provinciales que hay en Espa\u00f1a y<strong> Linkers-Hosteleo ha asumido la elaboraci\u00f3n y recopilaci\u00f3n de art\u00edculos t\u00e9cnicos y datos documentales<\/strong>.<\/p>\n\n\n\n<p>Para <strong><a href=\"http:\/\/linkedin.com\/in\/angela-marianela-olivares-pulicci-1b409829\">Marianela Olivares<\/a><\/strong>, <strong><a href=\"http:\/\/www.linkers.es\">directora general de Linkers<\/a><\/strong>:<\/p>\n\n\n\n<blockquote class=\"wp-block-quote is-layout-flow wp-block-quote-is-layout-flow\"><p>\u201cser co-editores de esta obra, y poder mostrar la capacidad t\u00e9cnica y de conocimiento de los especialistas que trabajan en el sector de la hosteler\u00eda espa\u00f1ola. Es un orgullo para nuestra consultora, y sin duda un reto apasionante que vamos a abordar\u201d.<\/p><\/blockquote>\n\n\n\n<p>Seg\u00fan <strong><a href=\"http:\/\/linkedin.com\/in\/davidbasiliogomez\">David Basilio<\/a><\/strong>, director general del portal de empleo<strong><a href=\"http:\/\/www.hosteleo.com\"> Hosteleo<\/a><\/strong>, <\/p>\n\n\n\n<blockquote class=\"wp-block-quote is-layout-flow wp-block-quote-is-layout-flow\"><p>\u201cel momento que vive nuestra hosteler\u00eda es cr\u00edtico y demanda la puesta en valor de todo nuestro potencial como sector pa\u00eds. Para ayudar a todos esas empresas y empresarios que est\u00e1n luchando por la supervivencia de sus negocios. <\/p><p>Y que mejor que de la mano de compa\u00f1eros y colegas de profesi\u00f3n, que ofrecen su visi\u00f3n y la manera de afrontar estas dificultades\u201d.<\/p><\/blockquote>\n\n\n\n<p>A trav\u00e9s de los art\u00edculos de los profesionales de la hosteler\u00eda<strong> El libro azul de la Hosteler\u00eda <\/strong>ofrecer\u00e1 <strong>una vision global del sector<\/strong>. Tanto en sus aspectos formales como en su parte m\u00e1s humana. Ya que los art\u00edculos testimonials contar\u00e1n casos muy variados. <strong>Desde quienes han tenido que transformar su negocio a aquellos que no han podido superar la crisis sanitaria y econ\u00f3mica que vivimos<\/strong>.<\/p>\n\n\n\n<figure class=\"wp-block-image size-large\"><img loading=\"lazy\" decoding=\"async\" width=\"1024\" height=\"683\" src=\"https:\/\/hosteleo.com\/blog\/wp-content\/uploads\/2020\/10\/drew-beamer-uVqyiiauv6Q-unsplash-1024x683.jpg\" alt=\"\" class=\"wp-image-4109\" srcset=\"https:\/\/hosteleo.com\/blog\/wp-content\/uploads\/2020\/10\/drew-beamer-uVqyiiauv6Q-unsplash-1024x683.jpg 1024w, https:\/\/hosteleo.com\/blog\/wp-content\/uploads\/2020\/10\/drew-beamer-uVqyiiauv6Q-unsplash-300x200.jpg 300w, https:\/\/hosteleo.com\/blog\/wp-content\/uploads\/2020\/10\/drew-beamer-uVqyiiauv6Q-unsplash-768x512.jpg 768w, https:\/\/hosteleo.com\/blog\/wp-content\/uploads\/2020\/10\/drew-beamer-uVqyiiauv6Q-unsplash-1536x1024.jpg 1536w, https:\/\/hosteleo.com\/blog\/wp-content\/uploads\/2020\/10\/drew-beamer-uVqyiiauv6Q-unsplash-2048x1365.jpg 2048w, https:\/\/hosteleo.com\/blog\/wp-content\/uploads\/2020\/10\/drew-beamer-uVqyiiauv6Q-unsplash-810x540.jpg 810w, https:\/\/hosteleo.com\/blog\/wp-content\/uploads\/2020\/10\/drew-beamer-uVqyiiauv6Q-unsplash-1140x760.jpg 1140w\" sizes=\"auto, (max-width: 1024px) 100vw, 1024px\" \/><\/figure>\n\n\n\n<h2 class=\"wp-block-heading\">Abierta convocatoria para colaboradores de El libro azul de la Hosteler\u00eda<\/h2>\n\n\n\n<p>Queda <strong>abierta la convocatoria para colaborar con el libro<\/strong>, contribuyendo con art\u00edculos tanto t\u00e9cnicos como testimoniales. <\/p>\n\n\n\n<p>La documentaci\u00f3n preparada a tal efecto consiste en un<strong> Kit de Autor con las instrucciones sobre c\u00f3mo elaborar y enviar los art\u00edculos<\/strong>. En el que se explica integramente qu\u00e9 es y en qu\u00e9 consiste el libro. As\u00ed c\u00f3mo un Formulario de Autor, que los candidatos a colaborar tienen que rellenar y enviar adjunto a su art\u00edculo. <strong>En el Kit de Autor se pueden encontrar la definici\u00f3n del libro y de los temas a tratar.<\/strong><\/p>\n\n\n\n<p>Por el momento <strong>se han sumado ya varias Asociaciones de Hosteler\u00eda<\/strong>. Cuyos art\u00edculos se ir\u00e1n incorporando a medida que se vayan formalizando las colaboraciones y asimismo se ha acordado ya <strong>su participaci\u00f3n con relevantes dirigentes del entorno de la Gastronom\u00eda<\/strong>, que aportar\u00e1n sus pr\u00f3logos a la edici\u00f3n.<\/p>\n\n\n\n<p>Tambi\u00e9n se ha preparado <strong>un Kit para Patrocinadores y Anunciantes y un Formulario de Inserci\u00f3n.<\/strong> La colaboraci\u00f3n de las marcas en esta obra es imprescindible para poder acometer los costes que conlleva. Para estas marcas, su apoyo al sector quedar\u00e1 patente y tendr\u00e1n un gran retorno en proyecci\u00f3n de imagen p\u00fablica y en conocimiento de su marca.<\/p>\n\n\n\n<p>Es destacable anotar que, antes incluso de esta presentaci\u00f3n p\u00fablica, <strong>el proyecto ha tenido ya solicitudes de cooperaci\u00f3n para elaborar un Informe Sectorial en otros pa\u00edses en Europa, Asia y Am\u00e9rica Latina<\/strong>.<\/p>\n\n\n\n<h2 class=\"wp-block-heading\">M\u00e1s informaci\u00f3n sobre formaci\u00f3n y ayuda en hosteler\u00eda <\/h2>\n\n\n\n<ul class=\"wp-block-list\"><li><strong><a href=\"https:\/\/hosteleo.com\/blog\/consultoria-en-hosteleria-la-herramienta-de-mejora-de-mi-negocio\/\">Consultor\u00eda en hosteler\u00eda para mejorar mi negocio<\/a><\/strong><\/li><li><strong><a href=\"https:\/\/hosteleo.com\/blog\/asesoria-en-hosteleria-para-el-exito-de-mi-proyecto\/\">Asesor\u00eda en hosteler\u00eda para mi negocio de hosteler\u00eda<\/a><\/strong><\/li><li><strong><a href=\"https:\/\/hosteleo.com\/blog\/el-world-gastronomy-institute-lanza-el-primer-global-report-sobre-gastronomia\/\">Hosteleo colabora en el Global Report 2020 del WGI<\/a><\/strong><\/li><li><strong><a href=\"https:\/\/hosteleo.com\/blog\/diccionario-de-gastronomia-en-espanol-de-linkers-y-hosteleo\/\">Linkers y Hosteleo presentan el primer diccionario de gastronom\u00eda de habla hispana<\/a><\/strong><\/li><li><strong><a href=\"https:\/\/hosteleo.com\/blog\/linkers-y-hosteleo-apuestan-por-la-formacion-en-hosteleria\/\">Linkers y Hosteleo apuestan por la formaci\u00f3n en Hosteler\u00eda<\/a><\/strong> <\/li><li><a href=\"https:\/\/hosteleo.com\/blog\/personal-de-hosteleria-las-claves-para-encontrarlo\/\"><strong>Personal de hosteler\u00eda, como encontrarlo<\/strong><\/a><\/li><li><strong><a href=\"https:\/\/hosteleo.com\/blog\/la-seleccion-de-personal-en-hosteleria-en-la-restauracion-actual\/\">Selecci\u00f3n de personal en hosteler\u00eda en la restauraci\u00f3n actual<\/a><\/strong><\/li><\/ul>\n","protected":false},"excerpt":{"rendered":"<p>Hosteleo y Linkers, junto con el World Gastronomy Institute (WGI) y AMER (Asociaci\u00f3n Madrile\u00f1a de Empresarios de Hosteler\u00eda) lanzan la Convocatoria de Participaci\u00f3n en la iniciativa El libro azul de la Hosteler\u00eda. Un informe sectorial sobre la Hosteler\u00eda Espa\u00f1ola, cuyo elemento diferencial es que va a contener testimonios de los propios hosteleros, contando de primera [&hellip;]<\/p>\n","protected":false},"author":6,"featured_media":4111,"comment_status":"open","ping_status":"open","sticky":false,"template":"","format":"standard","meta":{"_exactmetrics_skip_tracking":false,"_exactmetrics_sitenote_active":false,"_exactmetrics_sitenote_note":"","_exactmetrics_sitenote_category":0,"footnotes":""},"categories":[41],"tags":[130,324,568],"class_list":["post-4102","post","type-post","status-publish","format-standard","has-post-thumbnail","hentry","category-noticias-empleo-hosteleria-turismo","tag-hosteleria-2","tag-hosteleria-espanola","tag-libro-azul-hosteleria"],"yoast_head":"<!-- This site is optimized with the Yoast SEO plugin v27.5 - https:\/\/yoast.com\/product\/yoast-seo-wordpress\/ -->\n<title>El libro azul de la Hosteler\u00eda espa\u00f1ola - Hosteleo.com<\/title>\n<meta name=\"description\" content=\"El libro azul de la Hosteler\u00eda espa\u00f1ola. Hosteleo y Linkers co-editan esta obra de an\u00e1lisis de la hosteler\u00eda espa\u00f1ola\" \/>\n<meta name=\"robots\" content=\"index, follow, max-snippet:-1, max-image-preview:large, max-video-preview:-1\" \/>\n<link rel=\"canonical\" href=\"https:\/\/hosteleo.com\/blog\/el-libro-azul-de-la-hosteleria-espanola\/\" \/>\n<meta property=\"og:locale\" content=\"es_ES\" \/>\n<meta property=\"og:type\" content=\"article\" \/>\n<meta property=\"og:title\" content=\"El libro azul de la Hosteler\u00eda espa\u00f1ola - Hosteleo.com\" \/>\n<meta property=\"og:description\" content=\"El libro azul de la Hosteler\u00eda espa\u00f1ola. Hosteleo y Linkers co-editan esta obra de an\u00e1lisis de la hosteler\u00eda espa\u00f1ola\" \/>\n<meta property=\"og:url\" content=\"https:\/\/hosteleo.com\/blog\/el-libro-azul-de-la-hosteleria-espanola\/\" \/>\n<meta property=\"og:site_name\" content=\"Blog de Empleo en Hosteler\u00eda y Turismo - Hosteleo\" \/>\n<meta property=\"article:publisher\" content=\"https:\/\/www.facebook.com\/hosteleo\" \/>\n<meta property=\"article:published_time\" content=\"2020-10-25T10:23:44+00:00\" \/>\n<meta property=\"article:modified_time\" content=\"2020-10-25T10:26:52+00:00\" \/>\n<meta property=\"og:image\" content=\"https:\/\/hosteleo.com\/blog\/wp-content\/uploads\/2020\/10\/laurenz-kleinheider-U-47-qrLpC8-unsplash-scaled.jpg\" \/>\n\t<meta property=\"og:image:width\" content=\"2560\" \/>\n\t<meta property=\"og:image:height\" content=\"1707\" \/>\n\t<meta property=\"og:image:type\" content=\"image\/jpeg\" \/>\n<meta name=\"author\" content=\"Eledina Gomez\" \/>\n<meta name=\"twitter:card\" content=\"summary_large_image\" \/>\n<meta name=\"twitter:creator\" content=\"@hosteleo\" \/>\n<meta name=\"twitter:site\" content=\"@hosteleo\" \/>\n<meta name=\"twitter:label1\" content=\"Escrito por\" \/>\n\t<meta name=\"twitter:data1\" content=\"Eledina Gomez\" \/>\n\t<meta name=\"twitter:label2\" content=\"Tiempo de lectura\" \/>\n\t<meta name=\"twitter:data2\" content=\"4 minutos\" \/>\n<script type=\"application\/ld+json\" class=\"yoast-schema-graph\">{\"@context\":\"https:\\\/\\\/schema.org\",\"@graph\":[{\"@type\":\"Article\",\"@id\":\"https:\\\/\\\/hosteleo.com\\\/blog\\\/el-libro-azul-de-la-hosteleria-espanola\\\/#article\",\"isPartOf\":{\"@id\":\"https:\\\/\\\/hosteleo.com\\\/blog\\\/el-libro-azul-de-la-hosteleria-espanola\\\/\"},\"author\":{\"name\":\"Eledina Gomez\",\"@id\":\"https:\\\/\\\/hosteleo.com\\\/blog\\\/#\\\/schema\\\/person\\\/600fb15e2a2e68e9ee55bce0d59642fe\"},\"headline\":\"El libro azul de la Hosteler\u00eda espa\u00f1ola\",\"datePublished\":\"2020-10-25T10:23:44+00:00\",\"dateModified\":\"2020-10-25T10:26:52+00:00\",\"mainEntityOfPage\":{\"@id\":\"https:\\\/\\\/hosteleo.com\\\/blog\\\/el-libro-azul-de-la-hosteleria-espanola\\\/\"},\"wordCount\":753,\"commentCount\":3,\"publisher\":{\"@id\":\"https:\\\/\\\/hosteleo.com\\\/blog\\\/#organization\"},\"image\":{\"@id\":\"https:\\\/\\\/hosteleo.com\\\/blog\\\/el-libro-azul-de-la-hosteleria-espanola\\\/#primaryimage\"},\"thumbnailUrl\":\"https:\\\/\\\/hosteleo.com\\\/blog\\\/wp-content\\\/uploads\\\/2020\\\/10\\\/laurenz-kleinheider-U-47-qrLpC8-unsplash-scaled.jpg\",\"keywords\":[\"hosteleria\",\"hosteler\u00eda espa\u00f1ola\",\"libro azul hosteler\u00eda\"],\"articleSection\":[\"Noticias de Empleo en Hosteler\u00eda y Turismo\"],\"inLanguage\":\"es\",\"potentialAction\":[{\"@type\":\"CommentAction\",\"name\":\"Comment\",\"target\":[\"https:\\\/\\\/hosteleo.com\\\/blog\\\/el-libro-azul-de-la-hosteleria-espanola\\\/#respond\"]}]},{\"@type\":\"WebPage\",\"@id\":\"https:\\\/\\\/hosteleo.com\\\/blog\\\/el-libro-azul-de-la-hosteleria-espanola\\\/\",\"url\":\"https:\\\/\\\/hosteleo.com\\\/blog\\\/el-libro-azul-de-la-hosteleria-espanola\\\/\",\"name\":\"El libro azul de la Hosteler\u00eda espa\u00f1ola - Hosteleo.com\",\"isPartOf\":{\"@id\":\"https:\\\/\\\/hosteleo.com\\\/blog\\\/#website\"},\"primaryImageOfPage\":{\"@id\":\"https:\\\/\\\/hosteleo.com\\\/blog\\\/el-libro-azul-de-la-hosteleria-espanola\\\/#primaryimage\"},\"image\":{\"@id\":\"https:\\\/\\\/hosteleo.com\\\/blog\\\/el-libro-azul-de-la-hosteleria-espanola\\\/#primaryimage\"},\"thumbnailUrl\":\"https:\\\/\\\/hosteleo.com\\\/blog\\\/wp-content\\\/uploads\\\/2020\\\/10\\\/laurenz-kleinheider-U-47-qrLpC8-unsplash-scaled.jpg\",\"datePublished\":\"2020-10-25T10:23:44+00:00\",\"dateModified\":\"2020-10-25T10:26:52+00:00\",\"description\":\"El libro azul de la Hosteler\u00eda espa\u00f1ola. Hosteleo y Linkers co-editan esta obra de an\u00e1lisis de la hosteler\u00eda espa\u00f1ola\",\"breadcrumb\":{\"@id\":\"https:\\\/\\\/hosteleo.com\\\/blog\\\/el-libro-azul-de-la-hosteleria-espanola\\\/#breadcrumb\"},\"inLanguage\":\"es\",\"potentialAction\":[{\"@type\":\"ReadAction\",\"target\":[\"https:\\\/\\\/hosteleo.com\\\/blog\\\/el-libro-azul-de-la-hosteleria-espanola\\\/\"]}]},{\"@type\":\"ImageObject\",\"inLanguage\":\"es\",\"@id\":\"https:\\\/\\\/hosteleo.com\\\/blog\\\/el-libro-azul-de-la-hosteleria-espanola\\\/#primaryimage\",\"url\":\"https:\\\/\\\/hosteleo.com\\\/blog\\\/wp-content\\\/uploads\\\/2020\\\/10\\\/laurenz-kleinheider-U-47-qrLpC8-unsplash-scaled.jpg\",\"contentUrl\":\"https:\\\/\\\/hosteleo.com\\\/blog\\\/wp-content\\\/uploads\\\/2020\\\/10\\\/laurenz-kleinheider-U-47-qrLpC8-unsplash-scaled.jpg\",\"width\":2560,\"height\":1707,\"caption\":\"El libro azul de la hosteler\u00eda espa\u00f1ola\"},{\"@type\":\"BreadcrumbList\",\"@id\":\"https:\\\/\\\/hosteleo.com\\\/blog\\\/el-libro-azul-de-la-hosteleria-espanola\\\/#breadcrumb\",\"itemListElement\":[{\"@type\":\"ListItem\",\"position\":1,\"name\":\"Home\",\"item\":\"https:\\\/\\\/hosteleo.com\\\/blog\\\/\"},{\"@type\":\"ListItem\",\"position\":2,\"name\":\"El libro azul de la Hosteler\u00eda espa\u00f1ola\"}]},{\"@type\":\"WebSite\",\"@id\":\"https:\\\/\\\/hosteleo.com\\\/blog\\\/#website\",\"url\":\"https:\\\/\\\/hosteleo.com\\\/blog\\\/\",\"name\":\"Blog de Empleo en Hosteler\u00eda y Turismo - Hosteleo\",\"description\":\"Tu blog de Empleo en Hosteler\u00eda y Turismo\",\"publisher\":{\"@id\":\"https:\\\/\\\/hosteleo.com\\\/blog\\\/#organization\"},\"potentialAction\":[{\"@type\":\"SearchAction\",\"target\":{\"@type\":\"EntryPoint\",\"urlTemplate\":\"https:\\\/\\\/hosteleo.com\\\/blog\\\/?s={search_term_string}\"},\"query-input\":{\"@type\":\"PropertyValueSpecification\",\"valueRequired\":true,\"valueName\":\"search_term_string\"}}],\"inLanguage\":\"es\"},{\"@type\":\"Organization\",\"@id\":\"https:\\\/\\\/hosteleo.com\\\/blog\\\/#organization\",\"name\":\"Hosteleo\",\"url\":\"https:\\\/\\\/hosteleo.com\\\/blog\\\/\",\"logo\":{\"@type\":\"ImageObject\",\"inLanguage\":\"es\",\"@id\":\"https:\\\/\\\/hosteleo.com\\\/blog\\\/#\\\/schema\\\/logo\\\/image\\\/\",\"url\":\"https:\\\/\\\/hosteleo.wizzie.dev\\\/blog\\\/wp-content\\\/uploads\\\/2020\\\/05\\\/logo-hosteleo.png\",\"contentUrl\":\"https:\\\/\\\/hosteleo.wizzie.dev\\\/blog\\\/wp-content\\\/uploads\\\/2020\\\/05\\\/logo-hosteleo.png\",\"width\":475,\"height\":76,\"caption\":\"Hosteleo\"},\"image\":{\"@id\":\"https:\\\/\\\/hosteleo.com\\\/blog\\\/#\\\/schema\\\/logo\\\/image\\\/\"},\"sameAs\":[\"https:\\\/\\\/www.facebook.com\\\/hosteleo\",\"https:\\\/\\\/x.com\\\/hosteleo\",\"https:\\\/\\\/www.instagram.com\\\/hosteleo\\\/\",\"https:\\\/\\\/es.linkedin.com\\\/company\\\/hosteleo-com\"]},{\"@type\":\"Person\",\"@id\":\"https:\\\/\\\/hosteleo.com\\\/blog\\\/#\\\/schema\\\/person\\\/600fb15e2a2e68e9ee55bce0d59642fe\",\"name\":\"Eledina Gomez\",\"image\":{\"@type\":\"ImageObject\",\"inLanguage\":\"es\",\"@id\":\"https:\\\/\\\/secure.gravatar.com\\\/avatar\\\/50ec64e442282d69aff262ccc4c71977d059729c85579ba8dbf52c74ba9e991a?s=96&d=mm&r=g\",\"url\":\"https:\\\/\\\/secure.gravatar.com\\\/avatar\\\/50ec64e442282d69aff262ccc4c71977d059729c85579ba8dbf52c74ba9e991a?s=96&d=mm&r=g\",\"contentUrl\":\"https:\\\/\\\/secure.gravatar.com\\\/avatar\\\/50ec64e442282d69aff262ccc4c71977d059729c85579ba8dbf52c74ba9e991a?s=96&d=mm&r=g\",\"caption\":\"Eledina Gomez\"},\"url\":\"https:\\\/\\\/hosteleo.com\\\/blog\\\/author\\\/eledina-gomez\\\/\"}]}<\/script>\n<!-- \/ Yoast SEO plugin. -->","yoast_head_json":{"title":"El libro azul de la Hosteler\u00eda espa\u00f1ola - Hosteleo.com","description":"El libro azul de la Hosteler\u00eda espa\u00f1ola. Hosteleo y Linkers co-editan esta obra de an\u00e1lisis de la hosteler\u00eda espa\u00f1ola","robots":{"index":"index","follow":"follow","max-snippet":"max-snippet:-1","max-image-preview":"max-image-preview:large","max-video-preview":"max-video-preview:-1"},"canonical":"https:\/\/hosteleo.com\/blog\/el-libro-azul-de-la-hosteleria-espanola\/","og_locale":"es_ES","og_type":"article","og_title":"El libro azul de la Hosteler\u00eda espa\u00f1ola - Hosteleo.com","og_description":"El libro azul de la Hosteler\u00eda espa\u00f1ola. Hosteleo y Linkers co-editan esta obra de an\u00e1lisis de la hosteler\u00eda espa\u00f1ola","og_url":"https:\/\/hosteleo.com\/blog\/el-libro-azul-de-la-hosteleria-espanola\/","og_site_name":"Blog de Empleo en Hosteler\u00eda y Turismo - Hosteleo","article_publisher":"https:\/\/www.facebook.com\/hosteleo","article_published_time":"2020-10-25T10:23:44+00:00","article_modified_time":"2020-10-25T10:26:52+00:00","og_image":[{"width":2560,"height":1707,"url":"https:\/\/hosteleo.com\/blog\/wp-content\/uploads\/2020\/10\/laurenz-kleinheider-U-47-qrLpC8-unsplash-scaled.jpg","type":"image\/jpeg"}],"author":"Eledina Gomez","twitter_card":"summary_large_image","twitter_creator":"@hosteleo","twitter_site":"@hosteleo","twitter_misc":{"Escrito por":"Eledina Gomez","Tiempo de lectura":"4 minutos"},"schema":{"@context":"https:\/\/schema.org","@graph":[{"@type":"Article","@id":"https:\/\/hosteleo.com\/blog\/el-libro-azul-de-la-hosteleria-espanola\/#article","isPartOf":{"@id":"https:\/\/hosteleo.com\/blog\/el-libro-azul-de-la-hosteleria-espanola\/"},"author":{"name":"Eledina Gomez","@id":"https:\/\/hosteleo.com\/blog\/#\/schema\/person\/600fb15e2a2e68e9ee55bce0d59642fe"},"headline":"El libro azul de la Hosteler\u00eda espa\u00f1ola","datePublished":"2020-10-25T10:23:44+00:00","dateModified":"2020-10-25T10:26:52+00:00","mainEntityOfPage":{"@id":"https:\/\/hosteleo.com\/blog\/el-libro-azul-de-la-hosteleria-espanola\/"},"wordCount":753,"commentCount":3,"publisher":{"@id":"https:\/\/hosteleo.com\/blog\/#organization"},"image":{"@id":"https:\/\/hosteleo.com\/blog\/el-libro-azul-de-la-hosteleria-espanola\/#primaryimage"},"thumbnailUrl":"https:\/\/hosteleo.com\/blog\/wp-content\/uploads\/2020\/10\/laurenz-kleinheider-U-47-qrLpC8-unsplash-scaled.jpg","keywords":["hosteleria","hosteler\u00eda espa\u00f1ola","libro azul hosteler\u00eda"],"articleSection":["Noticias de Empleo en Hosteler\u00eda y Turismo"],"inLanguage":"es","potentialAction":[{"@type":"CommentAction","name":"Comment","target":["https:\/\/hosteleo.com\/blog\/el-libro-azul-de-la-hosteleria-espanola\/#respond"]}]},{"@type":"WebPage","@id":"https:\/\/hosteleo.com\/blog\/el-libro-azul-de-la-hosteleria-espanola\/","url":"https:\/\/hosteleo.com\/blog\/el-libro-azul-de-la-hosteleria-espanola\/","name":"El libro azul de la Hosteler\u00eda espa\u00f1ola - Hosteleo.com","isPartOf":{"@id":"https:\/\/hosteleo.com\/blog\/#website"},"primaryImageOfPage":{"@id":"https:\/\/hosteleo.com\/blog\/el-libro-azul-de-la-hosteleria-espanola\/#primaryimage"},"image":{"@id":"https:\/\/hosteleo.com\/blog\/el-libro-azul-de-la-hosteleria-espanola\/#primaryimage"},"thumbnailUrl":"https:\/\/hosteleo.com\/blog\/wp-content\/uploads\/2020\/10\/laurenz-kleinheider-U-47-qrLpC8-unsplash-scaled.jpg","datePublished":"2020-10-25T10:23:44+00:00","dateModified":"2020-10-25T10:26:52+00:00","description":"El libro azul de la Hosteler\u00eda espa\u00f1ola. Hosteleo y Linkers co-editan esta obra de an\u00e1lisis de la hosteler\u00eda espa\u00f1ola","breadcrumb":{"@id":"https:\/\/hosteleo.com\/blog\/el-libro-azul-de-la-hosteleria-espanola\/#breadcrumb"},"inLanguage":"es","potentialAction":[{"@type":"ReadAction","target":["https:\/\/hosteleo.com\/blog\/el-libro-azul-de-la-hosteleria-espanola\/"]}]},{"@type":"ImageObject","inLanguage":"es","@id":"https:\/\/hosteleo.com\/blog\/el-libro-azul-de-la-hosteleria-espanola\/#primaryimage","url":"https:\/\/hosteleo.com\/blog\/wp-content\/uploads\/2020\/10\/laurenz-kleinheider-U-47-qrLpC8-unsplash-scaled.jpg","contentUrl":"https:\/\/hosteleo.com\/blog\/wp-content\/uploads\/2020\/10\/laurenz-kleinheider-U-47-qrLpC8-unsplash-scaled.jpg","width":2560,"height":1707,"caption":"El libro azul de la hosteler\u00eda espa\u00f1ola"},{"@type":"BreadcrumbList","@id":"https:\/\/hosteleo.com\/blog\/el-libro-azul-de-la-hosteleria-espanola\/#breadcrumb","itemListElement":[{"@type":"ListItem","position":1,"name":"Home","item":"https:\/\/hosteleo.com\/blog\/"},{"@type":"ListItem","position":2,"name":"El libro azul de la Hosteler\u00eda espa\u00f1ola"}]},{"@type":"WebSite","@id":"https:\/\/hosteleo.com\/blog\/#website","url":"https:\/\/hosteleo.com\/blog\/","name":"Blog de Empleo en Hosteler\u00eda y Turismo - Hosteleo","description":"Tu blog de Empleo en Hosteler\u00eda y Turismo","publisher":{"@id":"https:\/\/hosteleo.com\/blog\/#organization"},"potentialAction":[{"@type":"SearchAction","target":{"@type":"EntryPoint","urlTemplate":"https:\/\/hosteleo.com\/blog\/?s={search_term_string}"},"query-input":{"@type":"PropertyValueSpecification","valueRequired":true,"valueName":"search_term_string"}}],"inLanguage":"es"},{"@type":"Organization","@id":"https:\/\/hosteleo.com\/blog\/#organization","name":"Hosteleo","url":"https:\/\/hosteleo.com\/blog\/","logo":{"@type":"ImageObject","inLanguage":"es","@id":"https:\/\/hosteleo.com\/blog\/#\/schema\/logo\/image\/","url":"https:\/\/hosteleo.wizzie.dev\/blog\/wp-content\/uploads\/2020\/05\/logo-hosteleo.png","contentUrl":"https:\/\/hosteleo.wizzie.dev\/blog\/wp-content\/uploads\/2020\/05\/logo-hosteleo.png","width":475,"height":76,"caption":"Hosteleo"},"image":{"@id":"https:\/\/hosteleo.com\/blog\/#\/schema\/logo\/image\/"},"sameAs":["https:\/\/www.facebook.com\/hosteleo","https:\/\/x.com\/hosteleo","https:\/\/www.instagram.com\/hosteleo\/","https:\/\/es.linkedin.com\/company\/hosteleo-com"]},{"@type":"Person","@id":"https:\/\/hosteleo.com\/blog\/#\/schema\/person\/600fb15e2a2e68e9ee55bce0d59642fe","name":"Eledina Gomez","image":{"@type":"ImageObject","inLanguage":"es","@id":"https:\/\/secure.gravatar.com\/avatar\/50ec64e442282d69aff262ccc4c71977d059729c85579ba8dbf52c74ba9e991a?s=96&d=mm&r=g","url":"https:\/\/secure.gravatar.com\/avatar\/50ec64e442282d69aff262ccc4c71977d059729c85579ba8dbf52c74ba9e991a?s=96&d=mm&r=g","contentUrl":"https:\/\/secure.gravatar.com\/avatar\/50ec64e442282d69aff262ccc4c71977d059729c85579ba8dbf52c74ba9e991a?s=96&d=mm&r=g","caption":"Eledina Gomez"},"url":"https:\/\/hosteleo.com\/blog\/author\/eledina-gomez\/"}]}},"amp_enabled":true,"_links":{"self":[{"href":"https:\/\/hosteleo.com\/blog\/wp-json\/wp\/v2\/posts\/4102","targetHints":{"allow":["GET"]}}],"collection":[{"href":"https:\/\/hosteleo.com\/blog\/wp-json\/wp\/v2\/posts"}],"about":[{"href":"https:\/\/hosteleo.com\/blog\/wp-json\/wp\/v2\/types\/post"}],"author":[{"embeddable":true,"href":"https:\/\/hosteleo.com\/blog\/wp-json\/wp\/v2\/users\/6"}],"replies":[{"embeddable":true,"href":"https:\/\/hosteleo.com\/blog\/wp-json\/wp\/v2\/comments?post=4102"}],"version-history":[{"count":6,"href":"https:\/\/hosteleo.com\/blog\/wp-json\/wp\/v2\/posts\/4102\/revisions"}],"predecessor-version":[{"id":4113,"href":"https:\/\/hosteleo.com\/blog\/wp-json\/wp\/v2\/posts\/4102\/revisions\/4113"}],"wp:featuredmedia":[{"embeddable":true,"href":"https:\/\/hosteleo.com\/blog\/wp-json\/wp\/v2\/media\/4111"}],"wp:attachment":[{"href":"https:\/\/hosteleo.com\/blog\/wp-json\/wp\/v2\/media?parent=4102"}],"wp:term":[{"taxonomy":"category","embeddable":true,"href":"https:\/\/hosteleo.com\/blog\/wp-json\/wp\/v2\/categories?post=4102"},{"taxonomy":"post_tag","embeddable":true,"href":"https:\/\/hosteleo.com\/blog\/wp-json\/wp\/v2\/tags?post=4102"}],"curies":[{"name":"wp","href":"https:\/\/api.w.org\/{rel}","templated":true}]}}