{"id":4650,"date":"2020-12-18T13:43:53","date_gmt":"2020-12-18T13:43:53","guid":{"rendered":"https:\/\/hosteleo.com\/blog\/?p=4650"},"modified":"2020-12-18T14:32:13","modified_gmt":"2020-12-18T14:32:13","slug":"el-impago-del-sepe-en-diciembre-en-los-medios","status":"publish","type":"post","link":"https:\/\/hosteleo.com\/blog\/el-impago-del-sepe-en-diciembre-en-los-medios\/","title":{"rendered":"El impago del SEPE en Diciembre en los medios"},"content":{"rendered":"\n<p>Pasados ya <strong>mas de tres d\u00edas de los establecidos<\/strong> por la administraci\u00f3n para <strong>el abono mensual de la prestaci\u00f3n por desempleo a los trabajadores afectados por ERTE<\/strong>, no ha llegado el ingreso las cuentas corrientes de estas personas. Y el <strong><a href=\"https:\/\/www.sepe.es\/HomeSepe\">SEPE<\/a><\/strong> ya informa que <strong>este mes no llegar\u00e1 el ingreso a las m\u00e1s de 700.000 personas afectadas<\/strong>. Por eso hoy vamos a hablar de <strong>el impago del SEPE en Diciembre en los medios de comunicaci\u00f3n en Espa\u00f1a<\/strong>.<\/p>\n\n\n\n<h2 class=\"wp-block-heading\">\u00bfPor que los grandes medios de comunicaci\u00f3n no informan del impago de los ERTES en Diciembre?<\/h2>\n\n\n\n<p>Desde el inicio de la pandemia del Covid-19,<strong> todo lo relativo a la crisis sanitaria,  y la crisis social y econ\u00f3mica derivada, ha tenido gran cobertura medi\u00e1tica<\/strong>. Tanto lo que respecta <strong>a los n\u00fameros de fallecidos<\/strong>, con la pol\u00e9mica de sus n\u00fameros reales o no, <strong>o las medidas restrictivas de la movilidad<\/strong> , han gozado siempre de gran exposici\u00f3n comunicativa.<\/p>\n\n\n\n<p>Al <strong>igual que las presentaciones o anuncios de acciones de las administraciones<\/strong> para luchar contra la crisis sanitaria y econ\u00f3mica. Que tambi\u00e9n <strong>han tenido sus espacios de difusi\u00f3n e informaci\u00f3n en los medios<\/strong>.<\/p>\n\n\n\n<figure class=\"wp-block-image size-large\"><img loading=\"lazy\" decoding=\"async\" width=\"1024\" height=\"684\" src=\"https:\/\/hosteleo.com\/blog\/wp-content\/uploads\/2020\/12\/bank-phrom-Tzm3Oyu_6sk-unsplash-1024x684.jpg\" alt=\"El impago del SEPE en Diciembre en los medios\" class=\"wp-image-4731\" srcset=\"https:\/\/hosteleo.com\/blog\/wp-content\/uploads\/2020\/12\/bank-phrom-Tzm3Oyu_6sk-unsplash-1024x684.jpg 1024w, https:\/\/hosteleo.com\/blog\/wp-content\/uploads\/2020\/12\/bank-phrom-Tzm3Oyu_6sk-unsplash-300x200.jpg 300w, https:\/\/hosteleo.com\/blog\/wp-content\/uploads\/2020\/12\/bank-phrom-Tzm3Oyu_6sk-unsplash-768x513.jpg 768w, https:\/\/hosteleo.com\/blog\/wp-content\/uploads\/2020\/12\/bank-phrom-Tzm3Oyu_6sk-unsplash-1536x1025.jpg 1536w, https:\/\/hosteleo.com\/blog\/wp-content\/uploads\/2020\/12\/bank-phrom-Tzm3Oyu_6sk-unsplash-2048x1367.jpg 2048w, https:\/\/hosteleo.com\/blog\/wp-content\/uploads\/2020\/12\/bank-phrom-Tzm3Oyu_6sk-unsplash-810x541.jpg 810w, https:\/\/hosteleo.com\/blog\/wp-content\/uploads\/2020\/12\/bank-phrom-Tzm3Oyu_6sk-unsplash-1140x761.jpg 1140w\" sizes=\"auto, (max-width: 1024px) 100vw, 1024px\" \/><figcaption>El impago del SEPE en Diciembre en los medios<\/figcaption><\/figure>\n\n\n\n<p>Pero no acabamos de entender el por qu\u00e9 del<strong> silencio de los medios de comunicaci\u00f3n a los constantes retrasos en el pago de los ERTE por parte del SEPE<\/strong>, de manera reiterada y general, <strong>a los m\u00e1s de 700.000 trabajadores afectados por esta situaci\u00f3n.<\/strong><\/p>\n\n\n\n<p>Si bien la uni\u00f3n de los conceptos de navidad y la situaci\u00f3n de emergencia social que viven muchas personas vulnerables suele ser tema recurrente en estos d\u00edas para los medios de comunicaci\u00f3n, por ser fechas especiales. Llama poderosamente la atenci\u00f3n que <strong>no se trate en estos mismo medios el impago de la prestaci\u00f3n de ERTE a un numero de trabajadores tan grande y de manera generalizada<\/strong>.<\/p>\n\n\n\n<p>Que una situaci\u00f3n <strong>que afecta a m\u00e1s de 700.000 personas de nuestro pa\u00eds<\/strong>, y m\u00e1s en estas fechas <strong>no aparezca en prensa escrita, digital, TV o radio de una manera contundente y amplificada es extra\u00f1o<\/strong>. <\/p>\n\n\n\n<p>Tan s<strong>\u00f3lo hemos encontrado una noticia estos d\u00edas al respecto de este tema<\/strong>, en un peri\u00f3dico digital de envergadura: <strong>Voz Populi<\/strong>,  que recogi\u00f3 en la noticia <strong><a href=\"https:\/\/www.vozpopuli.com\/economia-y-finanzas\/erte-impago-noviembre-coronavirus-sepe_0_1411659321.html\">&#8220;miles de espa\u00f1oles dejan de cobrar el ERTE en Noviembre&#8221;<\/a><\/strong>.<\/p>\n\n\n\n<h2 class=\"wp-block-heading\">Sin rastro de esta noticia en el resto de medios de comunicaci\u00f3n<\/h2>\n\n\n\n<p>No <strong>hay mas rastro de este asunto en medios digitales o televisiones<\/strong>. Y claro, <strong>lo que no se comunica no se sabe o directamente no existe<\/strong>, y as\u00ed parece que est\u00e1 pasando con los impagos sistem\u00e1ticos de los ERTE. <\/p>\n\n\n\n<p>Que algo afecta a tantos miles de personas, <strong>no tenga en estos momentos una cobertura medi\u00e1tica acorde con el da\u00f1o, estr\u00e9s y sufrimiento que est\u00e1 causando las trabajadores afectados, no tiene raz\u00f3n de ser alguna<\/strong>.<\/p>\n\n\n\n<figure class=\"wp-block-image size-large\"><img loading=\"lazy\" decoding=\"async\" width=\"1024\" height=\"907\" src=\"https:\/\/hosteleo.com\/blog\/wp-content\/uploads\/2020\/12\/pinho-yjXAtMCPdGs-unsplash-1024x907.jpg\" alt=\"\" class=\"wp-image-4736\" srcset=\"https:\/\/hosteleo.com\/blog\/wp-content\/uploads\/2020\/12\/pinho-yjXAtMCPdGs-unsplash-1024x907.jpg 1024w, https:\/\/hosteleo.com\/blog\/wp-content\/uploads\/2020\/12\/pinho-yjXAtMCPdGs-unsplash-300x266.jpg 300w, https:\/\/hosteleo.com\/blog\/wp-content\/uploads\/2020\/12\/pinho-yjXAtMCPdGs-unsplash-768x680.jpg 768w, https:\/\/hosteleo.com\/blog\/wp-content\/uploads\/2020\/12\/pinho-yjXAtMCPdGs-unsplash-1536x1361.jpg 1536w, https:\/\/hosteleo.com\/blog\/wp-content\/uploads\/2020\/12\/pinho-yjXAtMCPdGs-unsplash-2048x1815.jpg 2048w, https:\/\/hosteleo.com\/blog\/wp-content\/uploads\/2020\/12\/pinho-yjXAtMCPdGs-unsplash-810x718.jpg 810w, https:\/\/hosteleo.com\/blog\/wp-content\/uploads\/2020\/12\/pinho-yjXAtMCPdGs-unsplash-1140x1010.jpg 1140w\" sizes=\"auto, (max-width: 1024px) 100vw, 1024px\" \/><figcaption><em>El impago del SEPE en Diciembre en los medios<\/em><\/figcaption><\/figure>\n\n\n\n<p>Esperamos que<strong> los medios recapaciten e informen de una situaci\u00f3n que es de una excepcionalidad tremenda<\/strong>, porque son fechas de afecto, familia y regalos, y con esta situaci\u00f3n, que se empe\u00f1an en no informar, <strong>dejan en grado de vulnerabilidad a las personas afectadas, al no transmitir esta situaci\u00f3n al resto de la sociedad<\/strong>, para exigir su total cumplimiento.<\/p>\n\n\n\n<p>Nosotros <strong>seguiremos Informando<\/strong>, y os recomendamos l<strong>os grupos de afectados por ERTE que est\u00e1n en Facebook o Twitter<\/strong>, y que de una manera altruista unos y otros se ayudan a ordenar las informaciones que reciben , tanto las oficiales como las que no lo son sobre los temas e prestaciones y pagos por desempleo.<\/p>\n\n\n\n<h2 class=\"wp-block-heading\">M\u00e1s informaci\u00f3n sobre los ERTES y su pago<\/h2>\n\n\n\n<ul class=\"wp-block-list\"><li><strong><a href=\"https:\/\/hosteleo.com\/blog\/pagara-el-sepe-la-prestacion-en-diciembre\/\">El SEPE y el pago de Diciembre del ERTE<\/a><\/strong><\/li><li><strong><a href=\"https:\/\/hosteleo.com\/blog\/dejara-el-sepe-sin-pagar-la-prestacion-en-navidad\/\">\u00bfDejar\u00e1 el SEPE sin pagar la prestaci\u00f3n de Navidad?<\/a><\/strong><\/li><li><strong><a href=\"https:\/\/hosteleo.com\/blog\/el-sepe-sigue-sin-ingresar-las-prestaciones-de-los-ertes\/\">El SEPE sigue sin ingresar la prestaci\u00f3n de los ERTES<\/a><\/strong><\/li><li><strong><a href=\"https:\/\/hosteleo.com\/blog\/caos-en-el-sepe-para-el-pago-del-erte-de-noviembre\/\">Caos en el SEPE por el pago del ERTE de Noviembre<\/a><\/strong><\/li><li><strong><a href=\"https:\/\/hosteleo.com\/blog\/los-ertes-en-hosteleria\/\">Los ERTE en hosteler\u00eda, no es oro todo lo que reluce<\/a><\/strong><\/li><li><strong><a href=\"https:\/\/hosteleo.com\/blog\/el-sepe-pagara-la-prestacion-de-julio-de-los-erte-en-los-proximos-dias\/\">El SEPE pagar\u00e1 la prestaci\u00f3n de Julio de los ERTES en los pr\u00f3ximos d\u00eda<\/a><\/strong><\/li><li><strong><a href=\"https:\/\/hosteleo.com\/blog\/guia-definitiva-sobre-los-ertes-en-hosteleria\/\">Gu\u00eda definitiva de los ERTE en hosteler\u00eda<\/a><\/strong><\/li><li><strong><a href=\"https:\/\/hosteleo.com\/blog\/tengo-vacaciones-estando-en-erte-resolvemos-tus-dudas\/\">\u00bfTengo vacaciones estando en un ERTE?<\/a><\/strong><\/li><li><strong><a href=\"https:\/\/hosteleo.com\/blog\/el-sepe-publica-la-guia-de-errores-en-los-erte\/\">El SEPE publica los errores en el pago de los ERTE<\/a><\/strong><\/li><li><strong><a href=\"https:\/\/hosteleo.com\/blog\/el-gobierno-extiende-los-erte-hasta-septiembre\/\">El Gobierno extiende los ERTES hasta Septiembre<\/a><\/strong><\/li><\/ul>\n","protected":false},"excerpt":{"rendered":"<p>Pasados ya mas de tres d\u00edas de los establecidos por la administraci\u00f3n para el abono mensual de la prestaci\u00f3n por desempleo a los trabajadores afectados por ERTE, no ha llegado el ingreso las cuentas corrientes de estas personas. Y el SEPE ya informa que este mes no llegar\u00e1 el ingreso a las m\u00e1s de 700.000 [&hellip;]<\/p>\n","protected":false},"author":2,"featured_media":4730,"comment_status":"open","ping_status":"open","sticky":false,"template":"","format":"standard","meta":{"_exactmetrics_skip_tracking":false,"_exactmetrics_sitenote_active":false,"_exactmetrics_sitenote_note":"","_exactmetrics_sitenote_category":0,"footnotes":""},"categories":[41],"tags":[634,538,539,537],"class_list":["post-4650","post","type-post","status-publish","format-standard","has-post-thumbnail","hentry","category-noticias-empleo-hosteleria-turismo","tag-pago-diciembre","tag-pago-erte","tag-pago-prestacion-erte","tag-pago-sepe"],"yoast_head":"<!-- This site is optimized with the Yoast SEO plugin v27.5 - https:\/\/yoast.com\/product\/yoast-seo-wordpress\/ -->\n<title>El impago del SEPE en Diciembre en los medios -Hosteleo.com<\/title>\n<meta name=\"description\" content=\"El impago del SEPE en Diciembre en los medios. Escasos medios de comunicaci\u00f3n se hacen eco del impago de la prestaci\u00f3n de ERTE en Navidad.\" \/>\n<meta name=\"robots\" content=\"index, follow, max-snippet:-1, max-image-preview:large, max-video-preview:-1\" \/>\n<link rel=\"canonical\" href=\"https:\/\/hosteleo.com\/blog\/el-impago-del-sepe-en-diciembre-en-los-medios\/\" \/>\n<meta property=\"og:locale\" content=\"es_ES\" \/>\n<meta property=\"og:type\" content=\"article\" \/>\n<meta property=\"og:title\" content=\"El impago del SEPE en Diciembre en los medios -Hosteleo.com\" \/>\n<meta property=\"og:description\" content=\"El impago del SEPE en Diciembre en los medios. Escasos medios de comunicaci\u00f3n se hacen eco del impago de la prestaci\u00f3n de ERTE en Navidad.\" \/>\n<meta property=\"og:url\" content=\"https:\/\/hosteleo.com\/blog\/el-impago-del-sepe-en-diciembre-en-los-medios\/\" \/>\n<meta property=\"og:site_name\" content=\"Blog de Empleo en Hosteler\u00eda y Turismo - Hosteleo\" \/>\n<meta property=\"article:publisher\" content=\"https:\/\/www.facebook.com\/hosteleo\" \/>\n<meta property=\"article:published_time\" content=\"2020-12-18T13:43:53+00:00\" \/>\n<meta property=\"article:modified_time\" content=\"2020-12-18T14:32:13+00:00\" \/>\n<meta property=\"og:image\" content=\"https:\/\/hosteleo.com\/blog\/wp-content\/uploads\/2020\/12\/sigmund-UmaojK7erQo-unsplash-scaled.jpg\" \/>\n\t<meta property=\"og:image:width\" content=\"2560\" \/>\n\t<meta property=\"og:image:height\" content=\"1707\" \/>\n\t<meta property=\"og:image:type\" content=\"image\/jpeg\" \/>\n<meta name=\"author\" content=\"Luis P\u00e9rez\" \/>\n<meta name=\"twitter:card\" content=\"summary_large_image\" \/>\n<meta name=\"twitter:creator\" content=\"@hosteleo\" \/>\n<meta name=\"twitter:site\" content=\"@hosteleo\" \/>\n<meta name=\"twitter:label1\" content=\"Escrito por\" \/>\n\t<meta name=\"twitter:data1\" content=\"Luis P\u00e9rez\" \/>\n\t<meta name=\"twitter:label2\" content=\"Tiempo de lectura\" \/>\n\t<meta name=\"twitter:data2\" content=\"4 minutos\" \/>\n<script type=\"application\/ld+json\" class=\"yoast-schema-graph\">{\"@context\":\"https:\\\/\\\/schema.org\",\"@graph\":[{\"@type\":\"Article\",\"@id\":\"https:\\\/\\\/hosteleo.com\\\/blog\\\/el-impago-del-sepe-en-diciembre-en-los-medios\\\/#article\",\"isPartOf\":{\"@id\":\"https:\\\/\\\/hosteleo.com\\\/blog\\\/el-impago-del-sepe-en-diciembre-en-los-medios\\\/\"},\"author\":{\"name\":\"Luis P\u00e9rez\",\"@id\":\"https:\\\/\\\/hosteleo.com\\\/blog\\\/#\\\/schema\\\/person\\\/eef8bb67e661dbf50088c7f37406a84b\"},\"headline\":\"El impago del SEPE en Diciembre en los medios\",\"datePublished\":\"2020-12-18T13:43:53+00:00\",\"dateModified\":\"2020-12-18T14:32:13+00:00\",\"mainEntityOfPage\":{\"@id\":\"https:\\\/\\\/hosteleo.com\\\/blog\\\/el-impago-del-sepe-en-diciembre-en-los-medios\\\/\"},\"wordCount\":746,\"commentCount\":17,\"publisher\":{\"@id\":\"https:\\\/\\\/hosteleo.com\\\/blog\\\/#organization\"},\"image\":{\"@id\":\"https:\\\/\\\/hosteleo.com\\\/blog\\\/el-impago-del-sepe-en-diciembre-en-los-medios\\\/#primaryimage\"},\"thumbnailUrl\":\"https:\\\/\\\/hosteleo.com\\\/blog\\\/wp-content\\\/uploads\\\/2020\\\/12\\\/sigmund-UmaojK7erQo-unsplash-scaled.jpg\",\"keywords\":[\"Pago diciembre\",\"pago ERTE\",\"pago prestaci\u00f3n ERTE\",\"pago sepe\"],\"articleSection\":[\"Noticias de Empleo en Hosteler\u00eda y Turismo\"],\"inLanguage\":\"es\",\"potentialAction\":[{\"@type\":\"CommentAction\",\"name\":\"Comment\",\"target\":[\"https:\\\/\\\/hosteleo.com\\\/blog\\\/el-impago-del-sepe-en-diciembre-en-los-medios\\\/#respond\"]}]},{\"@type\":\"WebPage\",\"@id\":\"https:\\\/\\\/hosteleo.com\\\/blog\\\/el-impago-del-sepe-en-diciembre-en-los-medios\\\/\",\"url\":\"https:\\\/\\\/hosteleo.com\\\/blog\\\/el-impago-del-sepe-en-diciembre-en-los-medios\\\/\",\"name\":\"El impago del SEPE en Diciembre en los medios -Hosteleo.com\",\"isPartOf\":{\"@id\":\"https:\\\/\\\/hosteleo.com\\\/blog\\\/#website\"},\"primaryImageOfPage\":{\"@id\":\"https:\\\/\\\/hosteleo.com\\\/blog\\\/el-impago-del-sepe-en-diciembre-en-los-medios\\\/#primaryimage\"},\"image\":{\"@id\":\"https:\\\/\\\/hosteleo.com\\\/blog\\\/el-impago-del-sepe-en-diciembre-en-los-medios\\\/#primaryimage\"},\"thumbnailUrl\":\"https:\\\/\\\/hosteleo.com\\\/blog\\\/wp-content\\\/uploads\\\/2020\\\/12\\\/sigmund-UmaojK7erQo-unsplash-scaled.jpg\",\"datePublished\":\"2020-12-18T13:43:53+00:00\",\"dateModified\":\"2020-12-18T14:32:13+00:00\",\"description\":\"El impago del SEPE en Diciembre en los medios. Escasos medios de comunicaci\u00f3n se hacen eco del impago de la prestaci\u00f3n de ERTE en Navidad.\",\"breadcrumb\":{\"@id\":\"https:\\\/\\\/hosteleo.com\\\/blog\\\/el-impago-del-sepe-en-diciembre-en-los-medios\\\/#breadcrumb\"},\"inLanguage\":\"es\",\"potentialAction\":[{\"@type\":\"ReadAction\",\"target\":[\"https:\\\/\\\/hosteleo.com\\\/blog\\\/el-impago-del-sepe-en-diciembre-en-los-medios\\\/\"]}]},{\"@type\":\"ImageObject\",\"inLanguage\":\"es\",\"@id\":\"https:\\\/\\\/hosteleo.com\\\/blog\\\/el-impago-del-sepe-en-diciembre-en-los-medios\\\/#primaryimage\",\"url\":\"https:\\\/\\\/hosteleo.com\\\/blog\\\/wp-content\\\/uploads\\\/2020\\\/12\\\/sigmund-UmaojK7erQo-unsplash-scaled.jpg\",\"contentUrl\":\"https:\\\/\\\/hosteleo.com\\\/blog\\\/wp-content\\\/uploads\\\/2020\\\/12\\\/sigmund-UmaojK7erQo-unsplash-scaled.jpg\",\"width\":2560,\"height\":1707,\"caption\":\"El impago del SEPE en Diciembre en los medios\"},{\"@type\":\"BreadcrumbList\",\"@id\":\"https:\\\/\\\/hosteleo.com\\\/blog\\\/el-impago-del-sepe-en-diciembre-en-los-medios\\\/#breadcrumb\",\"itemListElement\":[{\"@type\":\"ListItem\",\"position\":1,\"name\":\"Home\",\"item\":\"https:\\\/\\\/hosteleo.com\\\/blog\\\/\"},{\"@type\":\"ListItem\",\"position\":2,\"name\":\"El impago del SEPE en Diciembre en los medios\"}]},{\"@type\":\"WebSite\",\"@id\":\"https:\\\/\\\/hosteleo.com\\\/blog\\\/#website\",\"url\":\"https:\\\/\\\/hosteleo.com\\\/blog\\\/\",\"name\":\"Blog de Empleo en Hosteler\u00eda y Turismo - Hosteleo\",\"description\":\"Tu blog de Empleo en Hosteler\u00eda y Turismo\",\"publisher\":{\"@id\":\"https:\\\/\\\/hosteleo.com\\\/blog\\\/#organization\"},\"potentialAction\":[{\"@type\":\"SearchAction\",\"target\":{\"@type\":\"EntryPoint\",\"urlTemplate\":\"https:\\\/\\\/hosteleo.com\\\/blog\\\/?s={search_term_string}\"},\"query-input\":{\"@type\":\"PropertyValueSpecification\",\"valueRequired\":true,\"valueName\":\"search_term_string\"}}],\"inLanguage\":\"es\"},{\"@type\":\"Organization\",\"@id\":\"https:\\\/\\\/hosteleo.com\\\/blog\\\/#organization\",\"name\":\"Hosteleo\",\"url\":\"https:\\\/\\\/hosteleo.com\\\/blog\\\/\",\"logo\":{\"@type\":\"ImageObject\",\"inLanguage\":\"es\",\"@id\":\"https:\\\/\\\/hosteleo.com\\\/blog\\\/#\\\/schema\\\/logo\\\/image\\\/\",\"url\":\"https:\\\/\\\/hosteleo.wizzie.dev\\\/blog\\\/wp-content\\\/uploads\\\/2020\\\/05\\\/logo-hosteleo.png\",\"contentUrl\":\"https:\\\/\\\/hosteleo.wizzie.dev\\\/blog\\\/wp-content\\\/uploads\\\/2020\\\/05\\\/logo-hosteleo.png\",\"width\":475,\"height\":76,\"caption\":\"Hosteleo\"},\"image\":{\"@id\":\"https:\\\/\\\/hosteleo.com\\\/blog\\\/#\\\/schema\\\/logo\\\/image\\\/\"},\"sameAs\":[\"https:\\\/\\\/www.facebook.com\\\/hosteleo\",\"https:\\\/\\\/x.com\\\/hosteleo\",\"https:\\\/\\\/www.instagram.com\\\/hosteleo\\\/\",\"https:\\\/\\\/es.linkedin.com\\\/company\\\/hosteleo-com\"]},{\"@type\":\"Person\",\"@id\":\"https:\\\/\\\/hosteleo.com\\\/blog\\\/#\\\/schema\\\/person\\\/eef8bb67e661dbf50088c7f37406a84b\",\"name\":\"Luis P\u00e9rez\",\"image\":{\"@type\":\"ImageObject\",\"inLanguage\":\"es\",\"@id\":\"https:\\\/\\\/secure.gravatar.com\\\/avatar\\\/3949b0f4521059dd33be21948b1d539ec03a1b1069b5df3ea7e3f43d4a8b2d4d?s=96&d=mm&r=g\",\"url\":\"https:\\\/\\\/secure.gravatar.com\\\/avatar\\\/3949b0f4521059dd33be21948b1d539ec03a1b1069b5df3ea7e3f43d4a8b2d4d?s=96&d=mm&r=g\",\"contentUrl\":\"https:\\\/\\\/secure.gravatar.com\\\/avatar\\\/3949b0f4521059dd33be21948b1d539ec03a1b1069b5df3ea7e3f43d4a8b2d4d?s=96&d=mm&r=g\",\"caption\":\"Luis P\u00e9rez\"},\"url\":\"https:\\\/\\\/hosteleo.com\\\/blog\\\/author\\\/davidbglinkers-es\\\/\"}]}<\/script>\n<!-- \/ Yoast SEO plugin. -->","yoast_head_json":{"title":"El impago del SEPE en Diciembre en los medios -Hosteleo.com","description":"El impago del SEPE en Diciembre en los medios. Escasos medios de comunicaci\u00f3n se hacen eco del impago de la prestaci\u00f3n de ERTE en Navidad.","robots":{"index":"index","follow":"follow","max-snippet":"max-snippet:-1","max-image-preview":"max-image-preview:large","max-video-preview":"max-video-preview:-1"},"canonical":"https:\/\/hosteleo.com\/blog\/el-impago-del-sepe-en-diciembre-en-los-medios\/","og_locale":"es_ES","og_type":"article","og_title":"El impago del SEPE en Diciembre en los medios -Hosteleo.com","og_description":"El impago del SEPE en Diciembre en los medios. Escasos medios de comunicaci\u00f3n se hacen eco del impago de la prestaci\u00f3n de ERTE en Navidad.","og_url":"https:\/\/hosteleo.com\/blog\/el-impago-del-sepe-en-diciembre-en-los-medios\/","og_site_name":"Blog de Empleo en Hosteler\u00eda y Turismo - Hosteleo","article_publisher":"https:\/\/www.facebook.com\/hosteleo","article_published_time":"2020-12-18T13:43:53+00:00","article_modified_time":"2020-12-18T14:32:13+00:00","og_image":[{"width":2560,"height":1707,"url":"https:\/\/hosteleo.com\/blog\/wp-content\/uploads\/2020\/12\/sigmund-UmaojK7erQo-unsplash-scaled.jpg","type":"image\/jpeg"}],"author":"Luis P\u00e9rez","twitter_card":"summary_large_image","twitter_creator":"@hosteleo","twitter_site":"@hosteleo","twitter_misc":{"Escrito por":"Luis P\u00e9rez","Tiempo de lectura":"4 minutos"},"schema":{"@context":"https:\/\/schema.org","@graph":[{"@type":"Article","@id":"https:\/\/hosteleo.com\/blog\/el-impago-del-sepe-en-diciembre-en-los-medios\/#article","isPartOf":{"@id":"https:\/\/hosteleo.com\/blog\/el-impago-del-sepe-en-diciembre-en-los-medios\/"},"author":{"name":"Luis P\u00e9rez","@id":"https:\/\/hosteleo.com\/blog\/#\/schema\/person\/eef8bb67e661dbf50088c7f37406a84b"},"headline":"El impago del SEPE en Diciembre en los medios","datePublished":"2020-12-18T13:43:53+00:00","dateModified":"2020-12-18T14:32:13+00:00","mainEntityOfPage":{"@id":"https:\/\/hosteleo.com\/blog\/el-impago-del-sepe-en-diciembre-en-los-medios\/"},"wordCount":746,"commentCount":17,"publisher":{"@id":"https:\/\/hosteleo.com\/blog\/#organization"},"image":{"@id":"https:\/\/hosteleo.com\/blog\/el-impago-del-sepe-en-diciembre-en-los-medios\/#primaryimage"},"thumbnailUrl":"https:\/\/hosteleo.com\/blog\/wp-content\/uploads\/2020\/12\/sigmund-UmaojK7erQo-unsplash-scaled.jpg","keywords":["Pago diciembre","pago ERTE","pago prestaci\u00f3n ERTE","pago sepe"],"articleSection":["Noticias de Empleo en Hosteler\u00eda y Turismo"],"inLanguage":"es","potentialAction":[{"@type":"CommentAction","name":"Comment","target":["https:\/\/hosteleo.com\/blog\/el-impago-del-sepe-en-diciembre-en-los-medios\/#respond"]}]},{"@type":"WebPage","@id":"https:\/\/hosteleo.com\/blog\/el-impago-del-sepe-en-diciembre-en-los-medios\/","url":"https:\/\/hosteleo.com\/blog\/el-impago-del-sepe-en-diciembre-en-los-medios\/","name":"El impago del SEPE en Diciembre en los medios -Hosteleo.com","isPartOf":{"@id":"https:\/\/hosteleo.com\/blog\/#website"},"primaryImageOfPage":{"@id":"https:\/\/hosteleo.com\/blog\/el-impago-del-sepe-en-diciembre-en-los-medios\/#primaryimage"},"image":{"@id":"https:\/\/hosteleo.com\/blog\/el-impago-del-sepe-en-diciembre-en-los-medios\/#primaryimage"},"thumbnailUrl":"https:\/\/hosteleo.com\/blog\/wp-content\/uploads\/2020\/12\/sigmund-UmaojK7erQo-unsplash-scaled.jpg","datePublished":"2020-12-18T13:43:53+00:00","dateModified":"2020-12-18T14:32:13+00:00","description":"El impago del SEPE en Diciembre en los medios. Escasos medios de comunicaci\u00f3n se hacen eco del impago de la prestaci\u00f3n de ERTE en Navidad.","breadcrumb":{"@id":"https:\/\/hosteleo.com\/blog\/el-impago-del-sepe-en-diciembre-en-los-medios\/#breadcrumb"},"inLanguage":"es","potentialAction":[{"@type":"ReadAction","target":["https:\/\/hosteleo.com\/blog\/el-impago-del-sepe-en-diciembre-en-los-medios\/"]}]},{"@type":"ImageObject","inLanguage":"es","@id":"https:\/\/hosteleo.com\/blog\/el-impago-del-sepe-en-diciembre-en-los-medios\/#primaryimage","url":"https:\/\/hosteleo.com\/blog\/wp-content\/uploads\/2020\/12\/sigmund-UmaojK7erQo-unsplash-scaled.jpg","contentUrl":"https:\/\/hosteleo.com\/blog\/wp-content\/uploads\/2020\/12\/sigmund-UmaojK7erQo-unsplash-scaled.jpg","width":2560,"height":1707,"caption":"El impago del SEPE en Diciembre en los medios"},{"@type":"BreadcrumbList","@id":"https:\/\/hosteleo.com\/blog\/el-impago-del-sepe-en-diciembre-en-los-medios\/#breadcrumb","itemListElement":[{"@type":"ListItem","position":1,"name":"Home","item":"https:\/\/hosteleo.com\/blog\/"},{"@type":"ListItem","position":2,"name":"El impago del SEPE en Diciembre en los medios"}]},{"@type":"WebSite","@id":"https:\/\/hosteleo.com\/blog\/#website","url":"https:\/\/hosteleo.com\/blog\/","name":"Blog de Empleo en Hosteler\u00eda y Turismo - Hosteleo","description":"Tu blog de Empleo en Hosteler\u00eda y Turismo","publisher":{"@id":"https:\/\/hosteleo.com\/blog\/#organization"},"potentialAction":[{"@type":"SearchAction","target":{"@type":"EntryPoint","urlTemplate":"https:\/\/hosteleo.com\/blog\/?s={search_term_string}"},"query-input":{"@type":"PropertyValueSpecification","valueRequired":true,"valueName":"search_term_string"}}],"inLanguage":"es"},{"@type":"Organization","@id":"https:\/\/hosteleo.com\/blog\/#organization","name":"Hosteleo","url":"https:\/\/hosteleo.com\/blog\/","logo":{"@type":"ImageObject","inLanguage":"es","@id":"https:\/\/hosteleo.com\/blog\/#\/schema\/logo\/image\/","url":"https:\/\/hosteleo.wizzie.dev\/blog\/wp-content\/uploads\/2020\/05\/logo-hosteleo.png","contentUrl":"https:\/\/hosteleo.wizzie.dev\/blog\/wp-content\/uploads\/2020\/05\/logo-hosteleo.png","width":475,"height":76,"caption":"Hosteleo"},"image":{"@id":"https:\/\/hosteleo.com\/blog\/#\/schema\/logo\/image\/"},"sameAs":["https:\/\/www.facebook.com\/hosteleo","https:\/\/x.com\/hosteleo","https:\/\/www.instagram.com\/hosteleo\/","https:\/\/es.linkedin.com\/company\/hosteleo-com"]},{"@type":"Person","@id":"https:\/\/hosteleo.com\/blog\/#\/schema\/person\/eef8bb67e661dbf50088c7f37406a84b","name":"Luis P\u00e9rez","image":{"@type":"ImageObject","inLanguage":"es","@id":"https:\/\/secure.gravatar.com\/avatar\/3949b0f4521059dd33be21948b1d539ec03a1b1069b5df3ea7e3f43d4a8b2d4d?s=96&d=mm&r=g","url":"https:\/\/secure.gravatar.com\/avatar\/3949b0f4521059dd33be21948b1d539ec03a1b1069b5df3ea7e3f43d4a8b2d4d?s=96&d=mm&r=g","contentUrl":"https:\/\/secure.gravatar.com\/avatar\/3949b0f4521059dd33be21948b1d539ec03a1b1069b5df3ea7e3f43d4a8b2d4d?s=96&d=mm&r=g","caption":"Luis P\u00e9rez"},"url":"https:\/\/hosteleo.com\/blog\/author\/davidbglinkers-es\/"}]}},"amp_enabled":true,"_links":{"self":[{"href":"https:\/\/hosteleo.com\/blog\/wp-json\/wp\/v2\/posts\/4650","targetHints":{"allow":["GET"]}}],"collection":[{"href":"https:\/\/hosteleo.com\/blog\/wp-json\/wp\/v2\/posts"}],"about":[{"href":"https:\/\/hosteleo.com\/blog\/wp-json\/wp\/v2\/types\/post"}],"author":[{"embeddable":true,"href":"https:\/\/hosteleo.com\/blog\/wp-json\/wp\/v2\/users\/2"}],"replies":[{"embeddable":true,"href":"https:\/\/hosteleo.com\/blog\/wp-json\/wp\/v2\/comments?post=4650"}],"version-history":[{"count":27,"href":"https:\/\/hosteleo.com\/blog\/wp-json\/wp\/v2\/posts\/4650\/revisions"}],"predecessor-version":[{"id":4743,"href":"https:\/\/hosteleo.com\/blog\/wp-json\/wp\/v2\/posts\/4650\/revisions\/4743"}],"wp:featuredmedia":[{"embeddable":true,"href":"https:\/\/hosteleo.com\/blog\/wp-json\/wp\/v2\/media\/4730"}],"wp:attachment":[{"href":"https:\/\/hosteleo.com\/blog\/wp-json\/wp\/v2\/media?parent=4650"}],"wp:term":[{"taxonomy":"category","embeddable":true,"href":"https:\/\/hosteleo.com\/blog\/wp-json\/wp\/v2\/categories?post=4650"},{"taxonomy":"post_tag","embeddable":true,"href":"https:\/\/hosteleo.com\/blog\/wp-json\/wp\/v2\/tags?post=4650"}],"curies":[{"name":"wp","href":"https:\/\/api.w.org\/{rel}","templated":true}]}}