{"id":4992,"date":"2021-01-27T17:11:44","date_gmt":"2021-01-27T17:11:44","guid":{"rendered":"https:\/\/hosteleo.com\/blog\/?p=4992"},"modified":"2021-01-27T17:19:27","modified_gmt":"2021-01-27T17:19:27","slug":"el-gobierno-prorroga-los-ertes-hasta-final-de-mayo","status":"publish","type":"post","link":"https:\/\/hosteleo.com\/blog\/el-gobierno-prorroga-los-ertes-hasta-final-de-mayo\/","title":{"rendered":"El Gobierno prorroga los ERTES hasta final de mayo"},"content":{"rendered":"\n<p>En el BOE del d\u00eda de hoy 27 de enero de 2021, ha sido <strong><a href=\"https:\/\/www.boe.es\/boe\/dias\/2021\/01\/27\/pdfs\/BOE-A-2021-1130.pdf\">publicado el Real Decreto-ley 2\/2021, de refuerzo y consolidaci\u00f3n medidas sociales en defensa del empleo<\/a><\/strong>. En este Real Decreto el <strong><a href=\"https:\/\/www.lamoncloa.gob.es\/consejodeministros\/Paginas\/enlaces\/260121-enlace-ertes.aspx\">Gobierno<\/a><\/strong> prorroga los ERTES hasta final de mayo. Se aprueban importantes novedades en materia de expedientes de regulaci\u00f3n temporal de empleo (ERTES) y protecci\u00f3n de los trabajadores aut\u00f3nomos.<\/p>\n\n\n\n<h2 class=\"wp-block-heading\">ERTES por fuerza mayor como consecuencia del Covid-19<\/h2>\n\n\n\n<p>Los <strong>ERTES por fuerza mayor<\/strong> que fueron tramitados al amparo del Real Decreto 8\/2020 de 17 de marzo, <strong>son prorrogados autom\u00e1ticamente hasta el 31 de mayo de 2021<\/strong>.<\/p>\n\n\n\n<p>En el<strong> sector de hosteler\u00eda, hoteles y establecimientos de bebidas<\/strong>, todas las empresas que tengan en vigor este tipo de ERTES , <strong>quedar\u00e1n exoneradas respecto a las personas afectadas por el ERTE y reincorporados, del 85% de la aportaci\u00f3n empresarial <\/strong>devengada en febrero, marzo, abril y mayo de 2021, cuando la empresa hubiera tenido menos de 50 personas a 29 de febrero de 2020, y del 75% si el n\u00famero de trabajadores era superior.<\/p>\n\n\n\n<figure class=\"wp-block-image size-large\"><img loading=\"lazy\" decoding=\"async\" width=\"1024\" height=\"683\" src=\"https:\/\/hosteleo.com\/blog\/wp-content\/uploads\/2021\/01\/wes-branch-FW2Jcf_o8hc-unsplash-1024x683.jpg\" alt=\"\" class=\"wp-image-5000\" srcset=\"https:\/\/hosteleo.com\/blog\/wp-content\/uploads\/2021\/01\/wes-branch-FW2Jcf_o8hc-unsplash-1024x683.jpg 1024w, https:\/\/hosteleo.com\/blog\/wp-content\/uploads\/2021\/01\/wes-branch-FW2Jcf_o8hc-unsplash-300x200.jpg 300w, https:\/\/hosteleo.com\/blog\/wp-content\/uploads\/2021\/01\/wes-branch-FW2Jcf_o8hc-unsplash-768x512.jpg 768w, https:\/\/hosteleo.com\/blog\/wp-content\/uploads\/2021\/01\/wes-branch-FW2Jcf_o8hc-unsplash-1536x1024.jpg 1536w, https:\/\/hosteleo.com\/blog\/wp-content\/uploads\/2021\/01\/wes-branch-FW2Jcf_o8hc-unsplash-2048x1365.jpg 2048w, https:\/\/hosteleo.com\/blog\/wp-content\/uploads\/2021\/01\/wes-branch-FW2Jcf_o8hc-unsplash-810x540.jpg 810w, https:\/\/hosteleo.com\/blog\/wp-content\/uploads\/2021\/01\/wes-branch-FW2Jcf_o8hc-unsplash-1140x760.jpg 1140w\" sizes=\"auto, (max-width: 1024px) 100vw, 1024px\" \/><figcaption>El Gobierno prorroga los ERTES hasta final de mayo<\/figcaption><\/figure>\n\n\n\n<h2 class=\"wp-block-heading\">ERTES por limitaci\u00f3n<\/h2>\n\n\n\n<p>Los <strong>ERTES por fuerza mayor por limitaci\u00f3n<\/strong> que fueron tramitados al amparo del Real Decreto-ley 30\/2020 de 29 de septiembre, <strong>son prorrogados autom\u00e1ticamente hasta el 31 de mayo de 2021.<\/strong><\/p>\n\n\n\n<p>Respecto de las personas trabajadoras de estas empresas que tengan sus actividades suspendidas, y de los per\u00edodos y porcentajes de jornada afectados por la suspensi\u00f3n.  <strong>Estos ERTES dar\u00e1n derecho una exenci\u00f3n en la cotizaci\u00f3n a la Seguridad Social, respecto de la aportaci\u00f3n empresarial y conceptos de recaudaci\u00f3n conjunta<\/strong>, devengados en los meses de febrero, marzo, abril y mayo de 2021, que alcanzar\u00e1 el 100%, 90%, 85% y 80%, respectivamente, cuando la empresa hubiera tenido menos de cincuenta personas trabajadoras a fecha 29 de febrero de 2020.<\/p>\n\n\n\n<p><strong>La exoneraci\u00f3n ser\u00e1 del 90%, 80%,75% y 70% los meses anteriormente citados<\/strong>. Cuando la empresa hubiera tenido cincuenta o m\u00e1s trabajadores a fecha 29 de febrero de 2020.<\/p>\n\n\n\n<h2 class=\"wp-block-heading\">ERTES por impedimento<\/h2>\n\n\n\n<p>Los <strong>ERTES por fuerza mayor por impedimento<\/strong> que fueron tramitados al amparo del Real Decreto-ley 30\/2020 de 29 de septiembre, son prorrogados autom\u00e1ticamente hasta el 31 de mayo de 2021.<\/p>\n\n\n\n<p>Dichos expedientes dar\u00e1n derecho a las<strong> siguientes exoneraciones en la Seguridad Social:<\/strong><\/p>\n\n\n\n<p>a) <strong>El 100 % de la aportaci\u00f3n empresarial devengada durante el periodo de cierre, y hasta el 31 de mayo de 2021<\/strong>. Cuando la empresa hubiera tenido menos de cincuenta personas trabajadoras a fecha 29 de febrero de 2020.<\/p>\n\n\n\n<p>b) Si en esa fecha la empresa hubiera tenido cincuenta o m\u00e1s personas trabajadoras. <strong>La exenci\u00f3n alcanzar\u00e1 el 90 % de la aportaci\u00f3n empresarial durante el periodo de cierre y hasta el 31 de mayo de 2021<\/strong>.<\/p>\n\n\n\n<h2 class=\"wp-block-heading\">Nuevos ERTES por impedimento y limitaci\u00f3n<\/h2>\n\n\n\n<p>Se mantiene la<strong> posibilidad de tramitar nuevos ERTES por impedimento y limitaci\u00f3n<\/strong> para aquellas empresas que no tengan ERTE en vigor o necesiten tramitar un nuevo ERTE<br><br>a) Erte por Impedimento:<br>Previsto para <strong>aquellas empresas que vean impedido el desarrollo de su actividad en alguno de sus centros de trabajo<\/strong>. Como consecuencia de nuevas restricciones o medidas de contenci\u00f3n sanitaria adoptadas por Autoridades Espa\u00f1olas o Extranjeras.<\/p>\n\n\n\n<p>b) Erte por Limitaci\u00f3n:<br><strong>Previsto para aquellas empresas que vean limitado el desarrollo normalizado de su actividad<\/strong> a consecuencia de decisiones o medidas adoptadas por las autoridades espa\u00f1olas.<\/p>\n\n\n\n<figure class=\"wp-block-image size-large\"><img loading=\"lazy\" decoding=\"async\" width=\"1024\" height=\"883\" src=\"https:\/\/hosteleo.com\/blog\/wp-content\/uploads\/2021\/01\/mariah-solomon-qh230-xiQ7I-unsplash-1024x883.jpg\" alt=\"\" class=\"wp-image-5001\" srcset=\"https:\/\/hosteleo.com\/blog\/wp-content\/uploads\/2021\/01\/mariah-solomon-qh230-xiQ7I-unsplash-1024x883.jpg 1024w, https:\/\/hosteleo.com\/blog\/wp-content\/uploads\/2021\/01\/mariah-solomon-qh230-xiQ7I-unsplash-300x259.jpg 300w, https:\/\/hosteleo.com\/blog\/wp-content\/uploads\/2021\/01\/mariah-solomon-qh230-xiQ7I-unsplash-768x662.jpg 768w, https:\/\/hosteleo.com\/blog\/wp-content\/uploads\/2021\/01\/mariah-solomon-qh230-xiQ7I-unsplash-1536x1324.jpg 1536w, https:\/\/hosteleo.com\/blog\/wp-content\/uploads\/2021\/01\/mariah-solomon-qh230-xiQ7I-unsplash-2048x1766.jpg 2048w, https:\/\/hosteleo.com\/blog\/wp-content\/uploads\/2021\/01\/mariah-solomon-qh230-xiQ7I-unsplash-810x698.jpg 810w, https:\/\/hosteleo.com\/blog\/wp-content\/uploads\/2021\/01\/mariah-solomon-qh230-xiQ7I-unsplash-1140x983.jpg 1140w\" sizes=\"auto, (max-width: 1024px) 100vw, 1024px\" \/><figcaption>El Gobierno prorroga los ERTES hasta final de mayo<\/figcaption><\/figure>\n\n\n\n<h2 class=\"wp-block-heading\">Nuevos ERTES por causas econ\u00f3micas, t\u00e9cnicas, organizativas y de produccion.<\/h2>\n\n\n\n<p>A los procedimientos de regulaci\u00f3n temporal de empleo basados en causas <strong>econ\u00f3micas, t\u00e9cnicas, organizativas y de producci\u00f3n derivadas del Covid-19 <\/strong>iniciados tras la entrada en vigor del presente real decreto-ley y hasta el 31 de mayo de 2021, se les aplicar\u00e1n las siguientes peculiaridades:<\/p>\n\n\n\n<p>1.-La tramitaci\u00f3n de estos expedientes podr\u00e1 iniciarse mientras est\u00e9 vigente un expediente de regulaci\u00f3n temporal de empleo por fuerza mayor derivado del COVID-19.<\/p>\n\n\n\n<p>2.-Cuando el expediente de regulaci\u00f3n temporal de empleo por causas econ\u00f3micas, t\u00e9cnicas, organizativas o de producci\u00f3n se inicie tras la finalizaci\u00f3n de un expediente temporal de regulaci\u00f3n de empleo por fuerza mayor, la fecha de efectos de aqu\u00e9l se retrotraer\u00e1 a la fecha de finalizaci\u00f3n de este.<\/p>\n\n\n\n<p>3.- El procedimiento ser\u00e1 abreviado, el informe de la Inspecci\u00f3n de Trabajo ser\u00e1 potestativo y los sindicatos m\u00e1s representativos tendr\u00e1n prioridad en la constituci\u00f3n de la comisi\u00f3n negociadora.<\/p>\n\n\n\n<h2 class=\"wp-block-heading\">Limitaciones nuevas contrataciones y horas extraordinarias<\/h2>\n\n\n\n<p>Durante la vigencia de los ERTES, cualquiera que sea la causa de los mismos, <strong>no podr\u00e1n realizarse horas extraordinarias, establecerse nuevas externalizaciones de la actividad, ni concertarse nuevas contrataciones, sean directas o indirectas<\/strong>.<\/p>\n\n\n\n<p>Esta prohibici\u00f3n <strong>podr\u00e1 ser exceptuada<\/strong> en el supuesto en que las personas afectadas por el ERTE y que prestan servicios en el centro de trabajo afectado por las nuevas contrataciones, no puedan, por formaci\u00f3n, capacitaci\u00f3n u otras razones objetivas y justificadas, desarrollar las funciones encomendadas a aquellas, <strong>previa informaci\u00f3n al respecto por parte de la empresa a la representaci\u00f3n legal de las personas trabajadoras.<\/strong><\/p>\n\n\n\n<h2 class=\"wp-block-heading\">Comunicaciones seguridad social, servicio p\u00fablico de empleo y autoridad laboral<\/h2>\n\n\n\n<p><strong>Las exenciones en la cotizaci\u00f3n se aplicar\u00e1n por la Tesorer\u00eda General de la Seguridad Social a instancia de la empresa<\/strong>, previa comunicaci\u00f3n de la identificaci\u00f3n de las personas trabajadoras y per\u00edodo de la suspensi\u00f3n o reducci\u00f3n de jornada, y previa presentaci\u00f3n de declaraci\u00f3n responsable, respecto de cada c\u00f3digo de cuenta de cotizaci\u00f3n y mes de devengo, sobre el mantenimiento de la vigencia de los expedientes de regulaci\u00f3n de empleo. <\/p>\n\n\n\n<p>En concreto y, en cualquier caso, la declaraci\u00f3n har\u00e1 referencia a haber obtenido la correspondiente resoluci\u00f3n de la autoridad laboral. Para que la exenci\u00f3n resulte de aplicaci\u00f3n las declaraciones responsables <strong>se deber\u00e1n presentar antes de solicitarse el c\u00e1lculo de la liquidaci\u00f3n de cuotas correspondiente al per\u00edodo de devengo de cuotas sobre el que tengan efectos dichas declaraciones<\/strong>.<\/p>\n\n\n\n<figure class=\"wp-block-image size-large\"><img loading=\"lazy\" decoding=\"async\" width=\"1024\" height=\"683\" src=\"https:\/\/hosteleo.com\/blog\/wp-content\/uploads\/2021\/01\/tim-mossholder-y0_je0DHS78-unsplash-1024x683.jpg\" alt=\"\" class=\"wp-image-5003\" srcset=\"https:\/\/hosteleo.com\/blog\/wp-content\/uploads\/2021\/01\/tim-mossholder-y0_je0DHS78-unsplash-1024x683.jpg 1024w, https:\/\/hosteleo.com\/blog\/wp-content\/uploads\/2021\/01\/tim-mossholder-y0_je0DHS78-unsplash-300x200.jpg 300w, https:\/\/hosteleo.com\/blog\/wp-content\/uploads\/2021\/01\/tim-mossholder-y0_je0DHS78-unsplash-768x512.jpg 768w, https:\/\/hosteleo.com\/blog\/wp-content\/uploads\/2021\/01\/tim-mossholder-y0_je0DHS78-unsplash-1536x1024.jpg 1536w, https:\/\/hosteleo.com\/blog\/wp-content\/uploads\/2021\/01\/tim-mossholder-y0_je0DHS78-unsplash-2048x1365.jpg 2048w, https:\/\/hosteleo.com\/blog\/wp-content\/uploads\/2021\/01\/tim-mossholder-y0_je0DHS78-unsplash-810x540.jpg 810w, https:\/\/hosteleo.com\/blog\/wp-content\/uploads\/2021\/01\/tim-mossholder-y0_je0DHS78-unsplash-1140x760.jpg 1140w\" sizes=\"auto, (max-width: 1024px) 100vw, 1024px\" \/><figcaption>El Gobierno prorroga los ERTES hasta final de mayo<\/figcaption><\/figure>\n\n\n\n<p>Cuando durante un mes natural se alternen per\u00edodos de actividad y de inactividad, as\u00ed como en los supuestos de reducci\u00f3n de la jornada habitual,<strong> la empresa deber\u00e1 comunicar a mes vencido, a trav\u00e9s de la comunicaci\u00f3n de per\u00edodos de actividad de la aplicaci\u00f3n certific@2<\/strong>, la informaci\u00f3n sobre los d\u00edas trabajados en el mes natural anterior.<\/p>\n\n\n\n<h2 class=\"wp-block-heading\">Protecci\u00f3n por desempleo<\/h2>\n\n\n\n<p>Las empresas que ya hubieran presentado solicitud colectiva de prestaciones por desempleo al amparo del Real Decreto-ley 30\/2020, no estar\u00e1n obligadas a la presentaci\u00f3n de nueva solicitud respecto de las personas trabajadores incluidas en la anterior.<\/p>\n\n\n\n<p><strong>Se extiende la prestaci\u00f3n por desempleo sin exigencia de per\u00edodo de carencia hasta el 31 de mayo de 2021.<\/strong><\/p>\n\n\n\n<p>Las prestaciones por desempleo devengadas desde el pasado uno de octubre de 2020 computar\u00e1 a efectos del consumo de la prestaci\u00f3n. Aunque no computaran las prestaciones consumidas desde esa fecha. Para quienes, antes de uno de enero de 2022, accedan a la prestaci\u00f3n por desempleo por finalizaci\u00f3n de un contrato de duraci\u00f3n determinada. O por despido por causas econ\u00f3micas, t\u00e9cnicas, organizativas o de producci\u00f3n, o por un despido por cualquier causa declarado improcedente. <\/p>\n\n\n\n<p><strong>Tampoco afectar\u00e1 a las nuevas prestaciones que se inicien a partir del uno de octubre de 2026.<\/strong><\/p>\n\n\n\n<p>La cuant\u00eda de la prestaci\u00f3n por desempleo reconocida a las personas trabajadoras afectadas por alg\u00fan ERTE regulado en el Real Decreto-ley, se determinar\u00e1 aplicando, a <strong>la base reguladora el porcentaje del 70% hasta el 31 de mayo de 2021<\/strong>.<\/p>\n\n\n\n<h2 class=\"wp-block-heading\">Reparto dividendos sociedades<\/h2>\n\n\n\n<p>Las sociedades mercantiles u otras personas jur\u00eddicas que se acojan a los ERTES de fuerza mayor regulados en este Real Decreto-ley y que tuvieran 50 o m\u00e1s trabajadores, <strong>no podr\u00e1n proceder al reparto de dividendos correspondientes al ejercicio fiscal en el que se apliquen estos ERTES<\/strong>, excepto si devuelven el importe correspondiente a la exoneraci\u00f3n aplicada a las cuotas de la Seguridad Social.<\/p>\n\n\n\n<h2 class=\"wp-block-heading\">Mantenimiento empleo<\/h2>\n\n\n\n<p><strong>Se mantiene la obligaci\u00f3n de mantener el empleo durante un plazo de seis meses respecto a los trabajadores afectados por el ERTE<\/strong>. No obstante, para las empresas que reciban exoneraciones conforme a lo previsto en el Real Decreto-ley se le aplica un nuevo per\u00edodo de seis meses de salvaguarde del empleo. Si ya estuvieran afectadas por un compromiso de mantenimiento del empleo previo, los nuevos seis meses contar\u00e1n a partir de la finalizaci\u00f3n del compromiso anterior.<\/p>\n\n\n\n<h2 class=\"wp-block-heading\">Limitaciones de despidos <\/h2>\n\n\n\n<p>Se <strong>prorrogan hasta el 31 de mayo de 2021 las limitaciones de los despidos y extinciones de contratos<\/strong>. De tal forma que la fuerza mayor y las causas econ\u00f3micas, t\u00e9cnicas, organizativas y de producci\u00f3n justificativas de los ERTES derivados del COVID-19, no se podr\u00e1n entender justificativas de despidos y extinciones contractuales.<\/p>\n\n\n\n<h2 class=\"wp-block-heading\">Contratos temporales<\/h2>\n\n\n\n<p>Se prorroga<strong> hasta el 31 de mayo de 2021 la interrupci\u00f3n de los contratos temporales <\/strong>afectados por un ERTE.<\/p>\n\n\n\n<h2 class=\"wp-block-heading\">M\u00e1s informaci\u00f3n sobre los ERTEs y sus pr\u00f3rrogas <\/h2>\n\n\n\n<ul class=\"wp-block-list\"><li><strong><a href=\"https:\/\/hosteleo.com\/blog\/las-claves-de-la-prorroga-de-los-ertes-hasta-enero\/\">Las claves de la prorroga de los ERTES hasta Enero<\/a><\/strong><\/li><li><strong><a href=\"https:\/\/hosteleo.com\/blog\/los-ertes-en-hosteleria\/\">Los ERTES en hosteler\u00eda, no es oro todo lo que reluce<\/a><\/strong><\/li><li><strong><a href=\"https:\/\/hosteleo.com\/blog\/guia-definitiva-sobre-los-ertes-en-hosteleria\/\">Gu\u00eda definitiva de los ERTES en hosteler\u00eda<\/a><\/strong><\/li><li><strong><a href=\"https:\/\/hosteleo.com\/blog\/como-afecta-a-la-hosteleria-la-prorroga-de-los-erte\/\">C\u00f3mo afecta a la hosteler\u00eda la prorroga de los ERTES hasta el 30 de junio<\/a><\/strong><\/li><li><strong><a href=\"https:\/\/hosteleo.com\/blog\/los-ertes-en-turismo-se-alargaran-hasta-final-de-ano\/\">Los ERTES en turismo se alargar\u00e1n hasta final de a\u00f1o<\/a><\/strong><\/li><\/ul>\n","protected":false},"excerpt":{"rendered":"<p>En el BOE del d\u00eda de hoy 27 de enero de 2021, ha sido publicado el Real Decreto-ley 2\/2021, de refuerzo y consolidaci\u00f3n medidas sociales en defensa del empleo. En este Real Decreto el Gobierno prorroga los ERTES hasta final de mayo. Se aprueban importantes novedades en materia de expedientes de regulaci\u00f3n temporal de empleo [&hellip;]<\/p>\n","protected":false},"author":2,"featured_media":4999,"comment_status":"open","ping_status":"open","sticky":false,"template":"","format":"standard","meta":{"_exactmetrics_skip_tracking":false,"_exactmetrics_sitenote_active":false,"_exactmetrics_sitenote_note":"","_exactmetrics_sitenote_category":0,"footnotes":""},"categories":[41],"tags":[224,229,656,522,655,648],"class_list":["post-4992","post","type-post","status-publish","format-standard","has-post-thumbnail","hentry","category-noticias-empleo-hosteleria-turismo","tag-erte","tag-ertes","tag-ertes-hasta-mayo","tag-ertes-hosteleria","tag-prorroga-ertes-2","tag-renovacion-ertes"],"yoast_head":"<!-- This site is optimized with the Yoast SEO plugin v27.5 - https:\/\/yoast.com\/product\/yoast-seo-wordpress\/ -->\n<title>El Gobierno prorroga los ERTES hasta final de mayo - Hosteleo.com<\/title>\n<meta name=\"description\" content=\"El Gobierno prorroga los ERTES hasta final de mayo. Con esta nueva renovaci\u00f3n los ERTES se podr\u00e1n alargar hasta el 31 de mayo\" \/>\n<meta name=\"robots\" content=\"index, follow, max-snippet:-1, max-image-preview:large, max-video-preview:-1\" \/>\n<link rel=\"canonical\" href=\"https:\/\/hosteleo.com\/blog\/el-gobierno-prorroga-los-ertes-hasta-final-de-mayo\/\" \/>\n<meta property=\"og:locale\" content=\"es_ES\" \/>\n<meta property=\"og:type\" content=\"article\" \/>\n<meta property=\"og:title\" content=\"El Gobierno prorroga los ERTES hasta final de mayo - Hosteleo.com\" \/>\n<meta property=\"og:description\" content=\"El Gobierno prorroga los ERTES hasta final de mayo. Con esta nueva renovaci\u00f3n los ERTES se podr\u00e1n alargar hasta el 31 de mayo\" \/>\n<meta property=\"og:url\" content=\"https:\/\/hosteleo.com\/blog\/el-gobierno-prorroga-los-ertes-hasta-final-de-mayo\/\" \/>\n<meta property=\"og:site_name\" content=\"Blog de Empleo en Hosteler\u00eda y Turismo - Hosteleo\" \/>\n<meta property=\"article:publisher\" content=\"https:\/\/www.facebook.com\/hosteleo\" \/>\n<meta property=\"article:published_time\" content=\"2021-01-27T17:11:44+00:00\" \/>\n<meta property=\"article:modified_time\" content=\"2021-01-27T17:19:27+00:00\" \/>\n<meta property=\"og:image\" content=\"https:\/\/hosteleo.com\/blog\/wp-content\/uploads\/2021\/01\/joost-crop-m2kqSa23MfI-unsplash-scaled.jpg\" \/>\n\t<meta property=\"og:image:width\" content=\"2560\" \/>\n\t<meta property=\"og:image:height\" content=\"1707\" \/>\n\t<meta property=\"og:image:type\" content=\"image\/jpeg\" \/>\n<meta name=\"author\" content=\"Luis P\u00e9rez\" \/>\n<meta name=\"twitter:card\" content=\"summary_large_image\" \/>\n<meta name=\"twitter:creator\" content=\"@hosteleo\" \/>\n<meta name=\"twitter:site\" content=\"@hosteleo\" \/>\n<meta name=\"twitter:label1\" content=\"Escrito por\" \/>\n\t<meta name=\"twitter:data1\" content=\"Luis P\u00e9rez\" \/>\n\t<meta name=\"twitter:label2\" content=\"Tiempo de lectura\" \/>\n\t<meta name=\"twitter:data2\" content=\"8 minutos\" \/>\n<script type=\"application\/ld+json\" class=\"yoast-schema-graph\">{\"@context\":\"https:\\\/\\\/schema.org\",\"@graph\":[{\"@type\":\"Article\",\"@id\":\"https:\\\/\\\/hosteleo.com\\\/blog\\\/el-gobierno-prorroga-los-ertes-hasta-final-de-mayo\\\/#article\",\"isPartOf\":{\"@id\":\"https:\\\/\\\/hosteleo.com\\\/blog\\\/el-gobierno-prorroga-los-ertes-hasta-final-de-mayo\\\/\"},\"author\":{\"name\":\"Luis P\u00e9rez\",\"@id\":\"https:\\\/\\\/hosteleo.com\\\/blog\\\/#\\\/schema\\\/person\\\/eef8bb67e661dbf50088c7f37406a84b\"},\"headline\":\"El Gobierno prorroga los ERTES hasta final de mayo\",\"datePublished\":\"2021-01-27T17:11:44+00:00\",\"dateModified\":\"2021-01-27T17:19:27+00:00\",\"mainEntityOfPage\":{\"@id\":\"https:\\\/\\\/hosteleo.com\\\/blog\\\/el-gobierno-prorroga-los-ertes-hasta-final-de-mayo\\\/\"},\"wordCount\":1558,\"commentCount\":3,\"publisher\":{\"@id\":\"https:\\\/\\\/hosteleo.com\\\/blog\\\/#organization\"},\"image\":{\"@id\":\"https:\\\/\\\/hosteleo.com\\\/blog\\\/el-gobierno-prorroga-los-ertes-hasta-final-de-mayo\\\/#primaryimage\"},\"thumbnailUrl\":\"https:\\\/\\\/hosteleo.com\\\/blog\\\/wp-content\\\/uploads\\\/2021\\\/01\\\/joost-crop-m2kqSa23MfI-unsplash-scaled.jpg\",\"keywords\":[\"erte\",\"ERTES\",\"ERTES hasta mayo\",\"ERTES hosteler\u00eda\",\"pr\u00f3rroga ERTES\",\"renovaci\u00f3n ertes\"],\"articleSection\":[\"Noticias de Empleo en Hosteler\u00eda y Turismo\"],\"inLanguage\":\"es\",\"potentialAction\":[{\"@type\":\"CommentAction\",\"name\":\"Comment\",\"target\":[\"https:\\\/\\\/hosteleo.com\\\/blog\\\/el-gobierno-prorroga-los-ertes-hasta-final-de-mayo\\\/#respond\"]}]},{\"@type\":\"WebPage\",\"@id\":\"https:\\\/\\\/hosteleo.com\\\/blog\\\/el-gobierno-prorroga-los-ertes-hasta-final-de-mayo\\\/\",\"url\":\"https:\\\/\\\/hosteleo.com\\\/blog\\\/el-gobierno-prorroga-los-ertes-hasta-final-de-mayo\\\/\",\"name\":\"El Gobierno prorroga los ERTES hasta final de mayo - Hosteleo.com\",\"isPartOf\":{\"@id\":\"https:\\\/\\\/hosteleo.com\\\/blog\\\/#website\"},\"primaryImageOfPage\":{\"@id\":\"https:\\\/\\\/hosteleo.com\\\/blog\\\/el-gobierno-prorroga-los-ertes-hasta-final-de-mayo\\\/#primaryimage\"},\"image\":{\"@id\":\"https:\\\/\\\/hosteleo.com\\\/blog\\\/el-gobierno-prorroga-los-ertes-hasta-final-de-mayo\\\/#primaryimage\"},\"thumbnailUrl\":\"https:\\\/\\\/hosteleo.com\\\/blog\\\/wp-content\\\/uploads\\\/2021\\\/01\\\/joost-crop-m2kqSa23MfI-unsplash-scaled.jpg\",\"datePublished\":\"2021-01-27T17:11:44+00:00\",\"dateModified\":\"2021-01-27T17:19:27+00:00\",\"description\":\"El Gobierno prorroga los ERTES hasta final de mayo. Con esta nueva renovaci\u00f3n los ERTES se podr\u00e1n alargar hasta el 31 de mayo\",\"breadcrumb\":{\"@id\":\"https:\\\/\\\/hosteleo.com\\\/blog\\\/el-gobierno-prorroga-los-ertes-hasta-final-de-mayo\\\/#breadcrumb\"},\"inLanguage\":\"es\",\"potentialAction\":[{\"@type\":\"ReadAction\",\"target\":[\"https:\\\/\\\/hosteleo.com\\\/blog\\\/el-gobierno-prorroga-los-ertes-hasta-final-de-mayo\\\/\"]}]},{\"@type\":\"ImageObject\",\"inLanguage\":\"es\",\"@id\":\"https:\\\/\\\/hosteleo.com\\\/blog\\\/el-gobierno-prorroga-los-ertes-hasta-final-de-mayo\\\/#primaryimage\",\"url\":\"https:\\\/\\\/hosteleo.com\\\/blog\\\/wp-content\\\/uploads\\\/2021\\\/01\\\/joost-crop-m2kqSa23MfI-unsplash-scaled.jpg\",\"contentUrl\":\"https:\\\/\\\/hosteleo.com\\\/blog\\\/wp-content\\\/uploads\\\/2021\\\/01\\\/joost-crop-m2kqSa23MfI-unsplash-scaled.jpg\",\"width\":2560,\"height\":1707,\"caption\":\"El Gobierno prorroga los ERTES hasta final de mayo\"},{\"@type\":\"BreadcrumbList\",\"@id\":\"https:\\\/\\\/hosteleo.com\\\/blog\\\/el-gobierno-prorroga-los-ertes-hasta-final-de-mayo\\\/#breadcrumb\",\"itemListElement\":[{\"@type\":\"ListItem\",\"position\":1,\"name\":\"Home\",\"item\":\"https:\\\/\\\/hosteleo.com\\\/blog\\\/\"},{\"@type\":\"ListItem\",\"position\":2,\"name\":\"El Gobierno prorroga los ERTES hasta final de mayo\"}]},{\"@type\":\"WebSite\",\"@id\":\"https:\\\/\\\/hosteleo.com\\\/blog\\\/#website\",\"url\":\"https:\\\/\\\/hosteleo.com\\\/blog\\\/\",\"name\":\"Blog de Empleo en Hosteler\u00eda y Turismo - Hosteleo\",\"description\":\"Tu blog de Empleo en Hosteler\u00eda y Turismo\",\"publisher\":{\"@id\":\"https:\\\/\\\/hosteleo.com\\\/blog\\\/#organization\"},\"potentialAction\":[{\"@type\":\"SearchAction\",\"target\":{\"@type\":\"EntryPoint\",\"urlTemplate\":\"https:\\\/\\\/hosteleo.com\\\/blog\\\/?s={search_term_string}\"},\"query-input\":{\"@type\":\"PropertyValueSpecification\",\"valueRequired\":true,\"valueName\":\"search_term_string\"}}],\"inLanguage\":\"es\"},{\"@type\":\"Organization\",\"@id\":\"https:\\\/\\\/hosteleo.com\\\/blog\\\/#organization\",\"name\":\"Hosteleo\",\"url\":\"https:\\\/\\\/hosteleo.com\\\/blog\\\/\",\"logo\":{\"@type\":\"ImageObject\",\"inLanguage\":\"es\",\"@id\":\"https:\\\/\\\/hosteleo.com\\\/blog\\\/#\\\/schema\\\/logo\\\/image\\\/\",\"url\":\"https:\\\/\\\/hosteleo.wizzie.dev\\\/blog\\\/wp-content\\\/uploads\\\/2020\\\/05\\\/logo-hosteleo.png\",\"contentUrl\":\"https:\\\/\\\/hosteleo.wizzie.dev\\\/blog\\\/wp-content\\\/uploads\\\/2020\\\/05\\\/logo-hosteleo.png\",\"width\":475,\"height\":76,\"caption\":\"Hosteleo\"},\"image\":{\"@id\":\"https:\\\/\\\/hosteleo.com\\\/blog\\\/#\\\/schema\\\/logo\\\/image\\\/\"},\"sameAs\":[\"https:\\\/\\\/www.facebook.com\\\/hosteleo\",\"https:\\\/\\\/x.com\\\/hosteleo\",\"https:\\\/\\\/www.instagram.com\\\/hosteleo\\\/\",\"https:\\\/\\\/es.linkedin.com\\\/company\\\/hosteleo-com\"]},{\"@type\":\"Person\",\"@id\":\"https:\\\/\\\/hosteleo.com\\\/blog\\\/#\\\/schema\\\/person\\\/eef8bb67e661dbf50088c7f37406a84b\",\"name\":\"Luis P\u00e9rez\",\"image\":{\"@type\":\"ImageObject\",\"inLanguage\":\"es\",\"@id\":\"https:\\\/\\\/secure.gravatar.com\\\/avatar\\\/3949b0f4521059dd33be21948b1d539ec03a1b1069b5df3ea7e3f43d4a8b2d4d?s=96&d=mm&r=g\",\"url\":\"https:\\\/\\\/secure.gravatar.com\\\/avatar\\\/3949b0f4521059dd33be21948b1d539ec03a1b1069b5df3ea7e3f43d4a8b2d4d?s=96&d=mm&r=g\",\"contentUrl\":\"https:\\\/\\\/secure.gravatar.com\\\/avatar\\\/3949b0f4521059dd33be21948b1d539ec03a1b1069b5df3ea7e3f43d4a8b2d4d?s=96&d=mm&r=g\",\"caption\":\"Luis P\u00e9rez\"},\"url\":\"https:\\\/\\\/hosteleo.com\\\/blog\\\/author\\\/davidbglinkers-es\\\/\"}]}<\/script>\n<!-- \/ Yoast SEO plugin. -->","yoast_head_json":{"title":"El Gobierno prorroga los ERTES hasta final de mayo - Hosteleo.com","description":"El Gobierno prorroga los ERTES hasta final de mayo. Con esta nueva renovaci\u00f3n los ERTES se podr\u00e1n alargar hasta el 31 de mayo","robots":{"index":"index","follow":"follow","max-snippet":"max-snippet:-1","max-image-preview":"max-image-preview:large","max-video-preview":"max-video-preview:-1"},"canonical":"https:\/\/hosteleo.com\/blog\/el-gobierno-prorroga-los-ertes-hasta-final-de-mayo\/","og_locale":"es_ES","og_type":"article","og_title":"El Gobierno prorroga los ERTES hasta final de mayo - Hosteleo.com","og_description":"El Gobierno prorroga los ERTES hasta final de mayo. Con esta nueva renovaci\u00f3n los ERTES se podr\u00e1n alargar hasta el 31 de mayo","og_url":"https:\/\/hosteleo.com\/blog\/el-gobierno-prorroga-los-ertes-hasta-final-de-mayo\/","og_site_name":"Blog de Empleo en Hosteler\u00eda y Turismo - Hosteleo","article_publisher":"https:\/\/www.facebook.com\/hosteleo","article_published_time":"2021-01-27T17:11:44+00:00","article_modified_time":"2021-01-27T17:19:27+00:00","og_image":[{"width":2560,"height":1707,"url":"https:\/\/hosteleo.com\/blog\/wp-content\/uploads\/2021\/01\/joost-crop-m2kqSa23MfI-unsplash-scaled.jpg","type":"image\/jpeg"}],"author":"Luis P\u00e9rez","twitter_card":"summary_large_image","twitter_creator":"@hosteleo","twitter_site":"@hosteleo","twitter_misc":{"Escrito por":"Luis P\u00e9rez","Tiempo de lectura":"8 minutos"},"schema":{"@context":"https:\/\/schema.org","@graph":[{"@type":"Article","@id":"https:\/\/hosteleo.com\/blog\/el-gobierno-prorroga-los-ertes-hasta-final-de-mayo\/#article","isPartOf":{"@id":"https:\/\/hosteleo.com\/blog\/el-gobierno-prorroga-los-ertes-hasta-final-de-mayo\/"},"author":{"name":"Luis P\u00e9rez","@id":"https:\/\/hosteleo.com\/blog\/#\/schema\/person\/eef8bb67e661dbf50088c7f37406a84b"},"headline":"El Gobierno prorroga los ERTES hasta final de mayo","datePublished":"2021-01-27T17:11:44+00:00","dateModified":"2021-01-27T17:19:27+00:00","mainEntityOfPage":{"@id":"https:\/\/hosteleo.com\/blog\/el-gobierno-prorroga-los-ertes-hasta-final-de-mayo\/"},"wordCount":1558,"commentCount":3,"publisher":{"@id":"https:\/\/hosteleo.com\/blog\/#organization"},"image":{"@id":"https:\/\/hosteleo.com\/blog\/el-gobierno-prorroga-los-ertes-hasta-final-de-mayo\/#primaryimage"},"thumbnailUrl":"https:\/\/hosteleo.com\/blog\/wp-content\/uploads\/2021\/01\/joost-crop-m2kqSa23MfI-unsplash-scaled.jpg","keywords":["erte","ERTES","ERTES hasta mayo","ERTES hosteler\u00eda","pr\u00f3rroga ERTES","renovaci\u00f3n ertes"],"articleSection":["Noticias de Empleo en Hosteler\u00eda y Turismo"],"inLanguage":"es","potentialAction":[{"@type":"CommentAction","name":"Comment","target":["https:\/\/hosteleo.com\/blog\/el-gobierno-prorroga-los-ertes-hasta-final-de-mayo\/#respond"]}]},{"@type":"WebPage","@id":"https:\/\/hosteleo.com\/blog\/el-gobierno-prorroga-los-ertes-hasta-final-de-mayo\/","url":"https:\/\/hosteleo.com\/blog\/el-gobierno-prorroga-los-ertes-hasta-final-de-mayo\/","name":"El Gobierno prorroga los ERTES hasta final de mayo - Hosteleo.com","isPartOf":{"@id":"https:\/\/hosteleo.com\/blog\/#website"},"primaryImageOfPage":{"@id":"https:\/\/hosteleo.com\/blog\/el-gobierno-prorroga-los-ertes-hasta-final-de-mayo\/#primaryimage"},"image":{"@id":"https:\/\/hosteleo.com\/blog\/el-gobierno-prorroga-los-ertes-hasta-final-de-mayo\/#primaryimage"},"thumbnailUrl":"https:\/\/hosteleo.com\/blog\/wp-content\/uploads\/2021\/01\/joost-crop-m2kqSa23MfI-unsplash-scaled.jpg","datePublished":"2021-01-27T17:11:44+00:00","dateModified":"2021-01-27T17:19:27+00:00","description":"El Gobierno prorroga los ERTES hasta final de mayo. Con esta nueva renovaci\u00f3n los ERTES se podr\u00e1n alargar hasta el 31 de mayo","breadcrumb":{"@id":"https:\/\/hosteleo.com\/blog\/el-gobierno-prorroga-los-ertes-hasta-final-de-mayo\/#breadcrumb"},"inLanguage":"es","potentialAction":[{"@type":"ReadAction","target":["https:\/\/hosteleo.com\/blog\/el-gobierno-prorroga-los-ertes-hasta-final-de-mayo\/"]}]},{"@type":"ImageObject","inLanguage":"es","@id":"https:\/\/hosteleo.com\/blog\/el-gobierno-prorroga-los-ertes-hasta-final-de-mayo\/#primaryimage","url":"https:\/\/hosteleo.com\/blog\/wp-content\/uploads\/2021\/01\/joost-crop-m2kqSa23MfI-unsplash-scaled.jpg","contentUrl":"https:\/\/hosteleo.com\/blog\/wp-content\/uploads\/2021\/01\/joost-crop-m2kqSa23MfI-unsplash-scaled.jpg","width":2560,"height":1707,"caption":"El Gobierno prorroga los ERTES hasta final de mayo"},{"@type":"BreadcrumbList","@id":"https:\/\/hosteleo.com\/blog\/el-gobierno-prorroga-los-ertes-hasta-final-de-mayo\/#breadcrumb","itemListElement":[{"@type":"ListItem","position":1,"name":"Home","item":"https:\/\/hosteleo.com\/blog\/"},{"@type":"ListItem","position":2,"name":"El Gobierno prorroga los ERTES hasta final de mayo"}]},{"@type":"WebSite","@id":"https:\/\/hosteleo.com\/blog\/#website","url":"https:\/\/hosteleo.com\/blog\/","name":"Blog de Empleo en Hosteler\u00eda y Turismo - Hosteleo","description":"Tu blog de Empleo en Hosteler\u00eda y Turismo","publisher":{"@id":"https:\/\/hosteleo.com\/blog\/#organization"},"potentialAction":[{"@type":"SearchAction","target":{"@type":"EntryPoint","urlTemplate":"https:\/\/hosteleo.com\/blog\/?s={search_term_string}"},"query-input":{"@type":"PropertyValueSpecification","valueRequired":true,"valueName":"search_term_string"}}],"inLanguage":"es"},{"@type":"Organization","@id":"https:\/\/hosteleo.com\/blog\/#organization","name":"Hosteleo","url":"https:\/\/hosteleo.com\/blog\/","logo":{"@type":"ImageObject","inLanguage":"es","@id":"https:\/\/hosteleo.com\/blog\/#\/schema\/logo\/image\/","url":"https:\/\/hosteleo.wizzie.dev\/blog\/wp-content\/uploads\/2020\/05\/logo-hosteleo.png","contentUrl":"https:\/\/hosteleo.wizzie.dev\/blog\/wp-content\/uploads\/2020\/05\/logo-hosteleo.png","width":475,"height":76,"caption":"Hosteleo"},"image":{"@id":"https:\/\/hosteleo.com\/blog\/#\/schema\/logo\/image\/"},"sameAs":["https:\/\/www.facebook.com\/hosteleo","https:\/\/x.com\/hosteleo","https:\/\/www.instagram.com\/hosteleo\/","https:\/\/es.linkedin.com\/company\/hosteleo-com"]},{"@type":"Person","@id":"https:\/\/hosteleo.com\/blog\/#\/schema\/person\/eef8bb67e661dbf50088c7f37406a84b","name":"Luis P\u00e9rez","image":{"@type":"ImageObject","inLanguage":"es","@id":"https:\/\/secure.gravatar.com\/avatar\/3949b0f4521059dd33be21948b1d539ec03a1b1069b5df3ea7e3f43d4a8b2d4d?s=96&d=mm&r=g","url":"https:\/\/secure.gravatar.com\/avatar\/3949b0f4521059dd33be21948b1d539ec03a1b1069b5df3ea7e3f43d4a8b2d4d?s=96&d=mm&r=g","contentUrl":"https:\/\/secure.gravatar.com\/avatar\/3949b0f4521059dd33be21948b1d539ec03a1b1069b5df3ea7e3f43d4a8b2d4d?s=96&d=mm&r=g","caption":"Luis P\u00e9rez"},"url":"https:\/\/hosteleo.com\/blog\/author\/davidbglinkers-es\/"}]}},"amp_enabled":true,"_links":{"self":[{"href":"https:\/\/hosteleo.com\/blog\/wp-json\/wp\/v2\/posts\/4992","targetHints":{"allow":["GET"]}}],"collection":[{"href":"https:\/\/hosteleo.com\/blog\/wp-json\/wp\/v2\/posts"}],"about":[{"href":"https:\/\/hosteleo.com\/blog\/wp-json\/wp\/v2\/types\/post"}],"author":[{"embeddable":true,"href":"https:\/\/hosteleo.com\/blog\/wp-json\/wp\/v2\/users\/2"}],"replies":[{"embeddable":true,"href":"https:\/\/hosteleo.com\/blog\/wp-json\/wp\/v2\/comments?post=4992"}],"version-history":[{"count":10,"href":"https:\/\/hosteleo.com\/blog\/wp-json\/wp\/v2\/posts\/4992\/revisions"}],"predecessor-version":[{"id":5008,"href":"https:\/\/hosteleo.com\/blog\/wp-json\/wp\/v2\/posts\/4992\/revisions\/5008"}],"wp:featuredmedia":[{"embeddable":true,"href":"https:\/\/hosteleo.com\/blog\/wp-json\/wp\/v2\/media\/4999"}],"wp:attachment":[{"href":"https:\/\/hosteleo.com\/blog\/wp-json\/wp\/v2\/media?parent=4992"}],"wp:term":[{"taxonomy":"category","embeddable":true,"href":"https:\/\/hosteleo.com\/blog\/wp-json\/wp\/v2\/categories?post=4992"},{"taxonomy":"post_tag","embeddable":true,"href":"https:\/\/hosteleo.com\/blog\/wp-json\/wp\/v2\/tags?post=4992"}],"curies":[{"name":"wp","href":"https:\/\/api.w.org\/{rel}","templated":true}]}}