{"id":5107,"date":"2021-02-07T11:22:12","date_gmt":"2021-02-07T11:22:12","guid":{"rendered":"https:\/\/hosteleo.com\/blog\/?p=5107"},"modified":"2021-02-07T11:27:06","modified_gmt":"2021-02-07T11:27:06","slug":"el-sepe-paga-la-prestacion-de-erte-de-diciembre","status":"publish","type":"post","link":"https:\/\/hosteleo.com\/blog\/el-sepe-paga-la-prestacion-de-erte-de-diciembre\/","title":{"rendered":"El SEPE paga la prestaci\u00f3n de ERTE de Diciembre en Febrero"},"content":{"rendered":"\n<p>Reci\u00e9n <strong>comenzado el mes de febrero <\/strong>el <strong><a href=\"https:\/\/www.sepe.es\/HomeSepe\">SEPE<\/a><\/strong> paga la prestaci\u00f3n de ERTE de Diciembre,<strong> con un retraso de un mes<\/strong>. De esta manera quedar\u00eda pendiente <strong>el pago del mes de enero para cerrar la pen\u00faltima pr\u00f3rroga <\/strong>aprobada por <strong><a href=\"https:\/\/www.lamoncloa.gob.es\/Paginas\/index.aspx\">el Gobierno<\/a><\/strong> de este instrumento de salvaguarda del empleo.<\/p>\n\n\n\n<h2 class=\"wp-block-heading\">La aprobaci\u00f3n de los ERTES<\/h2>\n\n\n\n<p>La entrada en vigor de la ley&nbsp;<strong>del Decreto Ley 18\/2020<\/strong>&nbsp;fue el inicio de los ERTES de fuerza mayor y su regulaci\u00f3n administrativa para todo los sectores productivos y sus trabajadores.<\/p>\n\n\n\n<p>Fruto de la publicaci\u00f3n de esta norma\u00a0<strong>muchas empresas y empresarios del sector hosteler\u00eda y turismo se acogieron a esta iniciativa gubernamental\u00a0<\/strong>para poder\u00a0<strong>hacer frente al cierre de sus negocios y empresas<\/strong>.<\/p>\n\n\n\n<p><strong>Si bien la duraci\u00f3n estimada de esta medida era hasta el 30 de junio, debido a la complicada situaci\u00f3n econ\u00f3mica derivada de la pandemia del Covid-19<\/strong>, el Consejo de Ministros alarg\u00f3 esta situaci\u00f3n hasta el 30 de septiembre mediante el Decreto Ley 24\/2020.<\/p>\n\n\n\n<p>Posteriormente los <strong>ERTES <\/strong>se han ido ampliando por el Gobierno de Espa\u00f1a con sucesivas pr\u00f3rrogas, la \u00faltima en fecha<strong> de 27 de enero de 2021<\/strong> a trav\u00e9s del <strong><a href=\"https:\/\/www.boe.es\/boe\/dias\/2021\/01\/27\/pdfs\/BOE-A-2021-1130.pdf\">Real Decreto-ley 2\/2021, de refuerzo y consolidaci\u00f3n medidas sociales en defensa del empleo<\/a><\/strong>.<\/p>\n\n\n\n<figure class=\"wp-block-embed-wordpress wp-block-embed is-type-wp-embed is-provider-blog-de-empleo-en-hosteleria-y-turismo-hosteleo\"><div class=\"wp-block-embed__wrapper\">\n<blockquote class=\"wp-embedded-content\" data-secret=\"heXAGkLiom\"><a href=\"https:\/\/hosteleo.wizzie.dev\/blog\/el-gobierno-prorroga-los-ertes-hasta-final-de-mayo\/\">El Gobierno prorroga los ERTES hasta final de mayo<\/a><\/blockquote><iframe loading=\"lazy\" class=\"wp-embedded-content\" sandbox=\"allow-scripts\" security=\"restricted\" style=\"position: absolute; clip: rect(1px, 1px, 1px, 1px);\" title=\"\u00abEl Gobierno prorroga los ERTES hasta final de mayo\u00bb \u2014 Blog de Empleo en Hosteler\u00eda y Turismo.-Hosteleo\" src=\"https:\/\/hosteleo.wizzie.dev\/blog\/el-gobierno-prorroga-los-ertes-hasta-final-de-mayo\/embed\/#?secret=heXAGkLiom\" data-secret=\"heXAGkLiom\" width=\"600\" height=\"338\" frameborder=\"0\" marginwidth=\"0\" marginheight=\"0\" scrolling=\"no\"><\/iframe>\n<\/div><\/figure>\n\n\n\n<h2 class=\"wp-block-heading\">Los pagos de la prestaci\u00f3n de ERTE durante el 2020<\/h2>\n\n\n\n<p>Durante el a\u00f1o <strong>2020 se han ido sucediendo retrasos de pago <\/strong>en el abono de las <strong>prestaciones de desempleo <\/strong>de los<strong> ERTES a los trabajadores afectados<\/strong>.<\/p>\n\n\n\n<p>Si bien durante los<strong> primeros meses, hasta junio<\/strong>, fue<strong> habitual <\/strong>el pago entre los <strong>d\u00edas 1 al 5 del mes siguiente<\/strong>. Cuesti\u00f3n que tambi\u00e9n cont\u00f3 con la c<strong>olaboraci\u00f3n de las entidades bancarias y de cr\u00e9dito<\/strong>. Y salvo los errores o impagos a un numero de trabajadores que por variados motivos no se les ingres\u00f3 ninguna mensualidad.<\/p>\n\n\n\n<figure class=\"wp-block-image size-large\"><img loading=\"lazy\" decoding=\"async\" width=\"1024\" height=\"683\" src=\"https:\/\/hosteleo.com\/blog\/wp-content\/uploads\/2021\/02\/sharon-mccutcheon-8a5eJ1-mmQ-unsplash-1024x683.jpg\" alt=\"\" class=\"wp-image-5121\" srcset=\"https:\/\/hosteleo.com\/blog\/wp-content\/uploads\/2021\/02\/sharon-mccutcheon-8a5eJ1-mmQ-unsplash-1024x683.jpg 1024w, https:\/\/hosteleo.com\/blog\/wp-content\/uploads\/2021\/02\/sharon-mccutcheon-8a5eJ1-mmQ-unsplash-300x200.jpg 300w, https:\/\/hosteleo.com\/blog\/wp-content\/uploads\/2021\/02\/sharon-mccutcheon-8a5eJ1-mmQ-unsplash-768x512.jpg 768w, https:\/\/hosteleo.com\/blog\/wp-content\/uploads\/2021\/02\/sharon-mccutcheon-8a5eJ1-mmQ-unsplash-1536x1024.jpg 1536w, https:\/\/hosteleo.com\/blog\/wp-content\/uploads\/2021\/02\/sharon-mccutcheon-8a5eJ1-mmQ-unsplash-2048x1365.jpg 2048w, https:\/\/hosteleo.com\/blog\/wp-content\/uploads\/2021\/02\/sharon-mccutcheon-8a5eJ1-mmQ-unsplash-810x540.jpg 810w, https:\/\/hosteleo.com\/blog\/wp-content\/uploads\/2021\/02\/sharon-mccutcheon-8a5eJ1-mmQ-unsplash-1140x760.jpg 1140w\" sizes=\"auto, (max-width: 1024px) 100vw, 1024px\" \/><figcaption>El SEPE paga la prestaci\u00f3n de ERTE de Diciembre<\/figcaption><\/figure>\n\n\n\n<p>Pero e<strong>n el mes de Julio las centrales sindicales ya anunciaron que hab\u00eda la posibilidad de impago del abono de la prestaci\u00f3n por ERTE<\/strong>, que el SEPE tendr\u00eda que abonar en Agosto. Y as\u00ed pas\u00f3,<strong> quedando sin pagar ese mes cientos de miles de trabajadores<\/strong>, por la raz\u00f3n del cambio de gesti\u00f3n administrativa de los expedientes de ERTE.<\/p>\n\n\n\n<figure class=\"wp-block-embed-wordpress wp-block-embed is-type-wp-embed is-provider-blog-de-empleo-en-hosteleria-y-turismo-hosteleo\"><div class=\"wp-block-embed__wrapper\">\n<blockquote class=\"wp-embedded-content\" data-secret=\"li4Bi324W4\"><a href=\"https:\/\/hosteleo.wizzie.dev\/blog\/pago-de-prestacion-del-sepe-en-agosto-posible-impago\/\">Pago de prestaci\u00f3n del SEPE en Agosto, posible impago o retraso<\/a><\/blockquote><iframe loading=\"lazy\" class=\"wp-embedded-content\" sandbox=\"allow-scripts\" security=\"restricted\" style=\"position: absolute; clip: rect(1px, 1px, 1px, 1px);\" title=\"\u00abPago de prestaci\u00f3n del SEPE en Agosto, posible impago o retraso\u00bb \u2014 Blog de Empleo en Hosteler\u00eda y Turismo.-Hosteleo\" src=\"https:\/\/hosteleo.wizzie.dev\/blog\/pago-de-prestacion-del-sepe-en-agosto-posible-impago\/embed\/#?secret=li4Bi324W4\" data-secret=\"li4Bi324W4\" width=\"600\" height=\"338\" frameborder=\"0\" marginwidth=\"0\" marginheight=\"0\" scrolling=\"no\"><\/iframe>\n<\/div><\/figure>\n\n\n\n<p>Y misma cuesti\u00f3n, <strong>impago de otro mes sucedi\u00f3 el pasado mes de diciembre<\/strong>, si bien en el noviembre hubo trabajadores que recibieron dos mensualidades, que se supone que era la pendiente de julio. Aunque es siempre dif\u00edcil que haya una solo versi\u00f3n oficial del ciclo de pagos y sus retrasos.<\/p>\n\n\n\n<p>Y <strong>quedo sin abonar en el mes de diciembre la prestaci\u00f3n de noviembre<\/strong>, de una manera generalizada, y <strong>extra\u00f1amente con poca difusi\u00f3n de ello de los medios de comunicaci\u00f3n en Espa\u00f1a<\/strong>, peso al da\u00f1o econ\u00f3mico que se produjo para los trabajadores y m\u00e1s en esas fechas tan especiales.<\/p>\n\n\n\n<figure class=\"wp-block-embed-wordpress wp-block-embed is-type-wp-embed is-provider-blog-de-empleo-en-hosteleria-y-turismo-hosteleo\"><div class=\"wp-block-embed__wrapper\">\n<blockquote class=\"wp-embedded-content\" data-secret=\"YmpbWree2V\"><a href=\"https:\/\/hosteleo.wizzie.dev\/blog\/el-impago-del-sepe-en-diciembre-en-los-medios\/\">El impago del SEPE en Diciembre en los medios<\/a><\/blockquote><iframe loading=\"lazy\" class=\"wp-embedded-content\" sandbox=\"allow-scripts\" security=\"restricted\" style=\"position: absolute; clip: rect(1px, 1px, 1px, 1px);\" title=\"\u00abEl impago del SEPE en Diciembre en los medios\u00bb \u2014 Blog de Empleo en Hosteler\u00eda y Turismo.-Hosteleo\" src=\"https:\/\/hosteleo.wizzie.dev\/blog\/el-impago-del-sepe-en-diciembre-en-los-medios\/embed\/#?secret=YmpbWree2V\" data-secret=\"YmpbWree2V\" width=\"600\" height=\"338\" frameborder=\"0\" marginwidth=\"0\" marginheight=\"0\" scrolling=\"no\"><\/iframe>\n<\/div><\/figure>\n\n\n\n<h2 class=\"wp-block-heading\">Actual gesti\u00f3n del pago de prestaci\u00f3n de los ERTES<\/h2>\n\n\n\n<p>En la actualidad, <strong>a fecha de febrero, quedar\u00eda por cobrar la prestaci\u00f3n de ERTE del mes de Enero que va retrasada<\/strong>. Siendo la raz\u00f3n que dieron desde la administraci\u00f3n , que en esta pen\u00faltima prorroga se cobrar\u00edan las prestaciones a sesenta d\u00edas.<\/p>\n\n\n\n<p><strong>Una vez que quede abonado ese \u00faltimo pago<\/strong> de enero, entrar\u00edamos ya en el proceso de<strong> cobro de la \u00faltima pr\u00f3rroga aprobada el d\u00eda 27 de enero de 2021 <\/strong>y que alargar\u00e1 los ERTES hasta el 30 de mayo.<\/p>\n\n\n\n<p>Veremos <strong>como se realiza la gesti\u00f3n pago mensual de la prestaci\u00f3n de ERT<\/strong>E durante esta \u00faltima pr\u00f3rroga,<strong> si se regularizan los pagos y se vuelve a la normalidad<\/strong> de abono al mes siguiente durante los d\u00eda del 1 al 5.<\/p>\n\n\n\n<figure class=\"wp-block-image size-large\"><img loading=\"lazy\" decoding=\"async\" width=\"1024\" height=\"640\" src=\"https:\/\/hosteleo.com\/blog\/wp-content\/uploads\/2021\/02\/cardmapr-XH2JFgT4Abc-unsplash-1024x640.jpg\" alt=\"\" class=\"wp-image-5122\" srcset=\"https:\/\/hosteleo.com\/blog\/wp-content\/uploads\/2021\/02\/cardmapr-XH2JFgT4Abc-unsplash-1024x640.jpg 1024w, https:\/\/hosteleo.com\/blog\/wp-content\/uploads\/2021\/02\/cardmapr-XH2JFgT4Abc-unsplash-300x188.jpg 300w, https:\/\/hosteleo.com\/blog\/wp-content\/uploads\/2021\/02\/cardmapr-XH2JFgT4Abc-unsplash-768x480.jpg 768w, https:\/\/hosteleo.com\/blog\/wp-content\/uploads\/2021\/02\/cardmapr-XH2JFgT4Abc-unsplash-1536x960.jpg 1536w, https:\/\/hosteleo.com\/blog\/wp-content\/uploads\/2021\/02\/cardmapr-XH2JFgT4Abc-unsplash-2048x1280.jpg 2048w, https:\/\/hosteleo.com\/blog\/wp-content\/uploads\/2021\/02\/cardmapr-XH2JFgT4Abc-unsplash-320x200.jpg 320w, https:\/\/hosteleo.com\/blog\/wp-content\/uploads\/2021\/02\/cardmapr-XH2JFgT4Abc-unsplash-810x506.jpg 810w, https:\/\/hosteleo.com\/blog\/wp-content\/uploads\/2021\/02\/cardmapr-XH2JFgT4Abc-unsplash-1140x713.jpg 1140w\" sizes=\"auto, (max-width: 1024px) 100vw, 1024px\" \/><figcaption>El SEPE paga la prestaci\u00f3n de ERTE de Diciembre<\/figcaption><\/figure>\n\n\n\n<h2 class=\"wp-block-heading\">M\u00e1s informaci\u00f3n sobre los ERTES y el SEPE<\/h2>\n\n\n\n<ul class=\"wp-block-list\"><li><strong><a href=\"https:\/\/hosteleo.com\/blog\/las-claves-de-la-prorroga-de-los-ertes-hasta-enero\/\">Las claves de la prorroga de los ERTES hasta Enero<\/a><\/strong><\/li><li><strong><a href=\"https:\/\/hosteleo.com\/blog\/los-ertes-en-hosteleria\/\">Los ERTES en hosteler\u00eda, no es oro todo lo que reluce<\/a><\/strong><\/li><li><strong><a href=\"https:\/\/hosteleo.com\/blog\/guia-definitiva-sobre-los-ertes-en-hosteleria\/\">Gu\u00eda definitiva de los ERTES en hosteler\u00eda<\/a><\/strong><\/li><li><strong><a href=\"https:\/\/hosteleo.com\/blog\/como-afecta-a-la-hosteleria-la-prorroga-de-los-erte\/\">C\u00f3mo afecta a la hosteler\u00eda la prorroga de los ERTES hasta el 30 de junio<\/a><\/strong><\/li><li><strong><a href=\"https:\/\/hosteleo.com\/blog\/los-ertes-en-turismo-se-alargaran-hasta-final-de-ano\/\">Los ERTES en turismo se alargar\u00e1n hasta final de a\u00f1o<\/a><\/strong><\/li><\/ul>\n","protected":false},"excerpt":{"rendered":"<p>Reci\u00e9n comenzado el mes de febrero el SEPE paga la prestaci\u00f3n de ERTE de Diciembre, con un retraso de un mes. De esta manera quedar\u00eda pendiente el pago del mes de enero para cerrar la pen\u00faltima pr\u00f3rroga aprobada por el Gobierno de este instrumento de salvaguarda del empleo. La aprobaci\u00f3n de los ERTES La entrada [&hellip;]<\/p>\n","protected":false},"author":2,"featured_media":5123,"comment_status":"open","ping_status":"open","sticky":false,"template":"","format":"standard","meta":{"_exactmetrics_skip_tracking":false,"_exactmetrics_sitenote_active":false,"_exactmetrics_sitenote_note":"","_exactmetrics_sitenote_category":0,"footnotes":""},"categories":[41],"tags":[224,229,675,672,673,674,506,538],"class_list":["post-5107","post","type-post","status-publish","format-standard","has-post-thumbnail","hentry","category-noticias-empleo-hosteleria-turismo","tag-erte","tag-ertes","tag-impago-de-erte","tag-pago-de-erte","tag-pago-de-erte-diciembre","tag-pago-de-erte-enero","tag-pago-de-prestacion","tag-pago-erte"],"yoast_head":"<!-- This site is optimized with the Yoast SEO plugin v27.5 - https:\/\/yoast.com\/product\/yoast-seo-wordpress\/ -->\n<title>El SEPE paga la prestaci\u00f3n de ERTE de Diciembre en Febrero - Hosteleo<\/title>\n<meta name=\"description\" content=\"El SEPE paga la prestaci\u00f3n de ERTE de Diciembre con un mes de retraso. Quedar\u00eda un mes de pago de la pen\u00faltima pr\u00f3rroga aprobada.\" \/>\n<meta name=\"robots\" content=\"index, follow, max-snippet:-1, max-image-preview:large, max-video-preview:-1\" \/>\n<link rel=\"canonical\" href=\"https:\/\/hosteleo.com\/blog\/el-sepe-paga-la-prestacion-de-erte-de-diciembre\/\" \/>\n<meta property=\"og:locale\" content=\"es_ES\" \/>\n<meta property=\"og:type\" content=\"article\" \/>\n<meta property=\"og:title\" content=\"El SEPE paga la prestaci\u00f3n de ERTE de Diciembre en Febrero - Hosteleo\" \/>\n<meta property=\"og:description\" content=\"El SEPE paga la prestaci\u00f3n de ERTE de Diciembre con un mes de retraso. Quedar\u00eda un mes de pago de la pen\u00faltima pr\u00f3rroga aprobada.\" \/>\n<meta property=\"og:url\" content=\"https:\/\/hosteleo.com\/blog\/el-sepe-paga-la-prestacion-de-erte-de-diciembre\/\" \/>\n<meta property=\"og:site_name\" content=\"Blog de Empleo en Hosteler\u00eda y Turismo - Hosteleo\" \/>\n<meta property=\"article:publisher\" content=\"https:\/\/www.facebook.com\/hosteleo\" \/>\n<meta property=\"article:published_time\" content=\"2021-02-07T11:22:12+00:00\" \/>\n<meta property=\"article:modified_time\" content=\"2021-02-07T11:27:06+00:00\" \/>\n<meta property=\"og:image\" content=\"https:\/\/hosteleo.com\/blog\/wp-content\/uploads\/2021\/02\/jonas-leupe-0IVop5v4MMU-unsplash-scaled.jpg\" \/>\n\t<meta property=\"og:image:width\" content=\"2560\" \/>\n\t<meta property=\"og:image:height\" content=\"1706\" \/>\n\t<meta property=\"og:image:type\" content=\"image\/jpeg\" \/>\n<meta name=\"author\" content=\"Luis P\u00e9rez\" \/>\n<meta name=\"twitter:card\" content=\"summary_large_image\" \/>\n<meta name=\"twitter:creator\" content=\"@hosteleo\" \/>\n<meta name=\"twitter:site\" content=\"@hosteleo\" \/>\n<meta name=\"twitter:label1\" content=\"Escrito por\" \/>\n\t<meta name=\"twitter:data1\" content=\"Luis P\u00e9rez\" \/>\n\t<meta name=\"twitter:label2\" content=\"Tiempo de lectura\" \/>\n\t<meta name=\"twitter:data2\" content=\"4 minutos\" \/>\n<script type=\"application\/ld+json\" class=\"yoast-schema-graph\">{\"@context\":\"https:\\\/\\\/schema.org\",\"@graph\":[{\"@type\":\"Article\",\"@id\":\"https:\\\/\\\/hosteleo.com\\\/blog\\\/el-sepe-paga-la-prestacion-de-erte-de-diciembre\\\/#article\",\"isPartOf\":{\"@id\":\"https:\\\/\\\/hosteleo.com\\\/blog\\\/el-sepe-paga-la-prestacion-de-erte-de-diciembre\\\/\"},\"author\":{\"name\":\"Luis P\u00e9rez\",\"@id\":\"https:\\\/\\\/hosteleo.com\\\/blog\\\/#\\\/schema\\\/person\\\/eef8bb67e661dbf50088c7f37406a84b\"},\"headline\":\"El SEPE paga la prestaci\u00f3n de ERTE de Diciembre en Febrero\",\"datePublished\":\"2021-02-07T11:22:12+00:00\",\"dateModified\":\"2021-02-07T11:27:06+00:00\",\"mainEntityOfPage\":{\"@id\":\"https:\\\/\\\/hosteleo.com\\\/blog\\\/el-sepe-paga-la-prestacion-de-erte-de-diciembre\\\/\"},\"wordCount\":737,\"commentCount\":10,\"publisher\":{\"@id\":\"https:\\\/\\\/hosteleo.com\\\/blog\\\/#organization\"},\"image\":{\"@id\":\"https:\\\/\\\/hosteleo.com\\\/blog\\\/el-sepe-paga-la-prestacion-de-erte-de-diciembre\\\/#primaryimage\"},\"thumbnailUrl\":\"https:\\\/\\\/hosteleo.com\\\/blog\\\/wp-content\\\/uploads\\\/2021\\\/02\\\/jonas-leupe-0IVop5v4MMU-unsplash-scaled.jpg\",\"keywords\":[\"erte\",\"ERTES\",\"impago de ERTE\",\"pago de erte\",\"pago de erte diciembre\",\"pago de ERTE Enero\",\"pago de prestacion\",\"pago ERTE\"],\"articleSection\":[\"Noticias de Empleo en Hosteler\u00eda y Turismo\"],\"inLanguage\":\"es\",\"potentialAction\":[{\"@type\":\"CommentAction\",\"name\":\"Comment\",\"target\":[\"https:\\\/\\\/hosteleo.com\\\/blog\\\/el-sepe-paga-la-prestacion-de-erte-de-diciembre\\\/#respond\"]}]},{\"@type\":\"WebPage\",\"@id\":\"https:\\\/\\\/hosteleo.com\\\/blog\\\/el-sepe-paga-la-prestacion-de-erte-de-diciembre\\\/\",\"url\":\"https:\\\/\\\/hosteleo.com\\\/blog\\\/el-sepe-paga-la-prestacion-de-erte-de-diciembre\\\/\",\"name\":\"El SEPE paga la prestaci\u00f3n de ERTE de Diciembre en Febrero - Hosteleo\",\"isPartOf\":{\"@id\":\"https:\\\/\\\/hosteleo.com\\\/blog\\\/#website\"},\"primaryImageOfPage\":{\"@id\":\"https:\\\/\\\/hosteleo.com\\\/blog\\\/el-sepe-paga-la-prestacion-de-erte-de-diciembre\\\/#primaryimage\"},\"image\":{\"@id\":\"https:\\\/\\\/hosteleo.com\\\/blog\\\/el-sepe-paga-la-prestacion-de-erte-de-diciembre\\\/#primaryimage\"},\"thumbnailUrl\":\"https:\\\/\\\/hosteleo.com\\\/blog\\\/wp-content\\\/uploads\\\/2021\\\/02\\\/jonas-leupe-0IVop5v4MMU-unsplash-scaled.jpg\",\"datePublished\":\"2021-02-07T11:22:12+00:00\",\"dateModified\":\"2021-02-07T11:27:06+00:00\",\"description\":\"El SEPE paga la prestaci\u00f3n de ERTE de Diciembre con un mes de retraso. Quedar\u00eda un mes de pago de la pen\u00faltima pr\u00f3rroga aprobada.\",\"breadcrumb\":{\"@id\":\"https:\\\/\\\/hosteleo.com\\\/blog\\\/el-sepe-paga-la-prestacion-de-erte-de-diciembre\\\/#breadcrumb\"},\"inLanguage\":\"es\",\"potentialAction\":[{\"@type\":\"ReadAction\",\"target\":[\"https:\\\/\\\/hosteleo.com\\\/blog\\\/el-sepe-paga-la-prestacion-de-erte-de-diciembre\\\/\"]}]},{\"@type\":\"ImageObject\",\"inLanguage\":\"es\",\"@id\":\"https:\\\/\\\/hosteleo.com\\\/blog\\\/el-sepe-paga-la-prestacion-de-erte-de-diciembre\\\/#primaryimage\",\"url\":\"https:\\\/\\\/hosteleo.com\\\/blog\\\/wp-content\\\/uploads\\\/2021\\\/02\\\/jonas-leupe-0IVop5v4MMU-unsplash-scaled.jpg\",\"contentUrl\":\"https:\\\/\\\/hosteleo.com\\\/blog\\\/wp-content\\\/uploads\\\/2021\\\/02\\\/jonas-leupe-0IVop5v4MMU-unsplash-scaled.jpg\",\"width\":2560,\"height\":1706,\"caption\":\"El SEPE paga la prestaci\u00f3n de ERTE de Diciembre\"},{\"@type\":\"BreadcrumbList\",\"@id\":\"https:\\\/\\\/hosteleo.com\\\/blog\\\/el-sepe-paga-la-prestacion-de-erte-de-diciembre\\\/#breadcrumb\",\"itemListElement\":[{\"@type\":\"ListItem\",\"position\":1,\"name\":\"Home\",\"item\":\"https:\\\/\\\/hosteleo.com\\\/blog\\\/\"},{\"@type\":\"ListItem\",\"position\":2,\"name\":\"El SEPE paga la prestaci\u00f3n de ERTE de Diciembre en Febrero\"}]},{\"@type\":\"WebSite\",\"@id\":\"https:\\\/\\\/hosteleo.com\\\/blog\\\/#website\",\"url\":\"https:\\\/\\\/hosteleo.com\\\/blog\\\/\",\"name\":\"Blog de Empleo en Hosteler\u00eda y Turismo - Hosteleo\",\"description\":\"Tu blog de Empleo en Hosteler\u00eda y Turismo\",\"publisher\":{\"@id\":\"https:\\\/\\\/hosteleo.com\\\/blog\\\/#organization\"},\"potentialAction\":[{\"@type\":\"SearchAction\",\"target\":{\"@type\":\"EntryPoint\",\"urlTemplate\":\"https:\\\/\\\/hosteleo.com\\\/blog\\\/?s={search_term_string}\"},\"query-input\":{\"@type\":\"PropertyValueSpecification\",\"valueRequired\":true,\"valueName\":\"search_term_string\"}}],\"inLanguage\":\"es\"},{\"@type\":\"Organization\",\"@id\":\"https:\\\/\\\/hosteleo.com\\\/blog\\\/#organization\",\"name\":\"Hosteleo\",\"url\":\"https:\\\/\\\/hosteleo.com\\\/blog\\\/\",\"logo\":{\"@type\":\"ImageObject\",\"inLanguage\":\"es\",\"@id\":\"https:\\\/\\\/hosteleo.com\\\/blog\\\/#\\\/schema\\\/logo\\\/image\\\/\",\"url\":\"https:\\\/\\\/hosteleo.wizzie.dev\\\/blog\\\/wp-content\\\/uploads\\\/2020\\\/05\\\/logo-hosteleo.png\",\"contentUrl\":\"https:\\\/\\\/hosteleo.wizzie.dev\\\/blog\\\/wp-content\\\/uploads\\\/2020\\\/05\\\/logo-hosteleo.png\",\"width\":475,\"height\":76,\"caption\":\"Hosteleo\"},\"image\":{\"@id\":\"https:\\\/\\\/hosteleo.com\\\/blog\\\/#\\\/schema\\\/logo\\\/image\\\/\"},\"sameAs\":[\"https:\\\/\\\/www.facebook.com\\\/hosteleo\",\"https:\\\/\\\/x.com\\\/hosteleo\",\"https:\\\/\\\/www.instagram.com\\\/hosteleo\\\/\",\"https:\\\/\\\/es.linkedin.com\\\/company\\\/hosteleo-com\"]},{\"@type\":\"Person\",\"@id\":\"https:\\\/\\\/hosteleo.com\\\/blog\\\/#\\\/schema\\\/person\\\/eef8bb67e661dbf50088c7f37406a84b\",\"name\":\"Luis P\u00e9rez\",\"image\":{\"@type\":\"ImageObject\",\"inLanguage\":\"es\",\"@id\":\"https:\\\/\\\/secure.gravatar.com\\\/avatar\\\/3949b0f4521059dd33be21948b1d539ec03a1b1069b5df3ea7e3f43d4a8b2d4d?s=96&d=mm&r=g\",\"url\":\"https:\\\/\\\/secure.gravatar.com\\\/avatar\\\/3949b0f4521059dd33be21948b1d539ec03a1b1069b5df3ea7e3f43d4a8b2d4d?s=96&d=mm&r=g\",\"contentUrl\":\"https:\\\/\\\/secure.gravatar.com\\\/avatar\\\/3949b0f4521059dd33be21948b1d539ec03a1b1069b5df3ea7e3f43d4a8b2d4d?s=96&d=mm&r=g\",\"caption\":\"Luis P\u00e9rez\"},\"url\":\"https:\\\/\\\/hosteleo.com\\\/blog\\\/author\\\/davidbglinkers-es\\\/\"}]}<\/script>\n<!-- \/ Yoast SEO plugin. -->","yoast_head_json":{"title":"El SEPE paga la prestaci\u00f3n de ERTE de Diciembre en Febrero - Hosteleo","description":"El SEPE paga la prestaci\u00f3n de ERTE de Diciembre con un mes de retraso. Quedar\u00eda un mes de pago de la pen\u00faltima pr\u00f3rroga aprobada.","robots":{"index":"index","follow":"follow","max-snippet":"max-snippet:-1","max-image-preview":"max-image-preview:large","max-video-preview":"max-video-preview:-1"},"canonical":"https:\/\/hosteleo.com\/blog\/el-sepe-paga-la-prestacion-de-erte-de-diciembre\/","og_locale":"es_ES","og_type":"article","og_title":"El SEPE paga la prestaci\u00f3n de ERTE de Diciembre en Febrero - Hosteleo","og_description":"El SEPE paga la prestaci\u00f3n de ERTE de Diciembre con un mes de retraso. Quedar\u00eda un mes de pago de la pen\u00faltima pr\u00f3rroga aprobada.","og_url":"https:\/\/hosteleo.com\/blog\/el-sepe-paga-la-prestacion-de-erte-de-diciembre\/","og_site_name":"Blog de Empleo en Hosteler\u00eda y Turismo - Hosteleo","article_publisher":"https:\/\/www.facebook.com\/hosteleo","article_published_time":"2021-02-07T11:22:12+00:00","article_modified_time":"2021-02-07T11:27:06+00:00","og_image":[{"width":2560,"height":1706,"url":"https:\/\/hosteleo.com\/blog\/wp-content\/uploads\/2021\/02\/jonas-leupe-0IVop5v4MMU-unsplash-scaled.jpg","type":"image\/jpeg"}],"author":"Luis P\u00e9rez","twitter_card":"summary_large_image","twitter_creator":"@hosteleo","twitter_site":"@hosteleo","twitter_misc":{"Escrito por":"Luis P\u00e9rez","Tiempo de lectura":"4 minutos"},"schema":{"@context":"https:\/\/schema.org","@graph":[{"@type":"Article","@id":"https:\/\/hosteleo.com\/blog\/el-sepe-paga-la-prestacion-de-erte-de-diciembre\/#article","isPartOf":{"@id":"https:\/\/hosteleo.com\/blog\/el-sepe-paga-la-prestacion-de-erte-de-diciembre\/"},"author":{"name":"Luis P\u00e9rez","@id":"https:\/\/hosteleo.com\/blog\/#\/schema\/person\/eef8bb67e661dbf50088c7f37406a84b"},"headline":"El SEPE paga la prestaci\u00f3n de ERTE de Diciembre en Febrero","datePublished":"2021-02-07T11:22:12+00:00","dateModified":"2021-02-07T11:27:06+00:00","mainEntityOfPage":{"@id":"https:\/\/hosteleo.com\/blog\/el-sepe-paga-la-prestacion-de-erte-de-diciembre\/"},"wordCount":737,"commentCount":10,"publisher":{"@id":"https:\/\/hosteleo.com\/blog\/#organization"},"image":{"@id":"https:\/\/hosteleo.com\/blog\/el-sepe-paga-la-prestacion-de-erte-de-diciembre\/#primaryimage"},"thumbnailUrl":"https:\/\/hosteleo.com\/blog\/wp-content\/uploads\/2021\/02\/jonas-leupe-0IVop5v4MMU-unsplash-scaled.jpg","keywords":["erte","ERTES","impago de ERTE","pago de erte","pago de erte diciembre","pago de ERTE Enero","pago de prestacion","pago ERTE"],"articleSection":["Noticias de Empleo en Hosteler\u00eda y Turismo"],"inLanguage":"es","potentialAction":[{"@type":"CommentAction","name":"Comment","target":["https:\/\/hosteleo.com\/blog\/el-sepe-paga-la-prestacion-de-erte-de-diciembre\/#respond"]}]},{"@type":"WebPage","@id":"https:\/\/hosteleo.com\/blog\/el-sepe-paga-la-prestacion-de-erte-de-diciembre\/","url":"https:\/\/hosteleo.com\/blog\/el-sepe-paga-la-prestacion-de-erte-de-diciembre\/","name":"El SEPE paga la prestaci\u00f3n de ERTE de Diciembre en Febrero - Hosteleo","isPartOf":{"@id":"https:\/\/hosteleo.com\/blog\/#website"},"primaryImageOfPage":{"@id":"https:\/\/hosteleo.com\/blog\/el-sepe-paga-la-prestacion-de-erte-de-diciembre\/#primaryimage"},"image":{"@id":"https:\/\/hosteleo.com\/blog\/el-sepe-paga-la-prestacion-de-erte-de-diciembre\/#primaryimage"},"thumbnailUrl":"https:\/\/hosteleo.com\/blog\/wp-content\/uploads\/2021\/02\/jonas-leupe-0IVop5v4MMU-unsplash-scaled.jpg","datePublished":"2021-02-07T11:22:12+00:00","dateModified":"2021-02-07T11:27:06+00:00","description":"El SEPE paga la prestaci\u00f3n de ERTE de Diciembre con un mes de retraso. Quedar\u00eda un mes de pago de la pen\u00faltima pr\u00f3rroga aprobada.","breadcrumb":{"@id":"https:\/\/hosteleo.com\/blog\/el-sepe-paga-la-prestacion-de-erte-de-diciembre\/#breadcrumb"},"inLanguage":"es","potentialAction":[{"@type":"ReadAction","target":["https:\/\/hosteleo.com\/blog\/el-sepe-paga-la-prestacion-de-erte-de-diciembre\/"]}]},{"@type":"ImageObject","inLanguage":"es","@id":"https:\/\/hosteleo.com\/blog\/el-sepe-paga-la-prestacion-de-erte-de-diciembre\/#primaryimage","url":"https:\/\/hosteleo.com\/blog\/wp-content\/uploads\/2021\/02\/jonas-leupe-0IVop5v4MMU-unsplash-scaled.jpg","contentUrl":"https:\/\/hosteleo.com\/blog\/wp-content\/uploads\/2021\/02\/jonas-leupe-0IVop5v4MMU-unsplash-scaled.jpg","width":2560,"height":1706,"caption":"El SEPE paga la prestaci\u00f3n de ERTE de Diciembre"},{"@type":"BreadcrumbList","@id":"https:\/\/hosteleo.com\/blog\/el-sepe-paga-la-prestacion-de-erte-de-diciembre\/#breadcrumb","itemListElement":[{"@type":"ListItem","position":1,"name":"Home","item":"https:\/\/hosteleo.com\/blog\/"},{"@type":"ListItem","position":2,"name":"El SEPE paga la prestaci\u00f3n de ERTE de Diciembre en Febrero"}]},{"@type":"WebSite","@id":"https:\/\/hosteleo.com\/blog\/#website","url":"https:\/\/hosteleo.com\/blog\/","name":"Blog de Empleo en Hosteler\u00eda y Turismo - Hosteleo","description":"Tu blog de Empleo en Hosteler\u00eda y Turismo","publisher":{"@id":"https:\/\/hosteleo.com\/blog\/#organization"},"potentialAction":[{"@type":"SearchAction","target":{"@type":"EntryPoint","urlTemplate":"https:\/\/hosteleo.com\/blog\/?s={search_term_string}"},"query-input":{"@type":"PropertyValueSpecification","valueRequired":true,"valueName":"search_term_string"}}],"inLanguage":"es"},{"@type":"Organization","@id":"https:\/\/hosteleo.com\/blog\/#organization","name":"Hosteleo","url":"https:\/\/hosteleo.com\/blog\/","logo":{"@type":"ImageObject","inLanguage":"es","@id":"https:\/\/hosteleo.com\/blog\/#\/schema\/logo\/image\/","url":"https:\/\/hosteleo.wizzie.dev\/blog\/wp-content\/uploads\/2020\/05\/logo-hosteleo.png","contentUrl":"https:\/\/hosteleo.wizzie.dev\/blog\/wp-content\/uploads\/2020\/05\/logo-hosteleo.png","width":475,"height":76,"caption":"Hosteleo"},"image":{"@id":"https:\/\/hosteleo.com\/blog\/#\/schema\/logo\/image\/"},"sameAs":["https:\/\/www.facebook.com\/hosteleo","https:\/\/x.com\/hosteleo","https:\/\/www.instagram.com\/hosteleo\/","https:\/\/es.linkedin.com\/company\/hosteleo-com"]},{"@type":"Person","@id":"https:\/\/hosteleo.com\/blog\/#\/schema\/person\/eef8bb67e661dbf50088c7f37406a84b","name":"Luis P\u00e9rez","image":{"@type":"ImageObject","inLanguage":"es","@id":"https:\/\/secure.gravatar.com\/avatar\/3949b0f4521059dd33be21948b1d539ec03a1b1069b5df3ea7e3f43d4a8b2d4d?s=96&d=mm&r=g","url":"https:\/\/secure.gravatar.com\/avatar\/3949b0f4521059dd33be21948b1d539ec03a1b1069b5df3ea7e3f43d4a8b2d4d?s=96&d=mm&r=g","contentUrl":"https:\/\/secure.gravatar.com\/avatar\/3949b0f4521059dd33be21948b1d539ec03a1b1069b5df3ea7e3f43d4a8b2d4d?s=96&d=mm&r=g","caption":"Luis P\u00e9rez"},"url":"https:\/\/hosteleo.com\/blog\/author\/davidbglinkers-es\/"}]}},"amp_enabled":true,"_links":{"self":[{"href":"https:\/\/hosteleo.com\/blog\/wp-json\/wp\/v2\/posts\/5107","targetHints":{"allow":["GET"]}}],"collection":[{"href":"https:\/\/hosteleo.com\/blog\/wp-json\/wp\/v2\/posts"}],"about":[{"href":"https:\/\/hosteleo.com\/blog\/wp-json\/wp\/v2\/types\/post"}],"author":[{"embeddable":true,"href":"https:\/\/hosteleo.com\/blog\/wp-json\/wp\/v2\/users\/2"}],"replies":[{"embeddable":true,"href":"https:\/\/hosteleo.com\/blog\/wp-json\/wp\/v2\/comments?post=5107"}],"version-history":[{"count":13,"href":"https:\/\/hosteleo.com\/blog\/wp-json\/wp\/v2\/posts\/5107\/revisions"}],"predecessor-version":[{"id":5126,"href":"https:\/\/hosteleo.com\/blog\/wp-json\/wp\/v2\/posts\/5107\/revisions\/5126"}],"wp:featuredmedia":[{"embeddable":true,"href":"https:\/\/hosteleo.com\/blog\/wp-json\/wp\/v2\/media\/5123"}],"wp:attachment":[{"href":"https:\/\/hosteleo.com\/blog\/wp-json\/wp\/v2\/media?parent=5107"}],"wp:term":[{"taxonomy":"category","embeddable":true,"href":"https:\/\/hosteleo.com\/blog\/wp-json\/wp\/v2\/categories?post=5107"},{"taxonomy":"post_tag","embeddable":true,"href":"https:\/\/hosteleo.com\/blog\/wp-json\/wp\/v2\/tags?post=5107"}],"curies":[{"name":"wp","href":"https:\/\/api.w.org\/{rel}","templated":true}]}}