{"id":5325,"date":"2021-02-25T22:22:39","date_gmt":"2021-02-25T22:22:39","guid":{"rendered":"https:\/\/hosteleo.com\/blog\/?p=5325"},"modified":"2021-02-25T22:24:21","modified_gmt":"2021-02-25T22:24:21","slug":"dia-de-cobro-del-ingreso-minimo-vital-en-marzo","status":"publish","type":"post","link":"https:\/\/hosteleo.com\/blog\/dia-de-cobro-del-ingreso-minimo-vital-en-marzo\/","title":{"rendered":"D\u00eda de cobro del ingreso m\u00ednimo vital en Marzo"},"content":{"rendered":"\n<p>Terminando el mes de febrero, llega el d\u00eda de cobro del <strong>ingreso m\u00ednimo vital<\/strong> en Marzo, para aquellos que<strong> han conseguido que se les aprueba la prestaci\u00f3n<\/strong>, y m\u00e1s despu\u00e9s de los \u00faltimos cambios presentados.<\/p>\n\n\n\n<p id=\"m91-90-92\"><strong><a href=\"https:\/\/hosteleo.com\/blog\/el-ingreso-minimo-vital-y-su-inadmision\/\">El Ingreso M\u00ednimo Vital<\/a><\/strong> es la prestaci\u00f3n que ofrece la <strong><a href=\"http:\/\/www.seg-social.es\/wps\/portal\/wss\/internet\/Inicio\">Seguridad Social<\/a><\/strong> a aquellas unidades de convivencia en riesgo de pobreza o que carecen de recursos econ\u00f3micos b\u00e1sicos.<\/p>\n\n\n\n<p id=\"m91-90-92\">Es una ayuda mensual que se realiza\u00a0<strong>mediante transferencia bancaria a la cuenta del titular de la prestaci\u00f3n.<\/strong><\/p>\n\n\n\n<p id=\"m128-127-129\">Hay que recordar que el derecho a esta prestaci\u00f3n<strong> nace desde el primer d\u00eda del mes siguiente de la fecha de presentaci\u00f3n de la solicitud<\/strong>. Es intransferible y no puede ser objeto de cesi\u00f3n total o parcial,\u00a0ni de compensaci\u00f3n o descuento, ni de retenci\u00f3n o embargo.<\/p>\n\n\n\n<figure class=\"wp-block-image size-large\"><img loading=\"lazy\" decoding=\"async\" width=\"1024\" height=\"683\" src=\"https:\/\/hosteleo.com\/blog\/wp-content\/uploads\/2021\/02\/eduardo-soares-utWyPB8_FU8-unsplash-1024x683.jpg\" alt=\"\" class=\"wp-image-5333\" srcset=\"https:\/\/hosteleo.com\/blog\/wp-content\/uploads\/2021\/02\/eduardo-soares-utWyPB8_FU8-unsplash-1024x683.jpg 1024w, https:\/\/hosteleo.com\/blog\/wp-content\/uploads\/2021\/02\/eduardo-soares-utWyPB8_FU8-unsplash-300x200.jpg 300w, https:\/\/hosteleo.com\/blog\/wp-content\/uploads\/2021\/02\/eduardo-soares-utWyPB8_FU8-unsplash-768x512.jpg 768w, https:\/\/hosteleo.com\/blog\/wp-content\/uploads\/2021\/02\/eduardo-soares-utWyPB8_FU8-unsplash-1536x1024.jpg 1536w, https:\/\/hosteleo.com\/blog\/wp-content\/uploads\/2021\/02\/eduardo-soares-utWyPB8_FU8-unsplash-2048x1365.jpg 2048w, https:\/\/hosteleo.com\/blog\/wp-content\/uploads\/2021\/02\/eduardo-soares-utWyPB8_FU8-unsplash-810x540.jpg 810w, https:\/\/hosteleo.com\/blog\/wp-content\/uploads\/2021\/02\/eduardo-soares-utWyPB8_FU8-unsplash-1140x760.jpg 1140w\" sizes=\"auto, (max-width: 1024px) 100vw, 1024px\" \/><figcaption>D\u00eda de cobro del ingreso m\u00ednimo vital en Marzo<\/figcaption><\/figure>\n\n\n\n<p id=\"m133-132-134\">El ingreso de la <strong>prestaci\u00f3n se realiza durante la primera semana de cada mes<\/strong>. En este caso, <strong>en el mes de Marzo, ser\u00e1 del lunes 1 al viernes 5<\/strong>. Hay incluso algunos beneficiarios que cobran el ingreso m\u00ednimo vital el primer d\u00eda laborable de cada mes.<\/p>\n\n\n\n<p id=\"m138-137-139\">El solicitante del ingreso m\u00ednimo vital puede consultar\u00a0<a href=\"https:\/\/imv.seg-social.es\/\" target=\"_blank\" rel=\"noreferrer noopener\"><strong>en este enlace<\/strong><\/a><strong> el estado de su solicitud\u00a0para saber si lo va a cobrar o no<\/strong> y cu\u00e1l va a ser la cantidad correspondiente a este mes.<\/p>\n\n\n\n<h2 class=\"wp-block-heading\">Nuevas medidas para el cobro del ingreso m\u00ednimo vital<\/h2>\n\n\n\n<figure class=\"wp-block-embed-wordpress wp-block-embed is-type-wp-embed is-provider-blog-de-empleo-en-hosteleria-y-turismo-hosteleo\"><div class=\"wp-block-embed__wrapper\">\n<blockquote class=\"wp-embedded-content\" data-secret=\"JO984d2L6S\"><a href=\"https:\/\/hosteleo.wizzie.dev\/blog\/cambios-para-cobrar-el-ingreso-minimo-vital\/\">Cambios para cobrar el ingreso m\u00ednimo vital<\/a><\/blockquote><iframe loading=\"lazy\" class=\"wp-embedded-content\" sandbox=\"allow-scripts\" security=\"restricted\" style=\"position: absolute; clip: rect(1px, 1px, 1px, 1px);\" title=\"\u00abCambios para cobrar el ingreso m\u00ednimo vital\u00bb \u2014 Blog de Empleo en Hosteler\u00eda y Turismo.-Hosteleo\" src=\"https:\/\/hosteleo.wizzie.dev\/blog\/cambios-para-cobrar-el-ingreso-minimo-vital\/embed\/#?secret=JO984d2L6S\" data-secret=\"JO984d2L6S\" width=\"600\" height=\"338\" frameborder=\"0\" marginwidth=\"0\" marginheight=\"0\" scrolling=\"no\"><\/iframe>\n<\/div><\/figure>\n\n\n\n<p>C\u00f3mo ya comentamos en un anterior post el\u00a0<strong><a href=\"http:\/\/www.seg-social.es\/wps\/portal\/wss\/internet\/Conocenos\/QuienesSomos\/29427\">Ministerio de Inclusi\u00f3n, Seguridad Social y Migraciones<\/a><\/strong>\u00a0present\u00f3 el d\u00eda 2 de febrero\u00a0los cambios para cobrar el ingreso m\u00ednimo vital, y facilitar que la prestaci\u00f3n llegue a m\u00e1s beneficiados. Por eso desde esa fecha:<\/p>\n\n\n\n<ul class=\"wp-block-list\"><li>No se consideran como\u00a0<strong>unidades de convivencia aquellas personas que comparten piso sin tener relaci\u00f3n familiar o afectiva<\/strong>. <\/li><\/ul>\n\n\n\n<ul class=\"wp-block-list\"><li>El<strong>\u00a0l\u00edmite de dos perceptores por domicilio qued\u00f3 eliminado<\/strong>.<\/li><\/ul>\n\n\n\n<ul class=\"wp-block-list\"><li>Pueden <strong>optar al ingreso m\u00ednimo vital las personas que residen en hogares colectivos<\/strong>, como albergues o casas de acogida.<\/li><\/ul>\n\n\n\n<h2 class=\"wp-block-heading\">M\u00e1s informaci\u00f3n sobre Ingreso M\u00ednimo Vital<\/h2>\n\n\n\n<ul class=\"wp-block-list\"><li><strong><a href=\"https:\/\/hosteleo.com\/blog\/como-comprobar-el-estado-del-ingreso-minimo-vital\/\">Como comprobar el ingreso m\u00ednimo vital<\/a><\/strong><\/li><li><strong><a href=\"https:\/\/hosteleo.com\/blog\/la-verdad-sobre-el-ingreso-minimo-vital\/\">La verdad que debes saber sobre el ingreso m\u00ednimo vital<\/a><\/strong><\/li><li><strong><a href=\"https:\/\/hosteleo.com\/blog\/como-reclamar-el-ingreso-minimo-vital-en-el-2021\/\">Como reclamar el ingreso m\u00ednimo vital<\/a><\/strong><\/li><li><strong><a href=\"https:\/\/hosteleo.com\/blog\/subida-del-ingreso-minimo-vital-en-2021\/\">Subida del ingreso m\u00ednimo vital en 2021<\/a><\/strong><\/li><\/ul>\n\n\n\n<p><\/p>\n","protected":false},"excerpt":{"rendered":"<p>Terminando el mes de febrero, llega el d\u00eda de cobro del ingreso m\u00ednimo vital en Marzo, para aquellos que han conseguido que se les aprueba la prestaci\u00f3n, y m\u00e1s despu\u00e9s de los \u00faltimos cambios presentados. El Ingreso M\u00ednimo Vital es la prestaci\u00f3n que ofrece la Seguridad Social a aquellas unidades de convivencia en riesgo de [&hellip;]<\/p>\n","protected":false},"author":2,"featured_media":5332,"comment_status":"open","ping_status":"open","sticky":false,"template":"","format":"standard","meta":{"_exactmetrics_skip_tracking":false,"_exactmetrics_sitenote_active":false,"_exactmetrics_sitenote_note":"","_exactmetrics_sitenote_category":0,"footnotes":""},"categories":[41],"tags":[452,706,705,704,652],"class_list":["post-5325","post","type-post","status-publish","format-standard","has-post-thumbnail","hentry","category-noticias-empleo-hosteleria-turismo","tag-ingreso-minimo-vital","tag-marzo-ingreso-minimo-vital","tag-pago-de-marzo","tag-pago-ingreso-minimo-vital","tag-prestacion-minima-vital"],"yoast_head":"<!-- This site is optimized with the Yoast SEO plugin v27.5 - https:\/\/yoast.com\/product\/yoast-seo-wordpress\/ -->\n<title>D\u00eda de cobro del ingreso m\u00ednimo vital en Marzo - Hosteleo.com<\/title>\n<meta name=\"description\" content=\"D\u00eda de cobro del ingreso m\u00ednimo vital en Marzo. Los pagos son enviados el d\u00eda 1 de cada mes pero la fecha de cobro real es seg\u00fan el banco.\" \/>\n<meta name=\"robots\" content=\"index, follow, max-snippet:-1, max-image-preview:large, max-video-preview:-1\" \/>\n<link rel=\"canonical\" href=\"https:\/\/hosteleo.com\/blog\/dia-de-cobro-del-ingreso-minimo-vital-en-marzo\/\" \/>\n<meta property=\"og:locale\" content=\"es_ES\" \/>\n<meta property=\"og:type\" content=\"article\" \/>\n<meta property=\"og:title\" content=\"D\u00eda de cobro del ingreso m\u00ednimo vital en Marzo - Hosteleo.com\" \/>\n<meta property=\"og:description\" content=\"D\u00eda de cobro del ingreso m\u00ednimo vital en Marzo. Los pagos son enviados el d\u00eda 1 de cada mes pero la fecha de cobro real es seg\u00fan el banco.\" \/>\n<meta property=\"og:url\" content=\"https:\/\/hosteleo.com\/blog\/dia-de-cobro-del-ingreso-minimo-vital-en-marzo\/\" \/>\n<meta property=\"og:site_name\" content=\"Blog de Empleo en Hosteler\u00eda y Turismo - Hosteleo\" \/>\n<meta property=\"article:publisher\" content=\"https:\/\/www.facebook.com\/hosteleo\" \/>\n<meta property=\"article:published_time\" content=\"2021-02-25T22:22:39+00:00\" \/>\n<meta property=\"article:modified_time\" content=\"2021-02-25T22:24:21+00:00\" \/>\n<meta property=\"og:image\" content=\"https:\/\/hosteleo.com\/blog\/wp-content\/uploads\/2021\/02\/chiara-daneluzzi-GtQK4TraPV0-unsplash-scaled.jpg\" \/>\n\t<meta property=\"og:image:width\" content=\"2560\" \/>\n\t<meta property=\"og:image:height\" content=\"1920\" \/>\n\t<meta property=\"og:image:type\" content=\"image\/jpeg\" \/>\n<meta name=\"author\" content=\"Luis P\u00e9rez\" \/>\n<meta name=\"twitter:card\" content=\"summary_large_image\" \/>\n<meta name=\"twitter:creator\" content=\"@hosteleo\" \/>\n<meta name=\"twitter:site\" content=\"@hosteleo\" \/>\n<meta name=\"twitter:label1\" content=\"Escrito por\" \/>\n\t<meta name=\"twitter:data1\" content=\"Luis P\u00e9rez\" \/>\n\t<meta name=\"twitter:label2\" content=\"Tiempo de lectura\" \/>\n\t<meta name=\"twitter:data2\" content=\"2 minutos\" \/>\n<script type=\"application\/ld+json\" class=\"yoast-schema-graph\">{\"@context\":\"https:\\\/\\\/schema.org\",\"@graph\":[{\"@type\":\"Article\",\"@id\":\"https:\\\/\\\/hosteleo.com\\\/blog\\\/dia-de-cobro-del-ingreso-minimo-vital-en-marzo\\\/#article\",\"isPartOf\":{\"@id\":\"https:\\\/\\\/hosteleo.com\\\/blog\\\/dia-de-cobro-del-ingreso-minimo-vital-en-marzo\\\/\"},\"author\":{\"name\":\"Luis P\u00e9rez\",\"@id\":\"https:\\\/\\\/hosteleo.com\\\/blog\\\/#\\\/schema\\\/person\\\/eef8bb67e661dbf50088c7f37406a84b\"},\"headline\":\"D\u00eda de cobro del ingreso m\u00ednimo vital en Marzo\",\"datePublished\":\"2021-02-25T22:22:39+00:00\",\"dateModified\":\"2021-02-25T22:24:21+00:00\",\"mainEntityOfPage\":{\"@id\":\"https:\\\/\\\/hosteleo.com\\\/blog\\\/dia-de-cobro-del-ingreso-minimo-vital-en-marzo\\\/\"},\"wordCount\":404,\"commentCount\":21,\"publisher\":{\"@id\":\"https:\\\/\\\/hosteleo.com\\\/blog\\\/#organization\"},\"image\":{\"@id\":\"https:\\\/\\\/hosteleo.com\\\/blog\\\/dia-de-cobro-del-ingreso-minimo-vital-en-marzo\\\/#primaryimage\"},\"thumbnailUrl\":\"https:\\\/\\\/hosteleo.com\\\/blog\\\/wp-content\\\/uploads\\\/2021\\\/02\\\/chiara-daneluzzi-GtQK4TraPV0-unsplash-scaled.jpg\",\"keywords\":[\"ingreso minimo vital\",\"marzo ingreso m\u00ednimo vital\",\"pago de marzo\",\"pago ingreso m\u00ednimo vital\",\"prestaci\u00f3n minima vital\"],\"articleSection\":[\"Noticias de Empleo en Hosteler\u00eda y Turismo\"],\"inLanguage\":\"es\",\"potentialAction\":[{\"@type\":\"CommentAction\",\"name\":\"Comment\",\"target\":[\"https:\\\/\\\/hosteleo.com\\\/blog\\\/dia-de-cobro-del-ingreso-minimo-vital-en-marzo\\\/#respond\"]}]},{\"@type\":\"WebPage\",\"@id\":\"https:\\\/\\\/hosteleo.com\\\/blog\\\/dia-de-cobro-del-ingreso-minimo-vital-en-marzo\\\/\",\"url\":\"https:\\\/\\\/hosteleo.com\\\/blog\\\/dia-de-cobro-del-ingreso-minimo-vital-en-marzo\\\/\",\"name\":\"D\u00eda de cobro del ingreso m\u00ednimo vital en Marzo - Hosteleo.com\",\"isPartOf\":{\"@id\":\"https:\\\/\\\/hosteleo.com\\\/blog\\\/#website\"},\"primaryImageOfPage\":{\"@id\":\"https:\\\/\\\/hosteleo.com\\\/blog\\\/dia-de-cobro-del-ingreso-minimo-vital-en-marzo\\\/#primaryimage\"},\"image\":{\"@id\":\"https:\\\/\\\/hosteleo.com\\\/blog\\\/dia-de-cobro-del-ingreso-minimo-vital-en-marzo\\\/#primaryimage\"},\"thumbnailUrl\":\"https:\\\/\\\/hosteleo.com\\\/blog\\\/wp-content\\\/uploads\\\/2021\\\/02\\\/chiara-daneluzzi-GtQK4TraPV0-unsplash-scaled.jpg\",\"datePublished\":\"2021-02-25T22:22:39+00:00\",\"dateModified\":\"2021-02-25T22:24:21+00:00\",\"description\":\"D\u00eda de cobro del ingreso m\u00ednimo vital en Marzo. Los pagos son enviados el d\u00eda 1 de cada mes pero la fecha de cobro real es seg\u00fan el banco.\",\"breadcrumb\":{\"@id\":\"https:\\\/\\\/hosteleo.com\\\/blog\\\/dia-de-cobro-del-ingreso-minimo-vital-en-marzo\\\/#breadcrumb\"},\"inLanguage\":\"es\",\"potentialAction\":[{\"@type\":\"ReadAction\",\"target\":[\"https:\\\/\\\/hosteleo.com\\\/blog\\\/dia-de-cobro-del-ingreso-minimo-vital-en-marzo\\\/\"]}]},{\"@type\":\"ImageObject\",\"inLanguage\":\"es\",\"@id\":\"https:\\\/\\\/hosteleo.com\\\/blog\\\/dia-de-cobro-del-ingreso-minimo-vital-en-marzo\\\/#primaryimage\",\"url\":\"https:\\\/\\\/hosteleo.com\\\/blog\\\/wp-content\\\/uploads\\\/2021\\\/02\\\/chiara-daneluzzi-GtQK4TraPV0-unsplash-scaled.jpg\",\"contentUrl\":\"https:\\\/\\\/hosteleo.com\\\/blog\\\/wp-content\\\/uploads\\\/2021\\\/02\\\/chiara-daneluzzi-GtQK4TraPV0-unsplash-scaled.jpg\",\"width\":2560,\"height\":1920,\"caption\":\"D\u00eda de cobro del ingreso m\u00ednimo vital en Marzo\"},{\"@type\":\"BreadcrumbList\",\"@id\":\"https:\\\/\\\/hosteleo.com\\\/blog\\\/dia-de-cobro-del-ingreso-minimo-vital-en-marzo\\\/#breadcrumb\",\"itemListElement\":[{\"@type\":\"ListItem\",\"position\":1,\"name\":\"Home\",\"item\":\"https:\\\/\\\/hosteleo.com\\\/blog\\\/\"},{\"@type\":\"ListItem\",\"position\":2,\"name\":\"D\u00eda de cobro del ingreso m\u00ednimo vital en Marzo\"}]},{\"@type\":\"WebSite\",\"@id\":\"https:\\\/\\\/hosteleo.com\\\/blog\\\/#website\",\"url\":\"https:\\\/\\\/hosteleo.com\\\/blog\\\/\",\"name\":\"Blog de Empleo en Hosteler\u00eda y Turismo - Hosteleo\",\"description\":\"Tu blog de Empleo en Hosteler\u00eda y Turismo\",\"publisher\":{\"@id\":\"https:\\\/\\\/hosteleo.com\\\/blog\\\/#organization\"},\"potentialAction\":[{\"@type\":\"SearchAction\",\"target\":{\"@type\":\"EntryPoint\",\"urlTemplate\":\"https:\\\/\\\/hosteleo.com\\\/blog\\\/?s={search_term_string}\"},\"query-input\":{\"@type\":\"PropertyValueSpecification\",\"valueRequired\":true,\"valueName\":\"search_term_string\"}}],\"inLanguage\":\"es\"},{\"@type\":\"Organization\",\"@id\":\"https:\\\/\\\/hosteleo.com\\\/blog\\\/#organization\",\"name\":\"Hosteleo\",\"url\":\"https:\\\/\\\/hosteleo.com\\\/blog\\\/\",\"logo\":{\"@type\":\"ImageObject\",\"inLanguage\":\"es\",\"@id\":\"https:\\\/\\\/hosteleo.com\\\/blog\\\/#\\\/schema\\\/logo\\\/image\\\/\",\"url\":\"https:\\\/\\\/hosteleo.wizzie.dev\\\/blog\\\/wp-content\\\/uploads\\\/2020\\\/05\\\/logo-hosteleo.png\",\"contentUrl\":\"https:\\\/\\\/hosteleo.wizzie.dev\\\/blog\\\/wp-content\\\/uploads\\\/2020\\\/05\\\/logo-hosteleo.png\",\"width\":475,\"height\":76,\"caption\":\"Hosteleo\"},\"image\":{\"@id\":\"https:\\\/\\\/hosteleo.com\\\/blog\\\/#\\\/schema\\\/logo\\\/image\\\/\"},\"sameAs\":[\"https:\\\/\\\/www.facebook.com\\\/hosteleo\",\"https:\\\/\\\/x.com\\\/hosteleo\",\"https:\\\/\\\/www.instagram.com\\\/hosteleo\\\/\",\"https:\\\/\\\/es.linkedin.com\\\/company\\\/hosteleo-com\"]},{\"@type\":\"Person\",\"@id\":\"https:\\\/\\\/hosteleo.com\\\/blog\\\/#\\\/schema\\\/person\\\/eef8bb67e661dbf50088c7f37406a84b\",\"name\":\"Luis P\u00e9rez\",\"image\":{\"@type\":\"ImageObject\",\"inLanguage\":\"es\",\"@id\":\"https:\\\/\\\/secure.gravatar.com\\\/avatar\\\/3949b0f4521059dd33be21948b1d539ec03a1b1069b5df3ea7e3f43d4a8b2d4d?s=96&d=mm&r=g\",\"url\":\"https:\\\/\\\/secure.gravatar.com\\\/avatar\\\/3949b0f4521059dd33be21948b1d539ec03a1b1069b5df3ea7e3f43d4a8b2d4d?s=96&d=mm&r=g\",\"contentUrl\":\"https:\\\/\\\/secure.gravatar.com\\\/avatar\\\/3949b0f4521059dd33be21948b1d539ec03a1b1069b5df3ea7e3f43d4a8b2d4d?s=96&d=mm&r=g\",\"caption\":\"Luis P\u00e9rez\"},\"url\":\"https:\\\/\\\/hosteleo.com\\\/blog\\\/author\\\/davidbglinkers-es\\\/\"}]}<\/script>\n<!-- \/ Yoast SEO plugin. -->","yoast_head_json":{"title":"D\u00eda de cobro del ingreso m\u00ednimo vital en Marzo - Hosteleo.com","description":"D\u00eda de cobro del ingreso m\u00ednimo vital en Marzo. Los pagos son enviados el d\u00eda 1 de cada mes pero la fecha de cobro real es seg\u00fan el banco.","robots":{"index":"index","follow":"follow","max-snippet":"max-snippet:-1","max-image-preview":"max-image-preview:large","max-video-preview":"max-video-preview:-1"},"canonical":"https:\/\/hosteleo.com\/blog\/dia-de-cobro-del-ingreso-minimo-vital-en-marzo\/","og_locale":"es_ES","og_type":"article","og_title":"D\u00eda de cobro del ingreso m\u00ednimo vital en Marzo - Hosteleo.com","og_description":"D\u00eda de cobro del ingreso m\u00ednimo vital en Marzo. Los pagos son enviados el d\u00eda 1 de cada mes pero la fecha de cobro real es seg\u00fan el banco.","og_url":"https:\/\/hosteleo.com\/blog\/dia-de-cobro-del-ingreso-minimo-vital-en-marzo\/","og_site_name":"Blog de Empleo en Hosteler\u00eda y Turismo - Hosteleo","article_publisher":"https:\/\/www.facebook.com\/hosteleo","article_published_time":"2021-02-25T22:22:39+00:00","article_modified_time":"2021-02-25T22:24:21+00:00","og_image":[{"width":2560,"height":1920,"url":"https:\/\/hosteleo.com\/blog\/wp-content\/uploads\/2021\/02\/chiara-daneluzzi-GtQK4TraPV0-unsplash-scaled.jpg","type":"image\/jpeg"}],"author":"Luis P\u00e9rez","twitter_card":"summary_large_image","twitter_creator":"@hosteleo","twitter_site":"@hosteleo","twitter_misc":{"Escrito por":"Luis P\u00e9rez","Tiempo de lectura":"2 minutos"},"schema":{"@context":"https:\/\/schema.org","@graph":[{"@type":"Article","@id":"https:\/\/hosteleo.com\/blog\/dia-de-cobro-del-ingreso-minimo-vital-en-marzo\/#article","isPartOf":{"@id":"https:\/\/hosteleo.com\/blog\/dia-de-cobro-del-ingreso-minimo-vital-en-marzo\/"},"author":{"name":"Luis P\u00e9rez","@id":"https:\/\/hosteleo.com\/blog\/#\/schema\/person\/eef8bb67e661dbf50088c7f37406a84b"},"headline":"D\u00eda de cobro del ingreso m\u00ednimo vital en Marzo","datePublished":"2021-02-25T22:22:39+00:00","dateModified":"2021-02-25T22:24:21+00:00","mainEntityOfPage":{"@id":"https:\/\/hosteleo.com\/blog\/dia-de-cobro-del-ingreso-minimo-vital-en-marzo\/"},"wordCount":404,"commentCount":21,"publisher":{"@id":"https:\/\/hosteleo.com\/blog\/#organization"},"image":{"@id":"https:\/\/hosteleo.com\/blog\/dia-de-cobro-del-ingreso-minimo-vital-en-marzo\/#primaryimage"},"thumbnailUrl":"https:\/\/hosteleo.com\/blog\/wp-content\/uploads\/2021\/02\/chiara-daneluzzi-GtQK4TraPV0-unsplash-scaled.jpg","keywords":["ingreso minimo vital","marzo ingreso m\u00ednimo vital","pago de marzo","pago ingreso m\u00ednimo vital","prestaci\u00f3n minima vital"],"articleSection":["Noticias de Empleo en Hosteler\u00eda y Turismo"],"inLanguage":"es","potentialAction":[{"@type":"CommentAction","name":"Comment","target":["https:\/\/hosteleo.com\/blog\/dia-de-cobro-del-ingreso-minimo-vital-en-marzo\/#respond"]}]},{"@type":"WebPage","@id":"https:\/\/hosteleo.com\/blog\/dia-de-cobro-del-ingreso-minimo-vital-en-marzo\/","url":"https:\/\/hosteleo.com\/blog\/dia-de-cobro-del-ingreso-minimo-vital-en-marzo\/","name":"D\u00eda de cobro del ingreso m\u00ednimo vital en Marzo - Hosteleo.com","isPartOf":{"@id":"https:\/\/hosteleo.com\/blog\/#website"},"primaryImageOfPage":{"@id":"https:\/\/hosteleo.com\/blog\/dia-de-cobro-del-ingreso-minimo-vital-en-marzo\/#primaryimage"},"image":{"@id":"https:\/\/hosteleo.com\/blog\/dia-de-cobro-del-ingreso-minimo-vital-en-marzo\/#primaryimage"},"thumbnailUrl":"https:\/\/hosteleo.com\/blog\/wp-content\/uploads\/2021\/02\/chiara-daneluzzi-GtQK4TraPV0-unsplash-scaled.jpg","datePublished":"2021-02-25T22:22:39+00:00","dateModified":"2021-02-25T22:24:21+00:00","description":"D\u00eda de cobro del ingreso m\u00ednimo vital en Marzo. Los pagos son enviados el d\u00eda 1 de cada mes pero la fecha de cobro real es seg\u00fan el banco.","breadcrumb":{"@id":"https:\/\/hosteleo.com\/blog\/dia-de-cobro-del-ingreso-minimo-vital-en-marzo\/#breadcrumb"},"inLanguage":"es","potentialAction":[{"@type":"ReadAction","target":["https:\/\/hosteleo.com\/blog\/dia-de-cobro-del-ingreso-minimo-vital-en-marzo\/"]}]},{"@type":"ImageObject","inLanguage":"es","@id":"https:\/\/hosteleo.com\/blog\/dia-de-cobro-del-ingreso-minimo-vital-en-marzo\/#primaryimage","url":"https:\/\/hosteleo.com\/blog\/wp-content\/uploads\/2021\/02\/chiara-daneluzzi-GtQK4TraPV0-unsplash-scaled.jpg","contentUrl":"https:\/\/hosteleo.com\/blog\/wp-content\/uploads\/2021\/02\/chiara-daneluzzi-GtQK4TraPV0-unsplash-scaled.jpg","width":2560,"height":1920,"caption":"D\u00eda de cobro del ingreso m\u00ednimo vital en Marzo"},{"@type":"BreadcrumbList","@id":"https:\/\/hosteleo.com\/blog\/dia-de-cobro-del-ingreso-minimo-vital-en-marzo\/#breadcrumb","itemListElement":[{"@type":"ListItem","position":1,"name":"Home","item":"https:\/\/hosteleo.com\/blog\/"},{"@type":"ListItem","position":2,"name":"D\u00eda de cobro del ingreso m\u00ednimo vital en Marzo"}]},{"@type":"WebSite","@id":"https:\/\/hosteleo.com\/blog\/#website","url":"https:\/\/hosteleo.com\/blog\/","name":"Blog de Empleo en Hosteler\u00eda y Turismo - Hosteleo","description":"Tu blog de Empleo en Hosteler\u00eda y Turismo","publisher":{"@id":"https:\/\/hosteleo.com\/blog\/#organization"},"potentialAction":[{"@type":"SearchAction","target":{"@type":"EntryPoint","urlTemplate":"https:\/\/hosteleo.com\/blog\/?s={search_term_string}"},"query-input":{"@type":"PropertyValueSpecification","valueRequired":true,"valueName":"search_term_string"}}],"inLanguage":"es"},{"@type":"Organization","@id":"https:\/\/hosteleo.com\/blog\/#organization","name":"Hosteleo","url":"https:\/\/hosteleo.com\/blog\/","logo":{"@type":"ImageObject","inLanguage":"es","@id":"https:\/\/hosteleo.com\/blog\/#\/schema\/logo\/image\/","url":"https:\/\/hosteleo.wizzie.dev\/blog\/wp-content\/uploads\/2020\/05\/logo-hosteleo.png","contentUrl":"https:\/\/hosteleo.wizzie.dev\/blog\/wp-content\/uploads\/2020\/05\/logo-hosteleo.png","width":475,"height":76,"caption":"Hosteleo"},"image":{"@id":"https:\/\/hosteleo.com\/blog\/#\/schema\/logo\/image\/"},"sameAs":["https:\/\/www.facebook.com\/hosteleo","https:\/\/x.com\/hosteleo","https:\/\/www.instagram.com\/hosteleo\/","https:\/\/es.linkedin.com\/company\/hosteleo-com"]},{"@type":"Person","@id":"https:\/\/hosteleo.com\/blog\/#\/schema\/person\/eef8bb67e661dbf50088c7f37406a84b","name":"Luis P\u00e9rez","image":{"@type":"ImageObject","inLanguage":"es","@id":"https:\/\/secure.gravatar.com\/avatar\/3949b0f4521059dd33be21948b1d539ec03a1b1069b5df3ea7e3f43d4a8b2d4d?s=96&d=mm&r=g","url":"https:\/\/secure.gravatar.com\/avatar\/3949b0f4521059dd33be21948b1d539ec03a1b1069b5df3ea7e3f43d4a8b2d4d?s=96&d=mm&r=g","contentUrl":"https:\/\/secure.gravatar.com\/avatar\/3949b0f4521059dd33be21948b1d539ec03a1b1069b5df3ea7e3f43d4a8b2d4d?s=96&d=mm&r=g","caption":"Luis P\u00e9rez"},"url":"https:\/\/hosteleo.com\/blog\/author\/davidbglinkers-es\/"}]}},"amp_enabled":true,"_links":{"self":[{"href":"https:\/\/hosteleo.com\/blog\/wp-json\/wp\/v2\/posts\/5325","targetHints":{"allow":["GET"]}}],"collection":[{"href":"https:\/\/hosteleo.com\/blog\/wp-json\/wp\/v2\/posts"}],"about":[{"href":"https:\/\/hosteleo.com\/blog\/wp-json\/wp\/v2\/types\/post"}],"author":[{"embeddable":true,"href":"https:\/\/hosteleo.com\/blog\/wp-json\/wp\/v2\/users\/2"}],"replies":[{"embeddable":true,"href":"https:\/\/hosteleo.com\/blog\/wp-json\/wp\/v2\/comments?post=5325"}],"version-history":[{"count":10,"href":"https:\/\/hosteleo.com\/blog\/wp-json\/wp\/v2\/posts\/5325\/revisions"}],"predecessor-version":[{"id":5339,"href":"https:\/\/hosteleo.com\/blog\/wp-json\/wp\/v2\/posts\/5325\/revisions\/5339"}],"wp:featuredmedia":[{"embeddable":true,"href":"https:\/\/hosteleo.com\/blog\/wp-json\/wp\/v2\/media\/5332"}],"wp:attachment":[{"href":"https:\/\/hosteleo.com\/blog\/wp-json\/wp\/v2\/media?parent=5325"}],"wp:term":[{"taxonomy":"category","embeddable":true,"href":"https:\/\/hosteleo.com\/blog\/wp-json\/wp\/v2\/categories?post=5325"},{"taxonomy":"post_tag","embeddable":true,"href":"https:\/\/hosteleo.com\/blog\/wp-json\/wp\/v2\/tags?post=5325"}],"curies":[{"name":"wp","href":"https:\/\/api.w.org\/{rel}","templated":true}]}}