{"id":5772,"date":"2021-05-26T20:04:19","date_gmt":"2021-05-26T20:04:19","guid":{"rendered":"https:\/\/hosteleo.com\/blog\/?p=5772"},"modified":"2021-05-26T20:18:07","modified_gmt":"2021-05-26T20:18:07","slug":"los-ertes-se-prorrogan-hasta-final-de-septiembre","status":"publish","type":"post","link":"https:\/\/hosteleo.com\/blog\/los-ertes-se-prorrogan-hasta-final-de-septiembre\/","title":{"rendered":"Los ERTES se prorrogan hasta final de septiembre"},"content":{"rendered":"\n<p>El <strong><a href=\"https:\/\/www.lamoncloa.gob.es\/Paginas\/index.aspx\">Gobierno de Espa\u00f1a<\/a><\/strong> ha llegado por fin <strong>a un preacuerdo con los agentes sociales<\/strong>, y los <strong>ERTES se prorrogan hasta final de septiembre,<\/strong> con alguna modificaci\u00f3n en las exenciones de seguros sociales.<\/p>\n\n\n\n<h2 class=\"wp-block-heading\">El Gobierno y los agentes sociales llegan a un acuerdo para prorrogar los ERTES hasta septiembre<\/h2>\n\n\n\n<p> A escasos cinco d\u00edas para terminar la \u00faltima pr\u00f3rroga de los ERTES,<strong> el Gobierno de Espa\u00f1a junto con sindicatos y empresarios han llegado a un principio de acuerdo para renovarlos hasta final de septiembre.<\/strong><\/p>\n\n\n\n<p>Como viene siendo la t\u00f3nica habitual en las negociaciones de los ERTES, hasta \u00faltima hora las tres partes no se han puesto de acuerdo. Si bien <strong>sindicatos y <a href=\"https:\/\/www.ceoe.es\/es\">CEOE<\/a> iban en la misma sinton\u00eda,<\/strong> e incluso el<strong><a href=\"https:\/\/prensa.mites.gob.es\/WebPrensa\/noticias\/ministro\/detalle\/3993\"> Ministerio de Trabajo<\/a><\/strong> dirigido por Yolanda D\u00edaz tambi\u00e9n; era el <strong><a href=\"https:\/\/www.seg-social.es\/wps\/portal\/wss\/internet\/Conocenos\/QuienesSomos\/29427\">Ministerio de Seguridad Social <\/a><\/strong>de la mano del <strong>Ministro Escriv\u00e1, el que pon\u00eda mas reticencias<\/strong> a las pretensiones de las otras partes.<\/p>\n\n\n\n<figure class=\"wp-block-image size-large\"><img loading=\"lazy\" decoding=\"async\" width=\"1024\" height=\"683\" src=\"https:\/\/hosteleo.com\/blog\/wp-content\/uploads\/2021\/05\/markus-winkler-ddj-vJ2YaKM-unsplash-1024x683.jpg\" alt=\"\" class=\"wp-image-5786\" srcset=\"https:\/\/hosteleo.com\/blog\/wp-content\/uploads\/2021\/05\/markus-winkler-ddj-vJ2YaKM-unsplash-1024x683.jpg 1024w, https:\/\/hosteleo.com\/blog\/wp-content\/uploads\/2021\/05\/markus-winkler-ddj-vJ2YaKM-unsplash-300x200.jpg 300w, https:\/\/hosteleo.com\/blog\/wp-content\/uploads\/2021\/05\/markus-winkler-ddj-vJ2YaKM-unsplash-768x512.jpg 768w, https:\/\/hosteleo.com\/blog\/wp-content\/uploads\/2021\/05\/markus-winkler-ddj-vJ2YaKM-unsplash-1536x1024.jpg 1536w, https:\/\/hosteleo.com\/blog\/wp-content\/uploads\/2021\/05\/markus-winkler-ddj-vJ2YaKM-unsplash-2048x1365.jpg 2048w, https:\/\/hosteleo.com\/blog\/wp-content\/uploads\/2021\/05\/markus-winkler-ddj-vJ2YaKM-unsplash-810x540.jpg 810w, https:\/\/hosteleo.com\/blog\/wp-content\/uploads\/2021\/05\/markus-winkler-ddj-vJ2YaKM-unsplash-1140x760.jpg 1140w\" sizes=\"auto, (max-width: 1024px) 100vw, 1024px\" \/><figcaption>Los ERTES se prorrogan hasta final de septiembre<\/figcaption><\/figure>\n\n\n\n<p>Al final con l<strong>a aceptaci\u00f3n de la organizaci\u00f3n de empresarios (CEOE<\/strong>),<strong> <\/strong>se ha podido <strong>pactar una nueva extensi\u00f3n de los ERTES,<\/strong> que seg\u00fan dicen puede ser la \u00faltima. Ahora queda que ma\u00f1ana jueves se pueda aprobar en el Consejo de Ministros, y publicarlo en el <strong><a href=\"https:\/\/www.boe.es\">Bolet\u00edn Oficial del Estado (BOE)<\/a><\/strong>.<\/p>\n\n\n\n<h2 class=\"wp-block-heading\">Los cambios que traen la nueva pr\u00f3rroga de los ERTES a septiembre<\/h2>\n\n\n\n<p>El <strong>gran escollo a salvar en esta \u00faltima negociaci\u00f3n de los ERTES eran las exoneraciones a la seguridad social.<\/strong> Sobre todo cu\u00e1l era el objetivo de la medida, si <strong>seguir protegiendo el empleo<\/strong> como primera opci\u00f3n, o <strong>incentivar a las empresas <\/strong>que incorporen a sus trabajadores cuanto antes.<\/p>\n\n\n\n<p>El Ministro de Seguridad Social, <strong>Jos\u00e9 Luis Escriv\u00e1 era de la opini\u00f3n de penalizar a las empresas que mantuvieran a sus trabajadores en ERTE,<\/strong> y <strong>premiar<\/strong> a aquellas que i<strong>ncorporaran a sus plantillas<\/strong> a la actividad laboral.<\/p>\n\n\n\n<figure class=\"wp-block-image size-large\"><img loading=\"lazy\" decoding=\"async\" width=\"1024\" height=\"684\" src=\"https:\/\/hosteleo.com\/blog\/wp-content\/uploads\/2021\/05\/beth-macdonald-TpJkI74PIxY-unsplash-1024x684.jpg\" alt=\"\" class=\"wp-image-5788\" srcset=\"https:\/\/hosteleo.com\/blog\/wp-content\/uploads\/2021\/05\/beth-macdonald-TpJkI74PIxY-unsplash-1024x684.jpg 1024w, https:\/\/hosteleo.com\/blog\/wp-content\/uploads\/2021\/05\/beth-macdonald-TpJkI74PIxY-unsplash-300x200.jpg 300w, https:\/\/hosteleo.com\/blog\/wp-content\/uploads\/2021\/05\/beth-macdonald-TpJkI74PIxY-unsplash-768x513.jpg 768w, https:\/\/hosteleo.com\/blog\/wp-content\/uploads\/2021\/05\/beth-macdonald-TpJkI74PIxY-unsplash-1536x1026.jpg 1536w, https:\/\/hosteleo.com\/blog\/wp-content\/uploads\/2021\/05\/beth-macdonald-TpJkI74PIxY-unsplash-2048x1368.jpg 2048w, https:\/\/hosteleo.com\/blog\/wp-content\/uploads\/2021\/05\/beth-macdonald-TpJkI74PIxY-unsplash-810x541.jpg 810w, https:\/\/hosteleo.com\/blog\/wp-content\/uploads\/2021\/05\/beth-macdonald-TpJkI74PIxY-unsplash-1140x761.jpg 1140w\" sizes=\"auto, (max-width: 1024px) 100vw, 1024px\" \/><figcaption>Los ERTES se prorrogan hasta final de septiembre<\/figcaption><\/figure>\n\n\n\n<p>Por el otro lado,<strong> el resto de actores de la negociaci\u00f3n<\/strong>, tanto sindicatos como empresarios y el Ministerio de Trabajo, <strong>abogaban por dejar los ERTES en las mismas condicione<\/strong>s, tanto <strong>en objetivos como en exoneraciones<\/strong> en los costes de seguridad social para las empresas.<\/p>\n\n\n\n<p>Al final se lleg\u00f3 al acuerdo de las siguientes exoneraciones:<\/p>\n\n\n\n<p><strong>1\u00ba Para los trabajadores que se reincorporen:<\/strong><\/p>\n\n\n\n<ul class=\"wp-block-list\"><li>95% para las empresas con menos de 50 trabajadores <\/li><li>85% para las que tienen 50 o m\u00e1s en los meses de junio, julio, agosto y septiembre.<\/li><\/ul>\n\n\n\n<p><strong>2\u00ba Para los trabajadores que se mantengan en ERTE: <\/strong><\/p>\n\n\n\n<ul class=\"wp-block-list\"><li>85% en junio, julio y agosto y del 70% en septiembre si la empresa tiene menos de 50 trabajadores. <\/li><li>En empresas con con 50 o m\u00e1s trabajadores, las exoneraciones ser\u00e1n del 75% en junio, julio y agosto y del 60% en septiembre<\/li><\/ul>\n\n\n\n<h2 class=\"wp-block-heading\">M\u00e1s informaci\u00f3n sobre los ERTES<\/h2>\n\n\n\n<ul class=\"wp-block-list\"><li><strong><a href=\"https:\/\/hosteleo.com\/blog\/las-claves-de-la-prorroga-de-los-ertes-hasta-enero\/\">Las claves de la prorroga de los ERTES hasta Enero<\/a><\/strong><\/li><li><strong><a href=\"https:\/\/hosteleo.com\/blog\/los-ertes-y-su-ampliacion-hasta-septiembre\/\">El Gobierno se plantea prorrogar los ERTES hasta el mes de septiembre<\/a><\/strong> <\/li><li><strong><a href=\"https:\/\/hosteleo.com\/blog\/el-sepe-paga-la-prestacion-de-erte-de-diciembre\/\">El SEPE paga la prestaci\u00f3n de Diciembre en Febrero<\/a><\/strong><\/li><li><strong><a href=\"https:\/\/hosteleo.com\/blog\/los-ertes-en-hosteleria\/\">Los ERTES en hosteler\u00eda, no es oro todo lo que reluce<\/a><\/strong><\/li><li><strong><a href=\"https:\/\/hosteleo.com\/blog\/guia-definitiva-sobre-los-ertes-en-hosteleria\/\">Gu\u00eda definitiva de los ERTES en hosteler\u00eda<\/a><\/strong><\/li><li><strong><a href=\"https:\/\/hosteleo.com\/blog\/como-afecta-a-la-hosteleria-la-prorroga-de-los-erte\/\">C\u00f3mo afecta a la hosteler\u00eda la prorroga de los ERTES hasta el 30 de junio<\/a><\/strong><\/li><li><strong><a href=\"https:\/\/hosteleo.com\/blog\/los-ertes-en-turismo-se-alargaran-hasta-final-de-ano\/\">Los ERTES en turismo se alargar\u00e1n hasta final de a\u00f1o<\/a><\/strong><\/li><\/ul>\n","protected":false},"excerpt":{"rendered":"<p>El Gobierno de Espa\u00f1a ha llegado por fin a un preacuerdo con los agentes sociales, y los ERTES se prorrogan hasta final de septiembre, con alguna modificaci\u00f3n en las exenciones de seguros sociales. El Gobierno y los agentes sociales llegan a un acuerdo para prorrogar los ERTES hasta septiembre A escasos cinco d\u00edas para terminar [&hellip;]<\/p>\n","protected":false},"author":2,"featured_media":5784,"comment_status":"open","ping_status":"open","sticky":false,"template":"","format":"standard","meta":{"_exactmetrics_skip_tracking":false,"_exactmetrics_sitenote_active":false,"_exactmetrics_sitenote_note":"","_exactmetrics_sitenote_category":0,"footnotes":""},"categories":[41],"tags":[229,750,522,771,772,655],"class_list":["post-5772","post","type-post","status-publish","format-standard","has-post-thumbnail","hentry","category-noticias-empleo-hosteleria-turismo","tag-ertes","tag-ertes-hasta-septiembre","tag-ertes-hosteleria","tag-ertes-septiembre","tag-exoneraciones-ertes","tag-prorroga-ertes-2"],"yoast_head":"<!-- This site is optimized with the Yoast SEO plugin v27.5 - https:\/\/yoast.com\/product\/yoast-seo-wordpress\/ -->\n<title>Los ERTES se prorrogan hasta final de septiembre - Hosteleo.com<\/title>\n<meta name=\"description\" content=\"Los ERTES se prorrogan hasta final de septiembre con el acuerdo entre el Gobierno y los agentes sociales, con cambios en las exoneraciones.\" \/>\n<meta name=\"robots\" content=\"index, follow, max-snippet:-1, max-image-preview:large, max-video-preview:-1\" \/>\n<link rel=\"canonical\" href=\"https:\/\/hosteleo.com\/blog\/los-ertes-se-prorrogan-hasta-final-de-septiembre\/\" \/>\n<meta property=\"og:locale\" content=\"es_ES\" \/>\n<meta property=\"og:type\" content=\"article\" \/>\n<meta property=\"og:title\" content=\"Los ERTES se prorrogan hasta final de septiembre - Hosteleo.com\" \/>\n<meta property=\"og:description\" content=\"Los ERTES se prorrogan hasta final de septiembre con el acuerdo entre el Gobierno y los agentes sociales, con cambios en las exoneraciones.\" \/>\n<meta property=\"og:url\" content=\"https:\/\/hosteleo.com\/blog\/los-ertes-se-prorrogan-hasta-final-de-septiembre\/\" \/>\n<meta property=\"og:site_name\" content=\"Blog de Empleo en Hosteler\u00eda y Turismo - Hosteleo\" \/>\n<meta property=\"article:publisher\" content=\"https:\/\/www.facebook.com\/hosteleo\" \/>\n<meta property=\"article:published_time\" content=\"2021-05-26T20:04:19+00:00\" \/>\n<meta property=\"article:modified_time\" content=\"2021-05-26T20:18:07+00:00\" \/>\n<meta property=\"og:image\" content=\"https:\/\/hosteleo.com\/blog\/wp-content\/uploads\/2021\/05\/andrew-seaman-sQopSb2K0CU-unsplash-scaled.jpg\" \/>\n\t<meta property=\"og:image:width\" content=\"2560\" \/>\n\t<meta property=\"og:image:height\" content=\"1696\" \/>\n\t<meta property=\"og:image:type\" content=\"image\/jpeg\" \/>\n<meta name=\"author\" content=\"Luis P\u00e9rez\" \/>\n<meta name=\"twitter:card\" content=\"summary_large_image\" \/>\n<meta name=\"twitter:creator\" content=\"@hosteleo\" \/>\n<meta name=\"twitter:site\" content=\"@hosteleo\" \/>\n<meta name=\"twitter:label1\" content=\"Escrito por\" \/>\n\t<meta name=\"twitter:data1\" content=\"Luis P\u00e9rez\" \/>\n\t<meta name=\"twitter:label2\" content=\"Tiempo de lectura\" \/>\n\t<meta name=\"twitter:data2\" content=\"3 minutos\" \/>\n<script type=\"application\/ld+json\" class=\"yoast-schema-graph\">{\"@context\":\"https:\\\/\\\/schema.org\",\"@graph\":[{\"@type\":\"Article\",\"@id\":\"https:\\\/\\\/hosteleo.com\\\/blog\\\/los-ertes-se-prorrogan-hasta-final-de-septiembre\\\/#article\",\"isPartOf\":{\"@id\":\"https:\\\/\\\/hosteleo.com\\\/blog\\\/los-ertes-se-prorrogan-hasta-final-de-septiembre\\\/\"},\"author\":{\"name\":\"Luis P\u00e9rez\",\"@id\":\"https:\\\/\\\/hosteleo.com\\\/blog\\\/#\\\/schema\\\/person\\\/eef8bb67e661dbf50088c7f37406a84b\"},\"headline\":\"Los ERTES se prorrogan hasta final de septiembre\",\"datePublished\":\"2021-05-26T20:04:19+00:00\",\"dateModified\":\"2021-05-26T20:18:07+00:00\",\"mainEntityOfPage\":{\"@id\":\"https:\\\/\\\/hosteleo.com\\\/blog\\\/los-ertes-se-prorrogan-hasta-final-de-septiembre\\\/\"},\"wordCount\":562,\"commentCount\":2,\"publisher\":{\"@id\":\"https:\\\/\\\/hosteleo.com\\\/blog\\\/#organization\"},\"image\":{\"@id\":\"https:\\\/\\\/hosteleo.com\\\/blog\\\/los-ertes-se-prorrogan-hasta-final-de-septiembre\\\/#primaryimage\"},\"thumbnailUrl\":\"https:\\\/\\\/hosteleo.com\\\/blog\\\/wp-content\\\/uploads\\\/2021\\\/05\\\/andrew-seaman-sQopSb2K0CU-unsplash-scaled.jpg\",\"keywords\":[\"ERTES\",\"ERTES hasta septiembre\",\"ERTES hosteler\u00eda\",\"ERTES septiembre\",\"exoneraciones ERTES\",\"pr\u00f3rroga ERTES\"],\"articleSection\":[\"Noticias de Empleo en Hosteler\u00eda y Turismo\"],\"inLanguage\":\"es\",\"potentialAction\":[{\"@type\":\"CommentAction\",\"name\":\"Comment\",\"target\":[\"https:\\\/\\\/hosteleo.com\\\/blog\\\/los-ertes-se-prorrogan-hasta-final-de-septiembre\\\/#respond\"]}]},{\"@type\":\"WebPage\",\"@id\":\"https:\\\/\\\/hosteleo.com\\\/blog\\\/los-ertes-se-prorrogan-hasta-final-de-septiembre\\\/\",\"url\":\"https:\\\/\\\/hosteleo.com\\\/blog\\\/los-ertes-se-prorrogan-hasta-final-de-septiembre\\\/\",\"name\":\"Los ERTES se prorrogan hasta final de septiembre - Hosteleo.com\",\"isPartOf\":{\"@id\":\"https:\\\/\\\/hosteleo.com\\\/blog\\\/#website\"},\"primaryImageOfPage\":{\"@id\":\"https:\\\/\\\/hosteleo.com\\\/blog\\\/los-ertes-se-prorrogan-hasta-final-de-septiembre\\\/#primaryimage\"},\"image\":{\"@id\":\"https:\\\/\\\/hosteleo.com\\\/blog\\\/los-ertes-se-prorrogan-hasta-final-de-septiembre\\\/#primaryimage\"},\"thumbnailUrl\":\"https:\\\/\\\/hosteleo.com\\\/blog\\\/wp-content\\\/uploads\\\/2021\\\/05\\\/andrew-seaman-sQopSb2K0CU-unsplash-scaled.jpg\",\"datePublished\":\"2021-05-26T20:04:19+00:00\",\"dateModified\":\"2021-05-26T20:18:07+00:00\",\"description\":\"Los ERTES se prorrogan hasta final de septiembre con el acuerdo entre el Gobierno y los agentes sociales, con cambios en las exoneraciones.\",\"breadcrumb\":{\"@id\":\"https:\\\/\\\/hosteleo.com\\\/blog\\\/los-ertes-se-prorrogan-hasta-final-de-septiembre\\\/#breadcrumb\"},\"inLanguage\":\"es\",\"potentialAction\":[{\"@type\":\"ReadAction\",\"target\":[\"https:\\\/\\\/hosteleo.com\\\/blog\\\/los-ertes-se-prorrogan-hasta-final-de-septiembre\\\/\"]}]},{\"@type\":\"ImageObject\",\"inLanguage\":\"es\",\"@id\":\"https:\\\/\\\/hosteleo.com\\\/blog\\\/los-ertes-se-prorrogan-hasta-final-de-septiembre\\\/#primaryimage\",\"url\":\"https:\\\/\\\/hosteleo.com\\\/blog\\\/wp-content\\\/uploads\\\/2021\\\/05\\\/andrew-seaman-sQopSb2K0CU-unsplash-scaled.jpg\",\"contentUrl\":\"https:\\\/\\\/hosteleo.com\\\/blog\\\/wp-content\\\/uploads\\\/2021\\\/05\\\/andrew-seaman-sQopSb2K0CU-unsplash-scaled.jpg\",\"width\":2560,\"height\":1696,\"caption\":\"Los ERTES se prorrogan hasta final de septiembre\"},{\"@type\":\"BreadcrumbList\",\"@id\":\"https:\\\/\\\/hosteleo.com\\\/blog\\\/los-ertes-se-prorrogan-hasta-final-de-septiembre\\\/#breadcrumb\",\"itemListElement\":[{\"@type\":\"ListItem\",\"position\":1,\"name\":\"Home\",\"item\":\"https:\\\/\\\/hosteleo.com\\\/blog\\\/\"},{\"@type\":\"ListItem\",\"position\":2,\"name\":\"Los ERTES se prorrogan hasta final de septiembre\"}]},{\"@type\":\"WebSite\",\"@id\":\"https:\\\/\\\/hosteleo.com\\\/blog\\\/#website\",\"url\":\"https:\\\/\\\/hosteleo.com\\\/blog\\\/\",\"name\":\"Blog de Empleo en Hosteler\u00eda y Turismo - Hosteleo\",\"description\":\"Tu blog de Empleo en Hosteler\u00eda y Turismo\",\"publisher\":{\"@id\":\"https:\\\/\\\/hosteleo.com\\\/blog\\\/#organization\"},\"potentialAction\":[{\"@type\":\"SearchAction\",\"target\":{\"@type\":\"EntryPoint\",\"urlTemplate\":\"https:\\\/\\\/hosteleo.com\\\/blog\\\/?s={search_term_string}\"},\"query-input\":{\"@type\":\"PropertyValueSpecification\",\"valueRequired\":true,\"valueName\":\"search_term_string\"}}],\"inLanguage\":\"es\"},{\"@type\":\"Organization\",\"@id\":\"https:\\\/\\\/hosteleo.com\\\/blog\\\/#organization\",\"name\":\"Hosteleo\",\"url\":\"https:\\\/\\\/hosteleo.com\\\/blog\\\/\",\"logo\":{\"@type\":\"ImageObject\",\"inLanguage\":\"es\",\"@id\":\"https:\\\/\\\/hosteleo.com\\\/blog\\\/#\\\/schema\\\/logo\\\/image\\\/\",\"url\":\"https:\\\/\\\/hosteleo.wizzie.dev\\\/blog\\\/wp-content\\\/uploads\\\/2020\\\/05\\\/logo-hosteleo.png\",\"contentUrl\":\"https:\\\/\\\/hosteleo.wizzie.dev\\\/blog\\\/wp-content\\\/uploads\\\/2020\\\/05\\\/logo-hosteleo.png\",\"width\":475,\"height\":76,\"caption\":\"Hosteleo\"},\"image\":{\"@id\":\"https:\\\/\\\/hosteleo.com\\\/blog\\\/#\\\/schema\\\/logo\\\/image\\\/\"},\"sameAs\":[\"https:\\\/\\\/www.facebook.com\\\/hosteleo\",\"https:\\\/\\\/x.com\\\/hosteleo\",\"https:\\\/\\\/www.instagram.com\\\/hosteleo\\\/\",\"https:\\\/\\\/es.linkedin.com\\\/company\\\/hosteleo-com\"]},{\"@type\":\"Person\",\"@id\":\"https:\\\/\\\/hosteleo.com\\\/blog\\\/#\\\/schema\\\/person\\\/eef8bb67e661dbf50088c7f37406a84b\",\"name\":\"Luis P\u00e9rez\",\"image\":{\"@type\":\"ImageObject\",\"inLanguage\":\"es\",\"@id\":\"https:\\\/\\\/secure.gravatar.com\\\/avatar\\\/3949b0f4521059dd33be21948b1d539ec03a1b1069b5df3ea7e3f43d4a8b2d4d?s=96&d=mm&r=g\",\"url\":\"https:\\\/\\\/secure.gravatar.com\\\/avatar\\\/3949b0f4521059dd33be21948b1d539ec03a1b1069b5df3ea7e3f43d4a8b2d4d?s=96&d=mm&r=g\",\"contentUrl\":\"https:\\\/\\\/secure.gravatar.com\\\/avatar\\\/3949b0f4521059dd33be21948b1d539ec03a1b1069b5df3ea7e3f43d4a8b2d4d?s=96&d=mm&r=g\",\"caption\":\"Luis P\u00e9rez\"},\"url\":\"https:\\\/\\\/hosteleo.com\\\/blog\\\/author\\\/davidbglinkers-es\\\/\"}]}<\/script>\n<!-- \/ Yoast SEO plugin. -->","yoast_head_json":{"title":"Los ERTES se prorrogan hasta final de septiembre - Hosteleo.com","description":"Los ERTES se prorrogan hasta final de septiembre con el acuerdo entre el Gobierno y los agentes sociales, con cambios en las exoneraciones.","robots":{"index":"index","follow":"follow","max-snippet":"max-snippet:-1","max-image-preview":"max-image-preview:large","max-video-preview":"max-video-preview:-1"},"canonical":"https:\/\/hosteleo.com\/blog\/los-ertes-se-prorrogan-hasta-final-de-septiembre\/","og_locale":"es_ES","og_type":"article","og_title":"Los ERTES se prorrogan hasta final de septiembre - Hosteleo.com","og_description":"Los ERTES se prorrogan hasta final de septiembre con el acuerdo entre el Gobierno y los agentes sociales, con cambios en las exoneraciones.","og_url":"https:\/\/hosteleo.com\/blog\/los-ertes-se-prorrogan-hasta-final-de-septiembre\/","og_site_name":"Blog de Empleo en Hosteler\u00eda y Turismo - Hosteleo","article_publisher":"https:\/\/www.facebook.com\/hosteleo","article_published_time":"2021-05-26T20:04:19+00:00","article_modified_time":"2021-05-26T20:18:07+00:00","og_image":[{"width":2560,"height":1696,"url":"https:\/\/hosteleo.com\/blog\/wp-content\/uploads\/2021\/05\/andrew-seaman-sQopSb2K0CU-unsplash-scaled.jpg","type":"image\/jpeg"}],"author":"Luis P\u00e9rez","twitter_card":"summary_large_image","twitter_creator":"@hosteleo","twitter_site":"@hosteleo","twitter_misc":{"Escrito por":"Luis P\u00e9rez","Tiempo de lectura":"3 minutos"},"schema":{"@context":"https:\/\/schema.org","@graph":[{"@type":"Article","@id":"https:\/\/hosteleo.com\/blog\/los-ertes-se-prorrogan-hasta-final-de-septiembre\/#article","isPartOf":{"@id":"https:\/\/hosteleo.com\/blog\/los-ertes-se-prorrogan-hasta-final-de-septiembre\/"},"author":{"name":"Luis P\u00e9rez","@id":"https:\/\/hosteleo.com\/blog\/#\/schema\/person\/eef8bb67e661dbf50088c7f37406a84b"},"headline":"Los ERTES se prorrogan hasta final de septiembre","datePublished":"2021-05-26T20:04:19+00:00","dateModified":"2021-05-26T20:18:07+00:00","mainEntityOfPage":{"@id":"https:\/\/hosteleo.com\/blog\/los-ertes-se-prorrogan-hasta-final-de-septiembre\/"},"wordCount":562,"commentCount":2,"publisher":{"@id":"https:\/\/hosteleo.com\/blog\/#organization"},"image":{"@id":"https:\/\/hosteleo.com\/blog\/los-ertes-se-prorrogan-hasta-final-de-septiembre\/#primaryimage"},"thumbnailUrl":"https:\/\/hosteleo.com\/blog\/wp-content\/uploads\/2021\/05\/andrew-seaman-sQopSb2K0CU-unsplash-scaled.jpg","keywords":["ERTES","ERTES hasta septiembre","ERTES hosteler\u00eda","ERTES septiembre","exoneraciones ERTES","pr\u00f3rroga ERTES"],"articleSection":["Noticias de Empleo en Hosteler\u00eda y Turismo"],"inLanguage":"es","potentialAction":[{"@type":"CommentAction","name":"Comment","target":["https:\/\/hosteleo.com\/blog\/los-ertes-se-prorrogan-hasta-final-de-septiembre\/#respond"]}]},{"@type":"WebPage","@id":"https:\/\/hosteleo.com\/blog\/los-ertes-se-prorrogan-hasta-final-de-septiembre\/","url":"https:\/\/hosteleo.com\/blog\/los-ertes-se-prorrogan-hasta-final-de-septiembre\/","name":"Los ERTES se prorrogan hasta final de septiembre - Hosteleo.com","isPartOf":{"@id":"https:\/\/hosteleo.com\/blog\/#website"},"primaryImageOfPage":{"@id":"https:\/\/hosteleo.com\/blog\/los-ertes-se-prorrogan-hasta-final-de-septiembre\/#primaryimage"},"image":{"@id":"https:\/\/hosteleo.com\/blog\/los-ertes-se-prorrogan-hasta-final-de-septiembre\/#primaryimage"},"thumbnailUrl":"https:\/\/hosteleo.com\/blog\/wp-content\/uploads\/2021\/05\/andrew-seaman-sQopSb2K0CU-unsplash-scaled.jpg","datePublished":"2021-05-26T20:04:19+00:00","dateModified":"2021-05-26T20:18:07+00:00","description":"Los ERTES se prorrogan hasta final de septiembre con el acuerdo entre el Gobierno y los agentes sociales, con cambios en las exoneraciones.","breadcrumb":{"@id":"https:\/\/hosteleo.com\/blog\/los-ertes-se-prorrogan-hasta-final-de-septiembre\/#breadcrumb"},"inLanguage":"es","potentialAction":[{"@type":"ReadAction","target":["https:\/\/hosteleo.com\/blog\/los-ertes-se-prorrogan-hasta-final-de-septiembre\/"]}]},{"@type":"ImageObject","inLanguage":"es","@id":"https:\/\/hosteleo.com\/blog\/los-ertes-se-prorrogan-hasta-final-de-septiembre\/#primaryimage","url":"https:\/\/hosteleo.com\/blog\/wp-content\/uploads\/2021\/05\/andrew-seaman-sQopSb2K0CU-unsplash-scaled.jpg","contentUrl":"https:\/\/hosteleo.com\/blog\/wp-content\/uploads\/2021\/05\/andrew-seaman-sQopSb2K0CU-unsplash-scaled.jpg","width":2560,"height":1696,"caption":"Los ERTES se prorrogan hasta final de septiembre"},{"@type":"BreadcrumbList","@id":"https:\/\/hosteleo.com\/blog\/los-ertes-se-prorrogan-hasta-final-de-septiembre\/#breadcrumb","itemListElement":[{"@type":"ListItem","position":1,"name":"Home","item":"https:\/\/hosteleo.com\/blog\/"},{"@type":"ListItem","position":2,"name":"Los ERTES se prorrogan hasta final de septiembre"}]},{"@type":"WebSite","@id":"https:\/\/hosteleo.com\/blog\/#website","url":"https:\/\/hosteleo.com\/blog\/","name":"Blog de Empleo en Hosteler\u00eda y Turismo - Hosteleo","description":"Tu blog de Empleo en Hosteler\u00eda y Turismo","publisher":{"@id":"https:\/\/hosteleo.com\/blog\/#organization"},"potentialAction":[{"@type":"SearchAction","target":{"@type":"EntryPoint","urlTemplate":"https:\/\/hosteleo.com\/blog\/?s={search_term_string}"},"query-input":{"@type":"PropertyValueSpecification","valueRequired":true,"valueName":"search_term_string"}}],"inLanguage":"es"},{"@type":"Organization","@id":"https:\/\/hosteleo.com\/blog\/#organization","name":"Hosteleo","url":"https:\/\/hosteleo.com\/blog\/","logo":{"@type":"ImageObject","inLanguage":"es","@id":"https:\/\/hosteleo.com\/blog\/#\/schema\/logo\/image\/","url":"https:\/\/hosteleo.wizzie.dev\/blog\/wp-content\/uploads\/2020\/05\/logo-hosteleo.png","contentUrl":"https:\/\/hosteleo.wizzie.dev\/blog\/wp-content\/uploads\/2020\/05\/logo-hosteleo.png","width":475,"height":76,"caption":"Hosteleo"},"image":{"@id":"https:\/\/hosteleo.com\/blog\/#\/schema\/logo\/image\/"},"sameAs":["https:\/\/www.facebook.com\/hosteleo","https:\/\/x.com\/hosteleo","https:\/\/www.instagram.com\/hosteleo\/","https:\/\/es.linkedin.com\/company\/hosteleo-com"]},{"@type":"Person","@id":"https:\/\/hosteleo.com\/blog\/#\/schema\/person\/eef8bb67e661dbf50088c7f37406a84b","name":"Luis P\u00e9rez","image":{"@type":"ImageObject","inLanguage":"es","@id":"https:\/\/secure.gravatar.com\/avatar\/3949b0f4521059dd33be21948b1d539ec03a1b1069b5df3ea7e3f43d4a8b2d4d?s=96&d=mm&r=g","url":"https:\/\/secure.gravatar.com\/avatar\/3949b0f4521059dd33be21948b1d539ec03a1b1069b5df3ea7e3f43d4a8b2d4d?s=96&d=mm&r=g","contentUrl":"https:\/\/secure.gravatar.com\/avatar\/3949b0f4521059dd33be21948b1d539ec03a1b1069b5df3ea7e3f43d4a8b2d4d?s=96&d=mm&r=g","caption":"Luis P\u00e9rez"},"url":"https:\/\/hosteleo.com\/blog\/author\/davidbglinkers-es\/"}]}},"amp_enabled":true,"_links":{"self":[{"href":"https:\/\/hosteleo.com\/blog\/wp-json\/wp\/v2\/posts\/5772","targetHints":{"allow":["GET"]}}],"collection":[{"href":"https:\/\/hosteleo.com\/blog\/wp-json\/wp\/v2\/posts"}],"about":[{"href":"https:\/\/hosteleo.com\/blog\/wp-json\/wp\/v2\/types\/post"}],"author":[{"embeddable":true,"href":"https:\/\/hosteleo.com\/blog\/wp-json\/wp\/v2\/users\/2"}],"replies":[{"embeddable":true,"href":"https:\/\/hosteleo.com\/blog\/wp-json\/wp\/v2\/comments?post=5772"}],"version-history":[{"count":21,"href":"https:\/\/hosteleo.com\/blog\/wp-json\/wp\/v2\/posts\/5772\/revisions"}],"predecessor-version":[{"id":5800,"href":"https:\/\/hosteleo.com\/blog\/wp-json\/wp\/v2\/posts\/5772\/revisions\/5800"}],"wp:featuredmedia":[{"embeddable":true,"href":"https:\/\/hosteleo.com\/blog\/wp-json\/wp\/v2\/media\/5784"}],"wp:attachment":[{"href":"https:\/\/hosteleo.com\/blog\/wp-json\/wp\/v2\/media?parent=5772"}],"wp:term":[{"taxonomy":"category","embeddable":true,"href":"https:\/\/hosteleo.com\/blog\/wp-json\/wp\/v2\/categories?post=5772"},{"taxonomy":"post_tag","embeddable":true,"href":"https:\/\/hosteleo.com\/blog\/wp-json\/wp\/v2\/tags?post=5772"}],"curies":[{"name":"wp","href":"https:\/\/api.w.org\/{rel}","templated":true}]}}