{"id":7453,"date":"2021-09-28T09:07:49","date_gmt":"2021-09-28T09:07:49","guid":{"rendered":"https:\/\/hosteleo.com\/blog\/?p=7453"},"modified":"2021-09-28T09:07:51","modified_gmt":"2021-09-28T09:07:51","slug":"aprobada-la-prorroga-de-los-erte-hasta-el-28-de-febrero-de-2022","status":"publish","type":"post","link":"https:\/\/hosteleo.com\/blog\/aprobada-la-prorroga-de-los-erte-hasta-el-28-de-febrero-de-2022\/","title":{"rendered":"Aprobada la pr\u00f3rroga de los ERTE hasta el 28 de febrero de 2022"},"content":{"rendered":"\n<p>Este pasado lunes 27 de septiembre, y tras una extensa reuni\u00f3n de m\u00e1s de 10 horas, Gobierno y agentes sociales llegaron a un acuerdo mediante el cual quedaba <strong>aprobada la pr\u00f3rroga de los ERTE hasta el 28 de febrero de 2022. <\/strong>Actualmente, son m\u00e1s de 250.000 trabajadores los que contin\u00faan en ERTE tras las graves consecuencias que gener\u00f3 la pandemia por coronavirus. Estos trabajadores<strong> podr\u00e1n continuar en este estado hasta finales de febrero<\/strong>, un mes m\u00e1s de lo que se preve\u00eda en un principio.<\/p>\n\n\n\n<p>Tras la insistencia de la UGT por <strong>poner a cero las prestaciones por desempleo<\/strong> en aquellos trabajadores afectados por el ERTE, <strong>el Gobierno ha aprobado esta necesidad hasta el 31 de diciembre de 2022<\/strong>. El tiempo consumido de desempleo desde septiembre de 2020, no contar\u00e1 hasta el 1 de enero de 2023, cuando se produzca un despido por cualquier causa.<\/p>\n\n\n\n<h2 class=\"wp-block-heading\">Exoneraciones y acciones formativas<\/h2>\n\n\n\n<p>En un principio <strong>el Gobierno quer\u00eda imponer acciones formativas a las empresas<\/strong> para sus trabajadores en ERTE. Tras la negativa por parte de UGT y CCOO, finalmente <strong>esta medida no ser\u00e1 de car\u00e1cter obligatorio.<\/strong><\/p>\n\n\n\n<p>En este acuerdo, se consigue una <strong>mejor\u00eda en las exoneraciones<\/strong>. Estas mejor\u00edas <strong>ser\u00e1n diferentes en funci\u00f3n del n\u00famero de trabajadores que tiene una empresa y las acciones formativas que decida impartir:<\/strong><\/p>\n\n\n\n<ul class=\"wp-block-list\"><li>Las empresas que cuenten con <strong>m\u00e1s de 10 trabajadores<\/strong> tendr\u00e1n un 40% de exoneraci\u00f3n en el caso de que no realicen las acciones formativas. Si las imparten, aumentar\u00e1n a un 80%. <\/li><li>Por otro lado, las empresas que cuenten con <strong>10 o menos trabajadores,<\/strong> obtendr\u00e1n un 50% de exoneraciones si no llevan a cabo las formaciones. En el caso de que si las realicen, tambi\u00e9n el porcentaje tambi\u00e9n aumentar\u00e1 hasta el 80%.<\/li><\/ul>\n\n\n\n<p>Las acciones formativas<strong> deber\u00e1n llevarlas a cabo las empresas con el <a href=\"https:\/\/www.sepe.es\/HomeSepe\/\">SEPE<\/a><\/strong>. Para poder adquirir estas exoneraciones, <strong>las empresas que tengan entre 10 y 49 empleados<\/strong> deber\u00e1n implantar un m\u00ednimo de 30 horas de formaci\u00f3n.  Si cuentan con <strong>50 o m\u00e1s trabajadores<\/strong> elevan su cifra a 40 horas.<\/p>\n\n\n\n<h2 class=\"wp-block-heading\">Como solicitar la pr\u00f3rroga<\/h2>\n\n\n\n<p>Tras la reciente prorroga de los ERTE aprobada hasta el 28 de febrero de 2022, las empresas que actualmente se encuentran en dicha situaci\u00f3n<strong> deber\u00e1n solicitar nuevamente el tr\u00e1mite de dicho expediente para poder mantener las ayudas a partir de noviembre. <\/strong>Para ello, <strong>las empresas dispondr\u00e1n de todo el mes de octubre. <\/strong>Si por alguna causa, la administraci\u00f3n no responde a la petici\u00f3n de prorrogar el ERTE, \u00e9ste se prorrogar\u00e1 de forma autom\u00e1tica, acuerdo del cual estaba en contra el Gobierno en un principio.<\/p>\n\n\n\n<h2 class=\"wp-block-heading\">M\u00e1s informaci\u00f3n sobre los ERTE:<\/h2>\n\n\n\n<ul class=\"wp-block-list\"><li><a href=\"https:\/\/hosteleo.com\/blog\/nueva-prorroga-de-los-erte-el-gobierno-propone-ampliar-las-ayudas-hasta-el-31-de-enero\/\">Nueva pr\u00f3rroga de los ERTE: el Gobierno propone ampliar las ayudas hasta el 31 de enero.<\/a><\/li><li><a href=\"https:\/\/hosteleo.com\/blog\/los-ertes-se-prorrogan-hasta-final-de-septiembre\/\">Los ERTES se prorrogan hasta final de septiembre.<\/a><\/li><li><a href=\"https:\/\/hosteleo.com\/blog\/los-ertes-y-su-ampliacion-hasta-septiembre\/\">Los ERTES y su ampliaci\u00f3n hasta Septiembre.<\/a><\/li><\/ul>\n\n\n\n<p><\/p>\n","protected":false},"excerpt":{"rendered":"<p>Este pasado lunes 27 de septiembre, y tras una extensa reuni\u00f3n de m\u00e1s de 10 horas, Gobierno y agentes sociales llegaron a un acuerdo mediante el cual quedaba aprobada la pr\u00f3rroga de los ERTE hasta el 28 de febrero de 2022. Actualmente, son m\u00e1s de 250.000 trabajadores los que contin\u00faan en ERTE tras las graves [&hellip;]<\/p>\n","protected":false},"author":8,"featured_media":7462,"comment_status":"open","ping_status":"open","sticky":false,"template":"","format":"standard","meta":{"_exactmetrics_skip_tracking":false,"_exactmetrics_sitenote_active":false,"_exactmetrics_sitenote_note":"","_exactmetrics_sitenote_category":0,"footnotes":""},"categories":[944],"tags":[990,981,556,959,984,679,224,229,1021,772,1018,309,978,492,529,516,638],"class_list":["post-7453","post","type-post","status-publish","format-standard","has-post-thumbnail","hentry","category-ayudas-y-prestaciones","tag-acciones-formativas","tag-agentes-sociales","tag-ampliacion-ertes","tag-aprobacion","tag-ayudas","tag-ayudas-a-empresas","tag-erte","tag-ertes","tag-ertes-hasta-febrero","tag-exoneraciones-ertes","tag-febrero","tag-gobierno","tag-nueva-prorroga-erte","tag-prestacion","tag-prestacion-desempleo","tag-prestaciones-ertes","tag-prorroga-ertes"],"yoast_head":"<!-- This site is optimized with the Yoast SEO plugin v27.5 - https:\/\/yoast.com\/product\/yoast-seo-wordpress\/ -->\n<title>Aprobada la pr\u00f3rroga de los ERTE hasta el 28 de febrero de 2022 - Blog de Empleo en Hosteler\u00eda y Turismo - Hosteleo<\/title>\n<meta name=\"description\" content=\"Aprobada la pr\u00f3rroga de los ERTE hasta el 28 de febrero de 2022. Gobierno y agentes sociales llegaron a un acuerdo el pasado lunes 27 de septiembre.\" \/>\n<meta name=\"robots\" content=\"index, follow, max-snippet:-1, max-image-preview:large, max-video-preview:-1\" \/>\n<link rel=\"canonical\" href=\"https:\/\/hosteleo.com\/blog\/aprobada-la-prorroga-de-los-erte-hasta-el-28-de-febrero-de-2022\/\" \/>\n<meta property=\"og:locale\" content=\"es_ES\" \/>\n<meta property=\"og:type\" content=\"article\" \/>\n<meta property=\"og:title\" content=\"Aprobada la pr\u00f3rroga de los ERTE hasta el 28 de febrero de 2022 - Blog de Empleo en Hosteler\u00eda y Turismo - Hosteleo\" \/>\n<meta property=\"og:description\" content=\"Aprobada la pr\u00f3rroga de los ERTE hasta el 28 de febrero de 2022. Gobierno y agentes sociales llegaron a un acuerdo el pasado lunes 27 de septiembre.\" \/>\n<meta property=\"og:url\" content=\"https:\/\/hosteleo.com\/blog\/aprobada-la-prorroga-de-los-erte-hasta-el-28-de-febrero-de-2022\/\" \/>\n<meta property=\"og:site_name\" content=\"Blog de Empleo en Hosteler\u00eda y Turismo - Hosteleo\" \/>\n<meta property=\"article:publisher\" content=\"https:\/\/www.facebook.com\/hosteleo\" \/>\n<meta property=\"article:published_time\" content=\"2021-09-28T09:07:49+00:00\" \/>\n<meta property=\"article:modified_time\" content=\"2021-09-28T09:07:51+00:00\" \/>\n<meta property=\"og:image\" content=\"https:\/\/hosteleo.com\/blog\/wp-content\/uploads\/2021\/09\/acuerdo-erte-escriva-y-yolanda-diaz-1-1024x576-1.jpg\" \/>\n\t<meta property=\"og:image:width\" content=\"1024\" \/>\n\t<meta property=\"og:image:height\" content=\"576\" \/>\n\t<meta property=\"og:image:type\" content=\"image\/jpeg\" \/>\n<meta name=\"author\" content=\"Lucia Mendez\" \/>\n<meta name=\"twitter:card\" content=\"summary_large_image\" \/>\n<meta name=\"twitter:creator\" content=\"@hosteleo\" \/>\n<meta name=\"twitter:site\" content=\"@hosteleo\" \/>\n<meta name=\"twitter:label1\" content=\"Escrito por\" \/>\n\t<meta name=\"twitter:data1\" content=\"Lucia Mendez\" \/>\n\t<meta name=\"twitter:label2\" content=\"Tiempo de lectura\" \/>\n\t<meta name=\"twitter:data2\" content=\"2 minutos\" \/>\n<script type=\"application\/ld+json\" class=\"yoast-schema-graph\">{\"@context\":\"https:\\\/\\\/schema.org\",\"@graph\":[{\"@type\":\"Article\",\"@id\":\"https:\\\/\\\/hosteleo.com\\\/blog\\\/aprobada-la-prorroga-de-los-erte-hasta-el-28-de-febrero-de-2022\\\/#article\",\"isPartOf\":{\"@id\":\"https:\\\/\\\/hosteleo.com\\\/blog\\\/aprobada-la-prorroga-de-los-erte-hasta-el-28-de-febrero-de-2022\\\/\"},\"author\":{\"name\":\"Lucia Mendez\",\"@id\":\"https:\\\/\\\/hosteleo.com\\\/blog\\\/#\\\/schema\\\/person\\\/79ebcc3f4d55b944b967a365a656f908\"},\"headline\":\"Aprobada la pr\u00f3rroga de los ERTE hasta el 28 de febrero de 2022\",\"datePublished\":\"2021-09-28T09:07:49+00:00\",\"dateModified\":\"2021-09-28T09:07:51+00:00\",\"mainEntityOfPage\":{\"@id\":\"https:\\\/\\\/hosteleo.com\\\/blog\\\/aprobada-la-prorroga-de-los-erte-hasta-el-28-de-febrero-de-2022\\\/\"},\"wordCount\":483,\"commentCount\":7,\"publisher\":{\"@id\":\"https:\\\/\\\/hosteleo.com\\\/blog\\\/#organization\"},\"image\":{\"@id\":\"https:\\\/\\\/hosteleo.com\\\/blog\\\/aprobada-la-prorroga-de-los-erte-hasta-el-28-de-febrero-de-2022\\\/#primaryimage\"},\"thumbnailUrl\":\"https:\\\/\\\/hosteleo.com\\\/blog\\\/wp-content\\\/uploads\\\/2021\\\/09\\\/acuerdo-erte-escriva-y-yolanda-diaz-1-1024x576-1.jpg\",\"keywords\":[\"acciones formativas\",\"agentes sociales\",\"ampliaci\u00f3n ERTES\",\"aprobaci\u00f3n\",\"ayudas\",\"ayudas a empresas\",\"erte\",\"ERTES\",\"Ertes hasta febrero\",\"exoneraciones ERTES\",\"Febrero\",\"Gobierno\",\"nueva pr\u00f3rroga erte\",\"prestaci\u00f3n\",\"prestaci\u00f3n desempleo\",\"prestaciones ERTES\",\"prorroga ERTES\"],\"articleSection\":[\"Ayudas y prestaciones\"],\"inLanguage\":\"es\",\"potentialAction\":[{\"@type\":\"CommentAction\",\"name\":\"Comment\",\"target\":[\"https:\\\/\\\/hosteleo.com\\\/blog\\\/aprobada-la-prorroga-de-los-erte-hasta-el-28-de-febrero-de-2022\\\/#respond\"]}]},{\"@type\":\"WebPage\",\"@id\":\"https:\\\/\\\/hosteleo.com\\\/blog\\\/aprobada-la-prorroga-de-los-erte-hasta-el-28-de-febrero-de-2022\\\/\",\"url\":\"https:\\\/\\\/hosteleo.com\\\/blog\\\/aprobada-la-prorroga-de-los-erte-hasta-el-28-de-febrero-de-2022\\\/\",\"name\":\"Aprobada la pr\u00f3rroga de los ERTE hasta el 28 de febrero de 2022 - Blog de Empleo en Hosteler\u00eda y Turismo - Hosteleo\",\"isPartOf\":{\"@id\":\"https:\\\/\\\/hosteleo.com\\\/blog\\\/#website\"},\"primaryImageOfPage\":{\"@id\":\"https:\\\/\\\/hosteleo.com\\\/blog\\\/aprobada-la-prorroga-de-los-erte-hasta-el-28-de-febrero-de-2022\\\/#primaryimage\"},\"image\":{\"@id\":\"https:\\\/\\\/hosteleo.com\\\/blog\\\/aprobada-la-prorroga-de-los-erte-hasta-el-28-de-febrero-de-2022\\\/#primaryimage\"},\"thumbnailUrl\":\"https:\\\/\\\/hosteleo.com\\\/blog\\\/wp-content\\\/uploads\\\/2021\\\/09\\\/acuerdo-erte-escriva-y-yolanda-diaz-1-1024x576-1.jpg\",\"datePublished\":\"2021-09-28T09:07:49+00:00\",\"dateModified\":\"2021-09-28T09:07:51+00:00\",\"description\":\"Aprobada la pr\u00f3rroga de los ERTE hasta el 28 de febrero de 2022. Gobierno y agentes sociales llegaron a un acuerdo el pasado lunes 27 de septiembre.\",\"breadcrumb\":{\"@id\":\"https:\\\/\\\/hosteleo.com\\\/blog\\\/aprobada-la-prorroga-de-los-erte-hasta-el-28-de-febrero-de-2022\\\/#breadcrumb\"},\"inLanguage\":\"es\",\"potentialAction\":[{\"@type\":\"ReadAction\",\"target\":[\"https:\\\/\\\/hosteleo.com\\\/blog\\\/aprobada-la-prorroga-de-los-erte-hasta-el-28-de-febrero-de-2022\\\/\"]}]},{\"@type\":\"ImageObject\",\"inLanguage\":\"es\",\"@id\":\"https:\\\/\\\/hosteleo.com\\\/blog\\\/aprobada-la-prorroga-de-los-erte-hasta-el-28-de-febrero-de-2022\\\/#primaryimage\",\"url\":\"https:\\\/\\\/hosteleo.com\\\/blog\\\/wp-content\\\/uploads\\\/2021\\\/09\\\/acuerdo-erte-escriva-y-yolanda-diaz-1-1024x576-1.jpg\",\"contentUrl\":\"https:\\\/\\\/hosteleo.com\\\/blog\\\/wp-content\\\/uploads\\\/2021\\\/09\\\/acuerdo-erte-escriva-y-yolanda-diaz-1-1024x576-1.jpg\",\"width\":1024,\"height\":576,\"caption\":\"Las claves de la nueva reforma laboral: nuevos tipos de ERTE y contratos\"},{\"@type\":\"BreadcrumbList\",\"@id\":\"https:\\\/\\\/hosteleo.com\\\/blog\\\/aprobada-la-prorroga-de-los-erte-hasta-el-28-de-febrero-de-2022\\\/#breadcrumb\",\"itemListElement\":[{\"@type\":\"ListItem\",\"position\":1,\"name\":\"Home\",\"item\":\"https:\\\/\\\/hosteleo.com\\\/blog\\\/\"},{\"@type\":\"ListItem\",\"position\":2,\"name\":\"Aprobada la pr\u00f3rroga de los ERTE hasta el 28 de febrero de 2022\"}]},{\"@type\":\"WebSite\",\"@id\":\"https:\\\/\\\/hosteleo.com\\\/blog\\\/#website\",\"url\":\"https:\\\/\\\/hosteleo.com\\\/blog\\\/\",\"name\":\"Blog de Empleo en Hosteler\u00eda y Turismo - Hosteleo\",\"description\":\"Tu blog de Empleo en Hosteler\u00eda y Turismo\",\"publisher\":{\"@id\":\"https:\\\/\\\/hosteleo.com\\\/blog\\\/#organization\"},\"potentialAction\":[{\"@type\":\"SearchAction\",\"target\":{\"@type\":\"EntryPoint\",\"urlTemplate\":\"https:\\\/\\\/hosteleo.com\\\/blog\\\/?s={search_term_string}\"},\"query-input\":{\"@type\":\"PropertyValueSpecification\",\"valueRequired\":true,\"valueName\":\"search_term_string\"}}],\"inLanguage\":\"es\"},{\"@type\":\"Organization\",\"@id\":\"https:\\\/\\\/hosteleo.com\\\/blog\\\/#organization\",\"name\":\"Hosteleo\",\"url\":\"https:\\\/\\\/hosteleo.com\\\/blog\\\/\",\"logo\":{\"@type\":\"ImageObject\",\"inLanguage\":\"es\",\"@id\":\"https:\\\/\\\/hosteleo.com\\\/blog\\\/#\\\/schema\\\/logo\\\/image\\\/\",\"url\":\"https:\\\/\\\/hosteleo.wizzie.dev\\\/blog\\\/wp-content\\\/uploads\\\/2020\\\/05\\\/logo-hosteleo.png\",\"contentUrl\":\"https:\\\/\\\/hosteleo.wizzie.dev\\\/blog\\\/wp-content\\\/uploads\\\/2020\\\/05\\\/logo-hosteleo.png\",\"width\":475,\"height\":76,\"caption\":\"Hosteleo\"},\"image\":{\"@id\":\"https:\\\/\\\/hosteleo.com\\\/blog\\\/#\\\/schema\\\/logo\\\/image\\\/\"},\"sameAs\":[\"https:\\\/\\\/www.facebook.com\\\/hosteleo\",\"https:\\\/\\\/x.com\\\/hosteleo\",\"https:\\\/\\\/www.instagram.com\\\/hosteleo\\\/\",\"https:\\\/\\\/es.linkedin.com\\\/company\\\/hosteleo-com\"]},{\"@type\":\"Person\",\"@id\":\"https:\\\/\\\/hosteleo.com\\\/blog\\\/#\\\/schema\\\/person\\\/79ebcc3f4d55b944b967a365a656f908\",\"name\":\"Lucia Mendez\",\"image\":{\"@type\":\"ImageObject\",\"inLanguage\":\"es\",\"@id\":\"https:\\\/\\\/secure.gravatar.com\\\/avatar\\\/939287419fd9cfab10c87d595914d23a9b8797cd8fd6219748cc4e95cbd92fca?s=96&d=mm&r=g\",\"url\":\"https:\\\/\\\/secure.gravatar.com\\\/avatar\\\/939287419fd9cfab10c87d595914d23a9b8797cd8fd6219748cc4e95cbd92fca?s=96&d=mm&r=g\",\"contentUrl\":\"https:\\\/\\\/secure.gravatar.com\\\/avatar\\\/939287419fd9cfab10c87d595914d23a9b8797cd8fd6219748cc4e95cbd92fca?s=96&d=mm&r=g\",\"caption\":\"Lucia Mendez\"},\"url\":\"https:\\\/\\\/hosteleo.com\\\/blog\\\/author\\\/lucia-mendez\\\/\"}]}<\/script>\n<!-- \/ Yoast SEO plugin. -->","yoast_head_json":{"title":"Aprobada la pr\u00f3rroga de los ERTE hasta el 28 de febrero de 2022 - Blog de Empleo en Hosteler\u00eda y Turismo - Hosteleo","description":"Aprobada la pr\u00f3rroga de los ERTE hasta el 28 de febrero de 2022. Gobierno y agentes sociales llegaron a un acuerdo el pasado lunes 27 de septiembre.","robots":{"index":"index","follow":"follow","max-snippet":"max-snippet:-1","max-image-preview":"max-image-preview:large","max-video-preview":"max-video-preview:-1"},"canonical":"https:\/\/hosteleo.com\/blog\/aprobada-la-prorroga-de-los-erte-hasta-el-28-de-febrero-de-2022\/","og_locale":"es_ES","og_type":"article","og_title":"Aprobada la pr\u00f3rroga de los ERTE hasta el 28 de febrero de 2022 - Blog de Empleo en Hosteler\u00eda y Turismo - Hosteleo","og_description":"Aprobada la pr\u00f3rroga de los ERTE hasta el 28 de febrero de 2022. Gobierno y agentes sociales llegaron a un acuerdo el pasado lunes 27 de septiembre.","og_url":"https:\/\/hosteleo.com\/blog\/aprobada-la-prorroga-de-los-erte-hasta-el-28-de-febrero-de-2022\/","og_site_name":"Blog de Empleo en Hosteler\u00eda y Turismo - Hosteleo","article_publisher":"https:\/\/www.facebook.com\/hosteleo","article_published_time":"2021-09-28T09:07:49+00:00","article_modified_time":"2021-09-28T09:07:51+00:00","og_image":[{"width":1024,"height":576,"url":"https:\/\/hosteleo.com\/blog\/wp-content\/uploads\/2021\/09\/acuerdo-erte-escriva-y-yolanda-diaz-1-1024x576-1.jpg","type":"image\/jpeg"}],"author":"Lucia Mendez","twitter_card":"summary_large_image","twitter_creator":"@hosteleo","twitter_site":"@hosteleo","twitter_misc":{"Escrito por":"Lucia Mendez","Tiempo de lectura":"2 minutos"},"schema":{"@context":"https:\/\/schema.org","@graph":[{"@type":"Article","@id":"https:\/\/hosteleo.com\/blog\/aprobada-la-prorroga-de-los-erte-hasta-el-28-de-febrero-de-2022\/#article","isPartOf":{"@id":"https:\/\/hosteleo.com\/blog\/aprobada-la-prorroga-de-los-erte-hasta-el-28-de-febrero-de-2022\/"},"author":{"name":"Lucia Mendez","@id":"https:\/\/hosteleo.com\/blog\/#\/schema\/person\/79ebcc3f4d55b944b967a365a656f908"},"headline":"Aprobada la pr\u00f3rroga de los ERTE hasta el 28 de febrero de 2022","datePublished":"2021-09-28T09:07:49+00:00","dateModified":"2021-09-28T09:07:51+00:00","mainEntityOfPage":{"@id":"https:\/\/hosteleo.com\/blog\/aprobada-la-prorroga-de-los-erte-hasta-el-28-de-febrero-de-2022\/"},"wordCount":483,"commentCount":7,"publisher":{"@id":"https:\/\/hosteleo.com\/blog\/#organization"},"image":{"@id":"https:\/\/hosteleo.com\/blog\/aprobada-la-prorroga-de-los-erte-hasta-el-28-de-febrero-de-2022\/#primaryimage"},"thumbnailUrl":"https:\/\/hosteleo.com\/blog\/wp-content\/uploads\/2021\/09\/acuerdo-erte-escriva-y-yolanda-diaz-1-1024x576-1.jpg","keywords":["acciones formativas","agentes sociales","ampliaci\u00f3n ERTES","aprobaci\u00f3n","ayudas","ayudas a empresas","erte","ERTES","Ertes hasta febrero","exoneraciones ERTES","Febrero","Gobierno","nueva pr\u00f3rroga erte","prestaci\u00f3n","prestaci\u00f3n desempleo","prestaciones ERTES","prorroga ERTES"],"articleSection":["Ayudas y prestaciones"],"inLanguage":"es","potentialAction":[{"@type":"CommentAction","name":"Comment","target":["https:\/\/hosteleo.com\/blog\/aprobada-la-prorroga-de-los-erte-hasta-el-28-de-febrero-de-2022\/#respond"]}]},{"@type":"WebPage","@id":"https:\/\/hosteleo.com\/blog\/aprobada-la-prorroga-de-los-erte-hasta-el-28-de-febrero-de-2022\/","url":"https:\/\/hosteleo.com\/blog\/aprobada-la-prorroga-de-los-erte-hasta-el-28-de-febrero-de-2022\/","name":"Aprobada la pr\u00f3rroga de los ERTE hasta el 28 de febrero de 2022 - Blog de Empleo en Hosteler\u00eda y Turismo - Hosteleo","isPartOf":{"@id":"https:\/\/hosteleo.com\/blog\/#website"},"primaryImageOfPage":{"@id":"https:\/\/hosteleo.com\/blog\/aprobada-la-prorroga-de-los-erte-hasta-el-28-de-febrero-de-2022\/#primaryimage"},"image":{"@id":"https:\/\/hosteleo.com\/blog\/aprobada-la-prorroga-de-los-erte-hasta-el-28-de-febrero-de-2022\/#primaryimage"},"thumbnailUrl":"https:\/\/hosteleo.com\/blog\/wp-content\/uploads\/2021\/09\/acuerdo-erte-escriva-y-yolanda-diaz-1-1024x576-1.jpg","datePublished":"2021-09-28T09:07:49+00:00","dateModified":"2021-09-28T09:07:51+00:00","description":"Aprobada la pr\u00f3rroga de los ERTE hasta el 28 de febrero de 2022. Gobierno y agentes sociales llegaron a un acuerdo el pasado lunes 27 de septiembre.","breadcrumb":{"@id":"https:\/\/hosteleo.com\/blog\/aprobada-la-prorroga-de-los-erte-hasta-el-28-de-febrero-de-2022\/#breadcrumb"},"inLanguage":"es","potentialAction":[{"@type":"ReadAction","target":["https:\/\/hosteleo.com\/blog\/aprobada-la-prorroga-de-los-erte-hasta-el-28-de-febrero-de-2022\/"]}]},{"@type":"ImageObject","inLanguage":"es","@id":"https:\/\/hosteleo.com\/blog\/aprobada-la-prorroga-de-los-erte-hasta-el-28-de-febrero-de-2022\/#primaryimage","url":"https:\/\/hosteleo.com\/blog\/wp-content\/uploads\/2021\/09\/acuerdo-erte-escriva-y-yolanda-diaz-1-1024x576-1.jpg","contentUrl":"https:\/\/hosteleo.com\/blog\/wp-content\/uploads\/2021\/09\/acuerdo-erte-escriva-y-yolanda-diaz-1-1024x576-1.jpg","width":1024,"height":576,"caption":"Las claves de la nueva reforma laboral: nuevos tipos de ERTE y contratos"},{"@type":"BreadcrumbList","@id":"https:\/\/hosteleo.com\/blog\/aprobada-la-prorroga-de-los-erte-hasta-el-28-de-febrero-de-2022\/#breadcrumb","itemListElement":[{"@type":"ListItem","position":1,"name":"Home","item":"https:\/\/hosteleo.com\/blog\/"},{"@type":"ListItem","position":2,"name":"Aprobada la pr\u00f3rroga de los ERTE hasta el 28 de febrero de 2022"}]},{"@type":"WebSite","@id":"https:\/\/hosteleo.com\/blog\/#website","url":"https:\/\/hosteleo.com\/blog\/","name":"Blog de Empleo en Hosteler\u00eda y Turismo - Hosteleo","description":"Tu blog de Empleo en Hosteler\u00eda y Turismo","publisher":{"@id":"https:\/\/hosteleo.com\/blog\/#organization"},"potentialAction":[{"@type":"SearchAction","target":{"@type":"EntryPoint","urlTemplate":"https:\/\/hosteleo.com\/blog\/?s={search_term_string}"},"query-input":{"@type":"PropertyValueSpecification","valueRequired":true,"valueName":"search_term_string"}}],"inLanguage":"es"},{"@type":"Organization","@id":"https:\/\/hosteleo.com\/blog\/#organization","name":"Hosteleo","url":"https:\/\/hosteleo.com\/blog\/","logo":{"@type":"ImageObject","inLanguage":"es","@id":"https:\/\/hosteleo.com\/blog\/#\/schema\/logo\/image\/","url":"https:\/\/hosteleo.wizzie.dev\/blog\/wp-content\/uploads\/2020\/05\/logo-hosteleo.png","contentUrl":"https:\/\/hosteleo.wizzie.dev\/blog\/wp-content\/uploads\/2020\/05\/logo-hosteleo.png","width":475,"height":76,"caption":"Hosteleo"},"image":{"@id":"https:\/\/hosteleo.com\/blog\/#\/schema\/logo\/image\/"},"sameAs":["https:\/\/www.facebook.com\/hosteleo","https:\/\/x.com\/hosteleo","https:\/\/www.instagram.com\/hosteleo\/","https:\/\/es.linkedin.com\/company\/hosteleo-com"]},{"@type":"Person","@id":"https:\/\/hosteleo.com\/blog\/#\/schema\/person\/79ebcc3f4d55b944b967a365a656f908","name":"Lucia Mendez","image":{"@type":"ImageObject","inLanguage":"es","@id":"https:\/\/secure.gravatar.com\/avatar\/939287419fd9cfab10c87d595914d23a9b8797cd8fd6219748cc4e95cbd92fca?s=96&d=mm&r=g","url":"https:\/\/secure.gravatar.com\/avatar\/939287419fd9cfab10c87d595914d23a9b8797cd8fd6219748cc4e95cbd92fca?s=96&d=mm&r=g","contentUrl":"https:\/\/secure.gravatar.com\/avatar\/939287419fd9cfab10c87d595914d23a9b8797cd8fd6219748cc4e95cbd92fca?s=96&d=mm&r=g","caption":"Lucia Mendez"},"url":"https:\/\/hosteleo.com\/blog\/author\/lucia-mendez\/"}]}},"amp_enabled":true,"_links":{"self":[{"href":"https:\/\/hosteleo.com\/blog\/wp-json\/wp\/v2\/posts\/7453","targetHints":{"allow":["GET"]}}],"collection":[{"href":"https:\/\/hosteleo.com\/blog\/wp-json\/wp\/v2\/posts"}],"about":[{"href":"https:\/\/hosteleo.com\/blog\/wp-json\/wp\/v2\/types\/post"}],"author":[{"embeddable":true,"href":"https:\/\/hosteleo.com\/blog\/wp-json\/wp\/v2\/users\/8"}],"replies":[{"embeddable":true,"href":"https:\/\/hosteleo.com\/blog\/wp-json\/wp\/v2\/comments?post=7453"}],"version-history":[{"count":3,"href":"https:\/\/hosteleo.com\/blog\/wp-json\/wp\/v2\/posts\/7453\/revisions"}],"predecessor-version":[{"id":7468,"href":"https:\/\/hosteleo.com\/blog\/wp-json\/wp\/v2\/posts\/7453\/revisions\/7468"}],"wp:featuredmedia":[{"embeddable":true,"href":"https:\/\/hosteleo.com\/blog\/wp-json\/wp\/v2\/media\/7462"}],"wp:attachment":[{"href":"https:\/\/hosteleo.com\/blog\/wp-json\/wp\/v2\/media?parent=7453"}],"wp:term":[{"taxonomy":"category","embeddable":true,"href":"https:\/\/hosteleo.com\/blog\/wp-json\/wp\/v2\/categories?post=7453"},{"taxonomy":"post_tag","embeddable":true,"href":"https:\/\/hosteleo.com\/blog\/wp-json\/wp\/v2\/tags?post=7453"}],"curies":[{"name":"wp","href":"https:\/\/api.w.org\/{rel}","templated":true}]}}